{"id":132244,"date":"2026-01-03T08:10:06","date_gmt":"2026-01-03T08:10:06","guid":{"rendered":"https:\/\/www.europesays.com\/fi\/132244\/"},"modified":"2026-01-03T08:10:06","modified_gmt":"2026-01-03T08:10:06","slug":"nelja-kuoli-helikopteriturmassa-arizonan-vuorilla-uutisia-lyhyesti","status":"publish","type":"post","link":"https:\/\/www.europesays.com\/fi\/132244\/","title":{"rendered":"Nelj\u00e4 kuoli helikopteriturmassa Arizonan vuorilla | Uutisia lyhyesti"},"content":{"rendered":"<p class=\"aw-1gybjub aw-1p7kakr kEtdKx cEmitX yle__article__paragraph\">Yhdysvalloissa nelj\u00e4 ihmist\u00e4 kuoli, kun helikopteri sy\u00f6ksyi maahan perjantaina Arizonan vuoristossa.<\/p>\n<p class=\"aw-1gybjub aw-1p7kakr kEtdKx cEmitX yle__article__paragraph\">Pinalin piirikunnan sheriffinviraston mukaan onnettomuus tapahtui Telegraph Canyonin l\u00e4hell\u00e4 runsaan sadan kilometrin p\u00e4\u00e4ss\u00e4 Phoenixista noin kello 11 aamup\u00e4iv\u00e4ll\u00e4 paikallista aikaa.<\/p>\n<p class=\"aw-1gybjub aw-1p7kakr kEtdKx cEmitX yle__article__paragraph\">Kaikki helikopterissa olleet nelj\u00e4 henkil\u00f6\u00e4 menehtyiv\u00e4t. Uhrien joukossa oli 59-vuotias lent\u00e4j\u00e4, kaksi 21-vuotiasta naista ja yksi 22-vuotias nainen, sheriffinvirasto tiedotti.<\/p>\n<p class=\"aw-1gybjub aw-1p7kakr kEtdKx cEmitX yle__article__paragraph\">Yhdysvaltain ilmailuvirasto (FAA) ja kansallinen liikenneturvallisuuslautakunta (NTSB) ovat aloittaneet tutkimuksen onnettomuuden syyst\u00e4.<\/p>\n<p class=\"aw-1gybjub aw-1p7kakr kEtdKx cEmitX yle__article__paragraph\">L\u00e4hde: AP<\/p>\n","protected":false},"excerpt":{"rendered":"Yhdysvalloissa nelj\u00e4 ihmist\u00e4 kuoli, kun helikopteri sy\u00f6ksyi maahan perjantaina Arizonan vuoristossa. Pinalin piirikunnan sheriffinviraston mukaan onnettomuus tapahtui Telegraph&hellip;\n","protected":false},"author":2,"featured_media":74,"comment_status":"","ping_status":"","sticky":false,"template":"","format":"standard","meta":{"footnotes":""},"categories":[14],"tags":[10892,22,23,26,27,33,31,30,17,23328,4706,24,25,28,29,15,837,18,21,32,19,20,56,16,59,60,61],"class_list":{"0":"post-132244","1":"post","2":"type-post","3":"status-publish","4":"format-standard","5":"has-post-thumbnail","7":"category-ulkomaat","8":"tag-arizona","9":"tag-breaking-news","10":"tag-breakingnews","11":"tag-featured-news","12":"tag-featurednews","13":"tag-fi","14":"tag-finland","15":"tag-finnish","16":"tag-headlines","17":"tag-helikopterionnettomuus","18":"tag-ilmailu","19":"tag-latest-news","20":"tag-latestnews","21":"tag-main-news","22":"tag-mainnews","23":"tag-news","24":"tag-onnettomuudet","25":"tag-otsikot","26":"tag-paauutiset","27":"tag-suomi","28":"tag-top-stories","29":"tag-topstories","30":"tag-ulkomaat","31":"tag-uutiset","32":"tag-world","33":"tag-world-news","34":"tag-worldnews"},"share_on_mastodon":{"url":"https:\/\/pubeurope.com\/@fi\/115830156404884565","error":""},"_links":{"self":[{"href":"https:\/\/www.europesays.com\/fi\/wp-json\/wp\/v2\/posts\/132244","targetHints":{"allow":["GET"]}}],"collection":[{"href":"https:\/\/www.europesays.com\/fi\/wp-json\/wp\/v2\/posts"}],"about":[{"href":"https:\/\/www.europesays.com\/fi\/wp-json\/wp\/v2\/types\/post"}],"author":[{"embeddable":true,"href":"https:\/\/www.europesays.com\/fi\/wp-json\/wp\/v2\/users\/2"}],"replies":[{"embeddable":true,"href":"https:\/\/www.europesays.com\/fi\/wp-json\/wp\/v2\/comments?post=132244"}],"version-history":[{"count":0,"href":"https:\/\/www.europesays.com\/fi\/wp-json\/wp\/v2\/posts\/132244\/revisions"}],"wp:featuredmedia":[{"embeddable":true,"href":"https:\/\/www.europesays.com\/fi\/wp-json\/wp\/v2\/media\/74"}],"wp:attachment":[{"href":"https:\/\/www.europesays.com\/fi\/wp-json\/wp\/v2\/media?parent=132244"}],"wp:term":[{"taxonomy":"category","embeddable":true,"href":"https:\/\/www.europesays.com\/fi\/wp-json\/wp\/v2\/categories?post=132244"},{"taxonomy":"post_tag","embeddable":true,"href":"https:\/\/www.europesays.com\/fi\/wp-json\/wp\/v2\/tags?post=132244"}],"curies":[{"name":"wp","href":"https:\/\/api.w.org\/{rel}","templated":true}]}}