{"id":132247,"date":"2026-01-03T08:12:07","date_gmt":"2026-01-03T08:12:07","guid":{"rendered":"https:\/\/www.europesays.com\/fi\/132247\/"},"modified":"2026-01-03T08:12:07","modified_gmt":"2026-01-03T08:12:07","slug":"nhlssa-historiankirjat-uusiksi-mtv-uutiset","status":"publish","type":"post","link":"https:\/\/www.europesays.com\/fi\/132247\/","title":{"rendered":"NHL:ss\u00e4 historiankirjat uusiksi | MTV Uutiset"},"content":{"rendered":"<p>J\u00e4\u00e4kiekon NHL:ss\u00e4 New York Rangers kaatoi Florida Panthersin selvin lukemin 5\u20131, kun joukkueet kohtasivat ulkoilmaottelussa Miamissa.<\/p>\n<p>Ottelun kirkkaimpana t\u00e4hten\u00e4 loisti Rangersin ruotsalaishy\u00f6kk\u00e4\u00e4j\u00e4 <strong class=\"typography-bold\">Mika Zibanejad<\/strong>, joka teki kolme maalia ja kirjautti kaksi sy\u00f6tt\u00f6pistett\u00e4.<\/p>\n<p>NHL:n mukaan Zibanejadista tuli samalla ensimm\u00e4inen pelaaja, joka on tehnyt hattutempun NHL Winter Classic -ulkoilmaottelussa. Hattutemppu oli h\u00e4nelle NHL-uran yhdeks\u00e4s.<\/p>\n<p>Rangersin riveist\u00e4 vauhdissa oli lis\u00e4ksi <strong class=\"typography-bold\">Artemi Panarin<\/strong>, joka viimeisteli Rangersin kaksi muuta maalia.<\/p>\n<p>Panthersin ainokaisen teki <strong class=\"typography-bold\">Sam Reinhart<\/strong>.<br \/>\u00a0<\/p>\n","protected":false},"excerpt":{"rendered":"J\u00e4\u00e4kiekon NHL:ss\u00e4 New York Rangers kaatoi Florida Panthersin selvin lukemin 5\u20131, kun joukkueet kohtasivat ulkoilmaottelussa Miamissa. Ottelun kirkkaimpana&hellip;\n","protected":false},"author":2,"featured_media":132248,"comment_status":"","ping_status":"","sticky":false,"template":"","format":"standard","meta":{"footnotes":""},"categories":[5],"tags":[22,23,26,27,33,31,30,17,24,25,28,29,15,18,21,32,19,20,16],"class_list":{"0":"post-132247","1":"post","2":"type-post","3":"status-publish","4":"format-standard","5":"has-post-thumbnail","7":"category-otsikot","8":"tag-breaking-news","9":"tag-breakingnews","10":"tag-featured-news","11":"tag-featurednews","12":"tag-fi","13":"tag-finland","14":"tag-finnish","15":"tag-headlines","16":"tag-latest-news","17":"tag-latestnews","18":"tag-main-news","19":"tag-mainnews","20":"tag-news","21":"tag-otsikot","22":"tag-paauutiset","23":"tag-suomi","24":"tag-top-stories","25":"tag-topstories","26":"tag-uutiset"},"share_on_mastodon":{"url":"https:\/\/pubeurope.com\/@fi\/115830164204722964","error":""},"_links":{"self":[{"href":"https:\/\/www.europesays.com\/fi\/wp-json\/wp\/v2\/posts\/132247","targetHints":{"allow":["GET"]}}],"collection":[{"href":"https:\/\/www.europesays.com\/fi\/wp-json\/wp\/v2\/posts"}],"about":[{"href":"https:\/\/www.europesays.com\/fi\/wp-json\/wp\/v2\/types\/post"}],"author":[{"embeddable":true,"href":"https:\/\/www.europesays.com\/fi\/wp-json\/wp\/v2\/users\/2"}],"replies":[{"embeddable":true,"href":"https:\/\/www.europesays.com\/fi\/wp-json\/wp\/v2\/comments?post=132247"}],"version-history":[{"count":0,"href":"https:\/\/www.europesays.com\/fi\/wp-json\/wp\/v2\/posts\/132247\/revisions"}],"wp:featuredmedia":[{"embeddable":true,"href":"https:\/\/www.europesays.com\/fi\/wp-json\/wp\/v2\/media\/132248"}],"wp:attachment":[{"href":"https:\/\/www.europesays.com\/fi\/wp-json\/wp\/v2\/media?parent=132247"}],"wp:term":[{"taxonomy":"category","embeddable":true,"href":"https:\/\/www.europesays.com\/fi\/wp-json\/wp\/v2\/categories?post=132247"},{"taxonomy":"post_tag","embeddable":true,"href":"https:\/\/www.europesays.com\/fi\/wp-json\/wp\/v2\/tags?post=132247"}],"curies":[{"name":"wp","href":"https:\/\/api.w.org\/{rel}","templated":true}]}}