{"id":132256,"date":"2026-01-03T08:32:11","date_gmt":"2026-01-03T08:32:11","guid":{"rendered":"https:\/\/www.europesays.com\/fi\/132256\/"},"modified":"2026-01-03T08:32:11","modified_gmt":"2026-01-03T08:32:11","slug":"emma-thompsonin-nayttelijatytar-gaia-wise-vei-suomesta-tuliaisina-yllattaviakin-asioita","status":"publish","type":"post","link":"https:\/\/www.europesays.com\/fi\/132256\/","title":{"rendered":"Emma Thompsonin n\u00e4yttelij\u00e4tyt\u00e4r Gaia Wise vei Suomesta tuliaisina yll\u00e4tt\u00e4vi\u00e4kin asioita"},"content":{"rendered":"<p>N\u00e4yttelij\u00e4 <strong>Emma Thompson<\/strong> n\u00e4hd\u00e4\u00e4n Suomessa kuvatussa Syd\u00e4ntalvi-elokuvassa, mutta niin n\u00e4hd\u00e4\u00e4n my\u00f6s Thompsonin tyt\u00e4r, 26-vuotias<strong> Gaia Wise<\/strong>.<\/p>\n<p>Thompson tapasi n\u00e4yttelij\u00e4puolisonsa<strong> Greg Wisen<\/strong> <a href=\"https:\/\/www.imdb.com\/title\/tt0114388\/\" target=\"_blank\" rel=\"noreferrer noopener nofollow\">J\u00e4rki ja tunteet -elokuvan<\/a> (1995) kuvauksissa. Kuten vanhempansa, my\u00f6s Gaia haluaa luoda uransa n\u00e4yttelij\u00e4n\u00e4.<\/p>\n<p>Menestyneet n\u00e4yttelij\u00e4vanhemmat eiv\u00e4t kuitenkaan ole tuoneet paineta.<\/p>\n<p>\u201dOlen etuoikeutettu, koska olen p\u00e4\u00e4ssyt vanhempieni kuvauspaikoille ollessani pieni. N\u00e4in miten he ty\u00f6skenteliv\u00e4t, miten paljon he antoivat itsest\u00e4\u00e4n jokaisessa projektissa. Se toi minulle hyv\u00e4n ty\u00f6etiikan\u201d, Gaia Wise sanoo.<\/p>\n<p>    <a href=\"https:\/\/seura.fi\/wp-content\/uploads\/2026\/01\/8502608-scaled.jpg\" rel=\"nofollow noopener\" target=\"_blank\"><img loading=\"lazy\" decoding=\"async\" alt=\"\" class=\"wp-image-2137488 awpo-lqip awpo-lazy\" width=\"1720\" height=\"2560\" style=\"--aspect-ratio: 0.67\" src=\"https:\/\/www.europesays.com\/fi\/wp-content\/uploads\/2026\/01\/8502608-scaled.jpg\"\/><\/a><br \/>\n      Punaisella matolla Syd\u00e4ntalven Suomen ensi-illassa n\u00e4htiin Greg Wise, Emma Thompson ja Gaia Wise.      <\/p>\n<p>          \u00a9 Tiia Ahjotuli        <\/p>\n<p>Piirroksia Kolista is\u00e4n kanssa<\/p>\n<p><a href=\"https:\/\/cinemanse.fi\/project\/sydantalvi\/\" target=\"_blank\" rel=\"noreferrer noopener nofollow\">Syd\u00e4ntalvessa<\/a> Gaia n\u00e4yttelee samaa hahmoa kuin \u00e4itins\u00e4, mutta nuorempana. \u00c4iti ja tyt\u00e4r loivat Barb\u2019n hahmon yhdess\u00e4.<\/p>\n<p>Ik\u00e4eroa i\u00e4kk\u00e4\u00e4mm\u00e4n ja nuoremman Barb\u2019n v\u00e4lill\u00e4 on noin 40 vuotta. Haasteena oli luoda uskottava kehityskaari hahmolle, jotta yleis\u00f6 my\u00f6t\u00e4el\u00e4isi Barb\u2019n el\u00e4m\u00e4\u00e4.<\/p>\n<p>\u201dPienet asiat, kuten kuinka h\u00e4n tapasi miehens\u00e4 tai k\u00e4vi koulua, vaikuttavat siihen, miten katsojat n\u00e4kev\u00e4t hahmon. Mietimme \u00e4itini kanssa yhdess\u00e4 n\u00e4it\u00e4 asioita. Se auttoi meit\u00e4 molempia omissa t\u00f6iss\u00e4mmekin.\u201d<\/p>\n<p>Kun elokuvaa kuvattiin Kolilla ja Pohjois-Karjalassa, my\u00f6s Gaian is\u00e4 oli Suomessa. Vastaavia maisemia nuori n\u00e4yttelij\u00e4 ei ollut koskaan n\u00e4hnyt aiemmin.<\/p>\n<p>\u201dIs\u00e4ni ja min\u00e4 piirsimme paljon matkalla. Olen kotoisin Lontoosta ja Skotlannista, ja se ymp\u00e4rist\u00f6 tuntui niin eriskummalliselta kauniilla tavalla. Maiseman kuvauksellisuus ja lumen painosta kaarteella olevat puut j\u00e4iv\u00e4t mieleeni ikuiseksi ajaksi.\u201d<\/p>\n<p>    <a href=\"https:\/\/seura.fi\/wp-content\/uploads\/2025\/12\/emma-thompsonin-tytar_088-scaled.jpg\" rel=\"nofollow noopener\" target=\"_blank\"><img loading=\"lazy\" decoding=\"async\" alt=\"\" class=\"wp-image-2135617 awpo-lqip awpo-lazy\" width=\"1788\" height=\"2560\" style=\"--aspect-ratio: 0.7\" src=\"https:\/\/www.europesays.com\/fi\/wp-content\/uploads\/2026\/01\/emma-thompsonin-tytar_088-scaled.jpg\"\/><\/a><br \/>\n      Emma Thompson ja h\u00e4nen tytt\u00e4rens\u00e4 Gaia Wise poseerasivat helsinkil\u00e4isess\u00e4 hotellissa Marimekko yll\u00e4\u00e4n. Kaksikko edusti koko matkan suomalaisbr\u00e4ndeiss\u00e4.      <\/p>\n<p>          \u00a9 Tommi Tuomi        <\/p>\n<p>Gaia Wise ep\u00e4ili, voiko savusauna olla terveellinen<\/p>\n<p>Gaia Wise muistelee Suomen kauneutta, mutta my\u00f6s tapaamiaan ihmisi\u00e4.<\/p>\n<p>H\u00e4n kuvailee suomalaisia omaper\u00e4isiksi, mutta pelk\u00e4st\u00e4\u00e4n hyv\u00e4ll\u00e4 tavalla. Gaia sanoo, ett\u00e4 pit\u00e4\u00e4 kaikkia eksentrisi\u00e4 ihmisi\u00e4 yst\u00e4vin\u00e4\u00e4n.<\/p>\n<p>\u201dKun opin tuntemaan kuvausryhm\u00e4n j\u00e4seni\u00e4 ja kuskeja, tajusin kuinka avoimia ja hauskoja suomalaiset ovat. Saunojen pit\u00e4j\u00e4t rakastivat esitell\u00e4 erikoisuuttaan ulkomaalaisille ja katsoa, kun kokeilemme niit\u00e4.\u201d<\/p>\n<p>Vaikka Gaia pit\u00e4\u00e4kin enemm\u00e4n normaalista suomalaisesta saunasta, savusauna yll\u00e4tti h\u00e4net. Aluksi n\u00e4yttelij\u00e4 ei voinut edes uskoa, ett\u00e4 savusaunassa istuminen voi olla terveellist\u00e4.<\/p>\n<p>Kokemuksista mieleen j\u00e4i my\u00f6s <a href=\"https:\/\/seura.fi\/terveys\/10-kysymysta\/asiantuntija-vinkkaa-nain-aloitat-avantouinnin-oikein-ja-valtat-vaaranpaikat-kylmauinti-auttaa-nivelreumaa-ja-fibromyalgiaa-sairastavia\/\" rel=\"nofollow noopener\" target=\"_blank\">avantouinti<\/a>, josta Gaia nautti. Kokemusten lis\u00e4ksi kotiin l\u00e4hti my\u00f6s fyysisi\u00e4 asioita.<\/p>\n<p>\u201dVein kotiin paljon kauniita k\u00e4sit\u00f6it\u00e4 Joensuusta ja liukuesteit\u00e4 kenkiin. Sain melkein varastettua kuvauksista j\u00e4\u00e4keng\u00e4t, mutta j\u00e4in kiinni\u201d, Gaia sanoo hymyillen.<\/p>\n<p><a href=\"https:\/\/seura.fi\/viihde\/julkkikset\/emma-thompson\/\" target=\"_blank\" rel=\"noreferrer noopener nofollow\">Lue my\u00f6s: Emma Thompson oivalsi yll\u00e4tt\u00e4v\u00e4n asian polvet verill\u00e4 Kolin j\u00e4\u00e4ll\u00e4 \u2013 Paljastaa my\u00f6s mit\u00e4 arkista vei Suomesta mukanaan kotiin<\/a><\/p>\n<p>    <a href=\"https:\/\/seura.fi\/wp-content\/uploads\/2025\/12\/nimeton-malli-58-1.jpg\" rel=\"nofollow noopener\" target=\"_blank\"><img loading=\"lazy\" decoding=\"async\" alt=\"\" class=\"wp-image-2135614 awpo-lqip awpo-lazy\" width=\"2100\" height=\"1400\" style=\"--aspect-ratio: 1.5\" src=\"https:\/\/www.europesays.com\/fi\/wp-content\/uploads\/2026\/01\/nimeton-malli-58-1.jpg\"\/><\/a><br \/>\n      Kaksinkertainen Oscar-voittaja Emma Thompson rakastui Suomeen.      <\/p>\n<p>          \u00a9 Tommi Tuomi        <\/p>\n","protected":false},"excerpt":{"rendered":"N\u00e4yttelij\u00e4 Emma Thompson n\u00e4hd\u00e4\u00e4n Suomessa kuvatussa Syd\u00e4ntalvi-elokuvassa, mutta niin n\u00e4hd\u00e4\u00e4n my\u00f6s Thompsonin tyt\u00e4r, 26-vuotias Gaia Wise. Thompson tapasi&hellip;\n","protected":false},"author":2,"featured_media":132257,"comment_status":"","ping_status":"","sticky":false,"template":"","format":"standard","meta":{"footnotes":""},"categories":[130],"tags":[155,137,33,31,30,1254,622,8754,3685,32,109],"class_list":{"0":"post-132256","1":"post","2":"type-post","3":"status-publish","4":"format-standard","5":"has-post-thumbnail","7":"category-viihde","8":"tag-elokuvat","9":"tag-entertainment","10":"tag-fi","11":"tag-finland","12":"tag-finnish","13":"tag-koli","14":"tag-nayttelijat","15":"tag-saunat","16":"tag-suomalaiset","17":"tag-suomi","18":"tag-viihde"},"share_on_mastodon":{"url":"https:\/\/pubeurope.com\/@fi\/115830242932050871","error":""},"_links":{"self":[{"href":"https:\/\/www.europesays.com\/fi\/wp-json\/wp\/v2\/posts\/132256","targetHints":{"allow":["GET"]}}],"collection":[{"href":"https:\/\/www.europesays.com\/fi\/wp-json\/wp\/v2\/posts"}],"about":[{"href":"https:\/\/www.europesays.com\/fi\/wp-json\/wp\/v2\/types\/post"}],"author":[{"embeddable":true,"href":"https:\/\/www.europesays.com\/fi\/wp-json\/wp\/v2\/users\/2"}],"replies":[{"embeddable":true,"href":"https:\/\/www.europesays.com\/fi\/wp-json\/wp\/v2\/comments?post=132256"}],"version-history":[{"count":0,"href":"https:\/\/www.europesays.com\/fi\/wp-json\/wp\/v2\/posts\/132256\/revisions"}],"wp:featuredmedia":[{"embeddable":true,"href":"https:\/\/www.europesays.com\/fi\/wp-json\/wp\/v2\/media\/132257"}],"wp:attachment":[{"href":"https:\/\/www.europesays.com\/fi\/wp-json\/wp\/v2\/media?parent=132256"}],"wp:term":[{"taxonomy":"category","embeddable":true,"href":"https:\/\/www.europesays.com\/fi\/wp-json\/wp\/v2\/categories?post=132256"},{"taxonomy":"post_tag","embeddable":true,"href":"https:\/\/www.europesays.com\/fi\/wp-json\/wp\/v2\/tags?post=132256"}],"curies":[{"name":"wp","href":"https:\/\/api.w.org\/{rel}","templated":true}]}}