{"id":132258,"date":"2026-01-03T08:33:07","date_gmt":"2026-01-03T08:33:07","guid":{"rendered":"https:\/\/www.europesays.com\/fi\/132258\/"},"modified":"2026-01-03T08:33:07","modified_gmt":"2026-01-03T08:33:07","slug":"luonto-kuvaan-suomen-ensimmainen-kiharapelikaani-ja-162-muuta-lintulajia-taydensivat-viime-vuonna-jussi-murtosaaren-kuva-arkistoa-teemat","status":"publish","type":"post","link":"https:\/\/www.europesays.com\/fi\/132258\/","title":{"rendered":"Luonto kuvaan | Suomen ensimm\u00e4inen kiharapelikaani ja 162 muuta lintulajia t\u00e4ydensiv\u00e4t viime vuonna Jussi Murtosaaren kuva-arkistoa | Teemat"},"content":{"rendered":"<p>Linnut olivat aikaisempaan tapaan viime vuoden kuvatuimpia kohteitani. Kuvasin yhteens\u00e4 163 lintulajia, joka ei ole l\u00e4hell\u00e4k\u00e4\u00e4n parhaita vuosia, mutta selv\u00e4sti edellist\u00e4 vuotta enemm\u00e4n. Vuoteen mahtui my\u00f6s yksi aivan uusi laji sek\u00e4 monia muita pysyv\u00e4sti mieleen j\u00e4\u00e4vi\u00e4 kohtaamisia.<\/p>\n<p><strong class=\"diks-storyline__impact\">Parkano 19.2.<\/strong>, melko aurinkoinen talvip\u00e4iv\u00e4.<\/p>\n<p>Olin toista kertaa kollegani kotkakojussa. Edellinen vierailu reilut pari viikkoa aiemmin oli ollut l\u00e4hinn\u00e4 kokemuksen hakua, sill\u00e4 kotkia ei n\u00e4kynyt. Onneksi reissulla oli takuu eli uusi kuvausmahdollisuus, jos kotkat eiv\u00e4t ilmaannu paikalle.<\/p>\n<p>Toisella kerralla huolestutti v\u00e4h\u00e4n, mutta ankara vastavalo houkutteli yritt\u00e4m\u00e4\u00e4n lentokuvia paikalla py\u00f6rivist\u00e4 n\u00e4rhist\u00e4 ja tiaisista.<\/p>\n","protected":false},"excerpt":{"rendered":"Linnut olivat aikaisempaan tapaan viime vuoden kuvatuimpia kohteitani. Kuvasin yhteens\u00e4 163 lintulajia, joka ei ole l\u00e4hell\u00e4k\u00e4\u00e4n parhaita vuosia,&hellip;\n","protected":false},"author":2,"featured_media":132259,"comment_status":"","ping_status":"","sticky":false,"template":"","format":"standard","meta":{"footnotes":""},"categories":[112],"tags":[404,824,33,31,30,425,2315,2316,1249,118,591,32,119],"class_list":{"0":"post-132258","1":"post","2":"type-post","3":"status-publish","4":"format-standard","5":"has-post-thumbnail","7":"category-tiede","8":"tag-elaimet","9":"tag-era-ja-luonto","10":"tag-fi","11":"tag-finland","12":"tag-finnish","13":"tag-jyvaskyla","14":"tag-kalaruoat","15":"tag-luonto-kuvaan","16":"tag-parainen","17":"tag-science","18":"tag-selkarankaiset","19":"tag-suomi","20":"tag-tiede"},"share_on_mastodon":{"url":"https:\/\/pubeurope.com\/@fi\/115830246799669440","error":""},"_links":{"self":[{"href":"https:\/\/www.europesays.com\/fi\/wp-json\/wp\/v2\/posts\/132258","targetHints":{"allow":["GET"]}}],"collection":[{"href":"https:\/\/www.europesays.com\/fi\/wp-json\/wp\/v2\/posts"}],"about":[{"href":"https:\/\/www.europesays.com\/fi\/wp-json\/wp\/v2\/types\/post"}],"author":[{"embeddable":true,"href":"https:\/\/www.europesays.com\/fi\/wp-json\/wp\/v2\/users\/2"}],"replies":[{"embeddable":true,"href":"https:\/\/www.europesays.com\/fi\/wp-json\/wp\/v2\/comments?post=132258"}],"version-history":[{"count":0,"href":"https:\/\/www.europesays.com\/fi\/wp-json\/wp\/v2\/posts\/132258\/revisions"}],"wp:featuredmedia":[{"embeddable":true,"href":"https:\/\/www.europesays.com\/fi\/wp-json\/wp\/v2\/media\/132259"}],"wp:attachment":[{"href":"https:\/\/www.europesays.com\/fi\/wp-json\/wp\/v2\/media?parent=132258"}],"wp:term":[{"taxonomy":"category","embeddable":true,"href":"https:\/\/www.europesays.com\/fi\/wp-json\/wp\/v2\/categories?post=132258"},{"taxonomy":"post_tag","embeddable":true,"href":"https:\/\/www.europesays.com\/fi\/wp-json\/wp\/v2\/tags?post=132258"}],"curies":[{"name":"wp","href":"https:\/\/api.w.org\/{rel}","templated":true}]}}