{"id":13226,"date":"2025-08-22T14:42:07","date_gmt":"2025-08-22T14:42:07","guid":{"rendered":"https:\/\/www.europesays.com\/fi\/13226\/"},"modified":"2025-08-22T14:42:07","modified_gmt":"2025-08-22T14:42:07","slug":"mtv-salibandyn-vedonlyontiskandaali-paisuu-edelleen-jopa-sataa-henkiloa-epaillaan-urheilu","status":"publish","type":"post","link":"https:\/\/www.europesays.com\/fi\/13226\/","title":{"rendered":"MTV: Salibandyn vedonly\u00f6ntiskandaali paisuu edelleen \u2013 jopa sataa henkil\u00f6\u00e4 ep\u00e4ill\u00e4\u00e4n | Urheilu"},"content":{"rendered":"<p class=\"sc-jYczwO sc-dNFkOE bUKqJd eiHPxO yle__article__paragraph\">Suomalainen salibandyskandaali on Suekin mukaan isompi kuin alun perin luultiin.<\/p>\n<p><img decoding=\"async\" alt=\"Salibandyn F-liigan logo. \" src=\"https:\/\/www.europesays.com\/fi\/wp-content\/uploads\/2025\/08\/39-12000156552717d4dfad.jpeg\" class=\"sc-dntSTA iywpZY\"\/><\/p>\n<p>Avaa kuvien katselu<\/p>\n<p>Vedonly\u00f6ntirikkomuksista ep\u00e4ill\u00e4\u00e4n noin sataa pelaajaa ja toimihenkil\u00f6\u00e4. Kuva: Jaakko Stenroos \/ All Over Press<\/p>\n<p class=\"sc-jYczwO sc-ciCoXh bUKqJd cIOueB yle__article__paragraph\">Aiemmin kes\u00e4ll\u00e4 uutisoitiin salibandyn vedonly\u00f6ntiskandaalista. <a class=\"sc-jDJeIs gotUgl yle__article__link\" href=\"https:\/\/www.mtvuutiset.fi\/artikkeli\/vedonlyontiskandaali-suomen-huippusalibandyssa-paisunut-jattimaiseksi-hyvin-voimakkaita-vaikutuksia\/9208732\" role=\"link\" rel=\"nofollow noopener\" target=\"_blank\">MTV Urheilun <\/a>tietojen mukaan kyseinen vyyhti on paisunut entisest\u00e4\u00e4n.<\/p>\n<p class=\"sc-jYczwO sc-ciCoXh bUKqJd cIOueB yle__article__paragraph\">Suomen urheilun eettisen keskuksen (Suek) tutkintap\u00e4\u00e4llikk\u00f6 <strong class=\"sc-eEHciv gtNhAX yle__article__strong\">Jouko Ikonen<\/strong> kertoo MTV:lle, ett\u00e4 vedonly\u00f6ntikiellon rikkomisesta ep\u00e4iltyj\u00e4 on selv\u00e4sti enemm\u00e4n mit\u00e4 tutkinnan alkuvaiheessa tuli ilmi.<\/p>\n<p class=\"sc-jYczwO sc-ciCoXh bUKqJd cIOueB yle__article__paragraph\">\u2013 Vedonly\u00f6ntirikkomuksista ep\u00e4iltyjen lukum\u00e4\u00e4r\u00e4 on noussut noin sataan henkil\u00f6\u00f6n ja kaikkiin F-liigassa viime kaudella pelanneisiin seuroihin. Vedonly\u00f6ntim\u00e4\u00e4riss\u00e4 on suurta vaihtelua euron vedoista muutamiin satoihin tai tuhansiin euroihin, Ikonen sanoo.<\/p>\n<p class=\"sc-jYczwO sc-ciCoXh bUKqJd cIOueB yle__article__paragraph\">Kes\u00e4kuussa kerrottiin, ett\u00e4 vedonly\u00f6ntikiellon rikkomisesta ep\u00e4iltyj\u00e4 pelaajia tai muita toimihenkil\u00f6it\u00e4 oli ainakin parikymment\u00e4.<\/p>\n<p class=\"sc-jYczwO sc-ciCoXh bUKqJd cIOueB yle__article__paragraph\">Salibandyliiton toiminnanjohtaja <strong class=\"sc-eEHciv gtNhAX yle__article__strong\">Riku Tapio<\/strong> arvelee MTV Urheilulle, ett\u00e4 kilpailukieltojen vaikutukset F-liigassa voivat olla merkitt\u00e4vi\u00e4.<\/p>\n<p class=\"sc-jYczwO sc-ciCoXh bUKqJd cIOueB yle__article__paragraph\">\u2013 Se saattaa heilauttaa voimasuhteita hyvinkin voimakkaasti, ja tullaan siihen perustavanlaatuiseen kysymykseen, ett\u00e4 jos rangaistuksia tulee hyvin laajalle, se saattaa joitain seuroja haastaa ihan siin\u00e4, ett\u00e4 miten riitt\u00e4\u00e4 pelaajia peluutettavaksi, Tapio toteaa.<\/p>\n<p class=\"sc-jYczwO sc-ciCoXh bUKqJd cIOueB yle__article__paragraph\">Tutkimuksissa esiin on noussut kaksi ottelua, Suomi\u2013Norja, pelattiin viime joulukuussa 2024 miesten MM-kisoissa ja toinen, Classic\u2013SPV, miesten F-liigan pudotuspeleiss\u00e4 kev\u00e4\u00e4ll\u00e4 2025.<\/p>\n","protected":false},"excerpt":{"rendered":"Suomalainen salibandyskandaali on Suekin mukaan isompi kuin alun perin luultiin. Avaa kuvien katselu Vedonly\u00f6ntirikkomuksista ep\u00e4ill\u00e4\u00e4n noin sataa pelaajaa&hellip;\n","protected":false},"author":2,"featured_media":13227,"comment_status":"","ping_status":"","sticky":false,"template":"","format":"standard","meta":{"footnotes":""},"categories":[158],"tags":[5476,33,31,30,5472,159,5474,32,160,5473,5475],"class_list":{"0":"post-13226","1":"post","2":"type-post","3":"status-publish","4":"format-standard","5":"has-post-thumbnail","7":"category-urheilu","8":"tag-f-liiga-miehet","9":"tag-fi","10":"tag-finland","11":"tag-finnish","12":"tag-salibandy","13":"tag-sports","14":"tag-suomen-salibandy","15":"tag-suomi","16":"tag-urheilu","17":"tag-urheiluvedonlyonti","18":"tag-veikkaus-rahapelit"},"share_on_mastodon":{"url":"","error":""},"_links":{"self":[{"href":"https:\/\/www.europesays.com\/fi\/wp-json\/wp\/v2\/posts\/13226","targetHints":{"allow":["GET"]}}],"collection":[{"href":"https:\/\/www.europesays.com\/fi\/wp-json\/wp\/v2\/posts"}],"about":[{"href":"https:\/\/www.europesays.com\/fi\/wp-json\/wp\/v2\/types\/post"}],"author":[{"embeddable":true,"href":"https:\/\/www.europesays.com\/fi\/wp-json\/wp\/v2\/users\/2"}],"replies":[{"embeddable":true,"href":"https:\/\/www.europesays.com\/fi\/wp-json\/wp\/v2\/comments?post=13226"}],"version-history":[{"count":0,"href":"https:\/\/www.europesays.com\/fi\/wp-json\/wp\/v2\/posts\/13226\/revisions"}],"wp:featuredmedia":[{"embeddable":true,"href":"https:\/\/www.europesays.com\/fi\/wp-json\/wp\/v2\/media\/13227"}],"wp:attachment":[{"href":"https:\/\/www.europesays.com\/fi\/wp-json\/wp\/v2\/media?parent=13226"}],"wp:term":[{"taxonomy":"category","embeddable":true,"href":"https:\/\/www.europesays.com\/fi\/wp-json\/wp\/v2\/categories?post=13226"},{"taxonomy":"post_tag","embeddable":true,"href":"https:\/\/www.europesays.com\/fi\/wp-json\/wp\/v2\/tags?post=13226"}],"curies":[{"name":"wp","href":"https:\/\/api.w.org\/{rel}","templated":true}]}}