{"id":132264,"date":"2026-01-03T08:37:13","date_gmt":"2026-01-03T08:37:13","guid":{"rendered":"https:\/\/www.europesays.com\/fi\/132264\/"},"modified":"2026-01-03T08:37:13","modified_gmt":"2026-01-03T08:37:13","slug":"kuolleet-hyvinkaalainen-mauri-keinanen-oli-jalkapallomies-joka-oli-mukana-hengastyttavan-monessa-paikalliset","status":"publish","type":"post","link":"https:\/\/www.europesays.com\/fi\/132264\/","title":{"rendered":"Kuolleet | Hyvink\u00e4\u00e4l\u00e4inen Mauri Kein\u00e4nen oli jalkapallomies, joka oli mukana heng\u00e4stytt\u00e4v\u00e4n monessa | Paikalliset"},"content":{"rendered":"<p>Mauri Kein\u00e4nen syntyi Kuusj\u00e4rvell\u00e4, Pohjois-Karjaassa joulukuussa 1947 ty\u00f6l\u00e4isperheeseen. Perheeseen kuului vanhempi sisar, \u00e4iti sek\u00e4 kaivosmiehen\u00e4 ty\u00f6skennellyt is\u00e4.<\/p>\n<p>\u00c4iti menehtyi sangen nuorena Maurin ollessa vain kahden ja puolen vuoden i\u00e4ss\u00e4.<\/p>\n<p>Monivaiheisen lapsuuden j\u00e4lkeen Mauri muutti is\u00e4ns\u00e4 kanssa Tampereelle. Lapsuusvuosien j\u00e4lkeen Mauri k\u00e4vi kansa- ja kansalaiskoulun Riihim\u00e4ell\u00e4 ja varusmiespalveluksen h\u00e4n suoritti Parolan varuskunnassa vapautuen sielt\u00e4 panssarimiehen\u00e4 kev\u00e4\u00e4ll\u00e4 1967.<\/p>\n<p>Majurin, tarkemmin \u201dMatka Majurin\u201d arvonimen h\u00e4n kuitenkin sai my\u00f6hemmin tunnustuksena lukuisten sotahistoriallisten matkojen j\u00e4rjest\u00e4j\u00e4n\u00e4.<\/p>\n<p>Tulevan Seija-vaimonsa Mauri tapasi Rity-talon tanssiparketilla Riihim\u00e4ell\u00e4 ja h\u00e4it\u00e4 saatiin viett\u00e4\u00e4 Hyvink\u00e4\u00e4ll\u00e4 1968. Perheeseen syntyi kaksi poikaa, Rami 1969 ja Mikko 1977. Molemmat pojat ovat valinneet itselleen armeijan urapolun, ollen t\u00e4ll\u00e4 hetkell\u00e4 merkitt\u00e4viss\u00e4 teht\u00e4viss\u00e4 Puolustusvoimain palveluksessa.<\/p>\n<p>Lastenlapsia on siunautunut kolme tytt\u00f6\u00e4 ja yksi poika. Kaikki he ovat olleet Maurin \u201dsyd\u00e4nrakkaita\u201d ja my\u00f6s me kaverit olemme saaneet seurata heid\u00e4n kehittymist\u00e4\u00e4n puhelimen n\u00e4yt\u00f6n kautta.<\/p>\n<p><strong class=\"diks-storyline__impact\">Ty\u00f6uran Mauri<\/strong> aloitti 1967 varastop\u00e4\u00e4llikk\u00f6n\u00e4 Maans\u00e4hk\u00f6 Oy:ss\u00e4. T\u00e4t\u00e4 seurasivat Kaapelitehdas Reka ja vuonna 1982 Vakuutusyhti\u00f6 Sampo. T\u00e4st\u00e4 alkoi my\u00f6s Maurin vakuutusmiesura, jota jatkui eri muodoissa aina vuoteen 2013 \u201dt\u00e4ysin palvelleena\u201d 65 vuoden i\u00e4ss\u00e4.<\/p>\n<p>Ty\u00f6el\u00e4m\u00e4n my\u00f6t\u00e4 Maurille avautui lukematon m\u00e4\u00e4r\u00e4 erilaisia luottamusteht\u00e4vi\u00e4, joista voidaan mainita ainakin Riihim\u00e4en Yritt\u00e4j\u00e4t vuosille 1982\u20132000, jolloin h\u00e4n toimi muun muassa yhdistyksen puheenjohtajana nelj\u00e4n vuoden ajan. H\u00e4meen Yritt\u00e4j\u00e4t ry:n varapuheenjohtajana h\u00e4n toimi 2000\u20132003 ja Hyvink\u00e4\u00e4n Yritt\u00e4j\u00e4t ry:n hallituksen j\u00e4senen\u00e4 2004\u20132007.<\/p>\n<p>Mauri oli my\u00f6s Hyvink\u00e4\u00e4n Yritt\u00e4jien 80-vuotisjuhlavuoden ja historiikkitoimikunnan puheenjohtajana 2004\u20132006. Pitk\u00e4 rupeama oli HyRiLoHa-Yritt\u00e4jien matka- ja tapahtumaty\u00f6ryhm\u00e4n puheenjohtajana 1990\u20132013. Vuodet 2000\u20132010 kuluivat my\u00f6s Riihim\u00e4en\u2013Hyvink\u00e4\u00e4n Kauppakamarissa eri valiokuntien j\u00e4senen\u00e4 ja puheenjohtajana.<\/p>\n<p>Mauri t\u00e4ytti oman aforisminsa t\u00e4ydellisesti: \u201dKukaan ei voi tehd\u00e4 kaikkea, mutta jokainen voi tehd\u00e4 jotakin; ja jos jokainen tekee jotakin \u2013 tulee kaikki tehdysi.\u201d<\/p>\n<p><strong class=\"diks-storyline__impact\">Jalkapallo oli <\/strong>kuitenkin Maurille se kaikkein t\u00e4rkein harrastus. Kun vuonna 1968 Mauri oli muuttanut Hyvink\u00e4\u00e4lle, oli h\u00e4n jo seuraavana vuonna perustamassa jalkapalloseuraa nimelt\u00e4 Top Club Hyvink\u00e4\u00e4 ry.<\/p>\n<p>Hyvink\u00e4\u00e4n Palloseuran toimintaan Mauri l\u00e4hti mukaan 1974 ja toimi mm. hallituksen varapuheenjohtajana, hallituksen j\u00e4senen\u00e4, eri valiokunnissa, edustusjoukkueen joukkueenjohtajana, nappula- ja juniorivalmentajana sek\u00e4 piirikokousedustajana.<\/p>\n<p>Vuonna 2008 h\u00e4net nimitettiin seuran Kunniaj\u00e4seneksi.<\/p>\n<p>Vuosina 1976\u20131980 Mauri toimi my\u00f6s Hyvink\u00e4\u00e4n Nappulaseura ry:n varapuheenjohtajana ja nappulavalmentajana.<\/p>\n<p>Vuonna 1995 Mauri oli vahvasti perustamassa HyPS Concariklubi ry:t\u00e4 toimien seuran sihteerin\u00e4 ja taloudenhoitajana vuoteen 2004 asti. Matkojen, tapahtumien ja j\u00e4senist\u00f6n vaatetusmestarina h\u00e4n toimi aina viimeisiin vuosiin asti.<\/p>\n<p>Seuran kunniaj\u00e4seneksi h\u00e4net kutsuttiin vain muutama viikko ennen poisl\u00e4hd\u00f6n hetke\u00e4.<\/p>\n<p>Riihim\u00e4ell\u00e4 Mauri oli RiPS:n toiminnassa aktiivisesti vuosina 1985\u201386. Riihim\u00e4en Nappulaseuraa h\u00e4n oli perustamassa 1985 ja Hausj\u00e4rven Nappulat ry:t\u00e4 1986. Ja viel\u00e4 Riihim\u00e4en Pappa Soccer ry:n perustajaryhm\u00e4n vet\u00e4j\u00e4n\u00e4 h\u00e4n oli 2007.<\/p>\n<p><strong class=\"diks-storyline__impact\">Jalkapallon valtakunnallisissa <\/strong>j\u00e4rjest\u00f6iss\u00e4 Mauri vaikutti eritt\u00e4in laajalti. Suomen Nappulaliigaliito ry:ss\u00e4 vuosina 1979\u20131997 h\u00e4n toimi mm. hallituksen j\u00e4senen\u00e4, valtakunnallisten leirien ja turnausten johtajana l\u00e4hes kahdenkymmenen vuoden ajan.<\/p>\n<p>Vuonna 1998 h\u00e4net nimettiin kunniaj\u00e4seneksi nr. 5. Suomen Jalkapallovalmentajat ry:ss\u00e4 h\u00e4n toimi hallituksen j\u00e4senen\u00e4 16 vuoden ajan ja varapuheenjohtajana nelj\u00e4 vuotta.<\/p>\n<p>Suomen Palloliiton Uudenmaan Piirin teht\u00e4viss\u00e4 vuosina h\u00e4n vaikutti vuosina 1980\u20132010. Valiokunta- ja projektiteht\u00e4viss\u00e4 h\u00e4n toimi kymmenen vuotta, piirikokousten puheenjohtajana viisi vuotta, piirihallituksen j\u00e4senen\u00e4 seitsem\u00e4n vuotta, ty\u00f6valiokunnassa kuusi vuotta ja lehden toimitusneuvostossa kaksi vuotta.<\/p>\n<p>Vuonna 2018 Mauri nimettiin kunniaj\u00e4seneksi nr. 2 Suomen Palloliitossa. H\u00e4n oli 2006\u20132008 liittovaltuuston j\u00e4sen ja liittokokousedustaja yksitoista vuotta, ansiomerkkivaliokunnan j\u00e4sen kymmenen vuotta. Liiton ainaisj\u00e4seneksi Mauri kutsuttiin vuonna 2009 ja Seuratoimijan timanttimerkin h\u00e4n sain 2020.<\/p>\n<p><strong class=\"diks-storyline__impact\">Kaiken n\u00e4iden<\/strong> lis\u00e4ksi Mauri oli aina valmis uusiin haasteisiin. Suuria kiitoksia saivat mm. SPL:n poika- ja tytt\u00f6maaotteluiden j\u00e4rjest\u00e4minen Hyvink\u00e4\u00e4ll\u00e4 ja Riihim\u00e4ell\u00e4 vuosina 1985\u20132010.<\/p>\n<p>Vuonna 2004 h\u00e4n oli U19-tytt\u00f6jen EM-lopputurnauksen (Saksa, It\u00e4valta Sveitsi ja Suomi) Hyvink\u00e4\u00e4n otteluiden JTK:n puheenjohtajana kuin my\u00f6s 2008 U17-EM-karsintaturnauksessa JTK:n puheenjohtajana.<\/p>\n<p>Vuosina 1985\u20132010 h\u00e4n toimi HyPS:n ja RiPS:n edustajana Jalkapalloilun Sarjaseurat ry:n vuosikokouksissa. Ja viel\u00e4 1996\u20132019 Kultainen Kirves -tapahtuman sihteerin\u00e4 (Viron ja Suomen eduskunnat sek\u00e4 Tallinnan ja Hyvink\u00e4\u00e4n kaupungin).<\/p>\n<p><strong class=\"diks-storyline__impact\">Vahvasti is\u00e4nmaallisena<\/strong> henkil\u00f6n\u00e4 Mauri toimi my\u00f6s Hyvink\u00e4\u00e4n Sotainvalidien tukikillassa hallituksen j\u00e4senen\u00e4 vuosina 2000\u20132010 ja sen jatkeena Hyvink\u00e4\u00e4n Veteraanity\u00f6n PerinneWeljiss\u00e4 varapuheenjohtajana, sihteerin\u00e4, taloudenhoitajana ja sotahistoriallisten matkojen ideoitsijana ja j\u00e4rjest\u00e4j\u00e4n\u00e4.<\/p>\n<p>Hyvink\u00e4\u00e4n Perinnety\u00f6n PerinneWeljien historiakirjan 2002\u20132024 Mauri halusi kirjoittaa ja j\u00e4tt\u00e4\u00e4 muistoksi tuleville sukupolville. N\u00e4m\u00e4 teht\u00e4v\u00e4t h\u00e4n luovutti seuraajalleen vasta viime vuosina huomattuaan heikentyneen terveydentilansa.<\/p>\n<p><strong class=\"diks-storyline__impact\">Ei voisi <\/strong>kuvitellakaan, ett\u00e4 jollain voisi viel\u00e4 n\u00e4iden kaikkien lis\u00e4ksi olla joitain muitakin harrastuksia, mutta nyt vain luettelon omaisesti teht\u00e4v\u00e4t, joissa Mauri on ollut vahvana tekij\u00e4n\u00e4 joko sihteerin\u00e4, hallituksen j\u00e4senen\u00e4 tai puheenjohtajana: Riihim\u00e4en Kallenp\u00e4iv\u00e4t toimikunta, Neuvos-seuran sihteeri, Hyvink\u00e4\u00e4n\u2013Riihim\u00e4en Osakes\u00e4\u00e4st\u00e4j\u00e4t, Hyvink\u00e4\u00e4n Uimalan Saunaseura ja Uudenmaan Seuramatkojen matkanjohtajana.<\/p>\n<p><strong class=\"diks-storyline__impact\">T\u00e4m\u00e4 poikkeuksellisen<\/strong> mittava toiminta ty\u00f6el\u00e4m\u00e4ss\u00e4 ja vapaa-ajalla toi Maurille laajan tuttavapiirin yhteiskunnan eri aloilta. H\u00e4n osasi arvostaa ihmisi\u00e4 tekemisien perusteella, jota h\u00e4n vaati my\u00f6s itselt\u00e4\u00e4n.<\/p>\n<p>Todellisia yst\u00e4vi\u00e4 h\u00e4n laski l\u00e4helleen kuitenkin rajallisesti. Heille h\u00e4n uskaltautui avautua ja olla oma itsens\u00e4: luotettava ja hauska kaveri, joka oli valmis toteuttamaan v\u00e4lill\u00e4 utopistisiakin ideoita. Lukuisilla matkoilla niin koti- kuin ulkomailla saimme nauraa, laulaa karaokea ja nostella maljoja, \u201dmutta ei koskaan sitruunan kera\u201d.<\/p>\n<p>H\u00e4n oli aina valmis antamaan toisille n\u00e4kyvyytt\u00e4 j\u00e4\u00e4den itse sihteerin tai \u201dpuuhamiehen\u201d rooliin. Kuin aavistaen tulevan, h\u00e4n osasi j\u00e4tt\u00e4yty\u00e4 pois lukuisista luottamusteht\u00e4vist\u00e4, kun terveys oli viel\u00e4 hyv\u00e4 ja kaikki asiapaperit olivat t\u00e4ydellisess\u00e4 kunnossa.<\/p>\n<p>Saamme olla h\u00e4nelle kiitollisia ja ylpeit\u00e4 h\u00e4nen eritt\u00e4in merkitt\u00e4v\u00e4st\u00e4 toiminnastaan, ei pelk\u00e4st\u00e4\u00e4n jalkapallon vaan monien yhteiskunnallisten tapahtumien toteuttajana.<\/p>\n<p><strong class=\"diks-storyline__impact\">Mauria j\u00e4iv\u00e4t <\/strong>kaipaamaan Seija-puoliso, pojat puolisoineen sek\u00e4 lastenlapset, sukulaisten ja laaja yst\u00e4v\u00e4piiri.<\/p>\n<p class=\"diks-storyline__additional-information\">Kirjoittajat ovat Mauri Kein\u00e4isen yst\u00e4vi\u00e4 sek\u00e4 HyPS Concariklubi ry:n edustajia<\/p>\n<p>\t\t\t\t\t<img class=\"diks-card__image\" src=\"https:\/\/www.europesays.com\/fi\/wp-content\/uploads\/2026\/01\/11158704.jpg\"   loading=\"lazy\" decoding=\"sync\" alt=\"\"\/><\/p>\n<p>\t\t\t\t\t<img class=\"diks-card__image\" src=\"https:\/\/www.europesays.com\/fi\/wp-content\/uploads\/2026\/01\/11116297.jpg\"   loading=\"lazy\" decoding=\"sync\" alt=\"\"\/><\/p>\n<p>\t\t\t\t\t<img class=\"diks-card__image\" src=\"https:\/\/www.europesays.com\/fi\/wp-content\/uploads\/2026\/01\/6717992.jpg\"   loading=\"lazy\" decoding=\"sync\" alt=\"\"\/><\/p>\n<p>\t\t\t\t\t<img class=\"diks-card__image\" src=\"https:\/\/www.europesays.com\/fi\/wp-content\/uploads\/2026\/01\/2909997.jpg\"   loading=\"lazy\" decoding=\"sync\" alt=\"\"\/><\/p>\n<p>\t\t\t\t\t<img class=\"diks-card__image\" src=\"https:\/\/www.europesays.com\/fi\/wp-content\/uploads\/2026\/01\/2733832.jpg\"   loading=\"lazy\" decoding=\"sync\" alt=\"\"\/><\/p>\n<p>\t\t\t\t\t<img class=\"diks-card__image\" src=\"https:\/\/www.europesays.com\/fi\/wp-content\/uploads\/2026\/01\/1150046.jpg\"   loading=\"lazy\" decoding=\"sync\" alt=\"\"\/><\/p>\n<p>\t\t\t\t\t<img class=\"diks-card__image\" src=\"https:\/\/www.europesays.com\/fi\/wp-content\/uploads\/2026\/01\/1032048.jpg\"   loading=\"lazy\" decoding=\"sync\" alt=\"\"\/><\/p>\n","protected":false},"excerpt":{"rendered":"Mauri Kein\u00e4nen syntyi Kuusj\u00e4rvell\u00e4, Pohjois-Karjaassa joulukuussa 1947 ty\u00f6l\u00e4isperheeseen. Perheeseen kuului vanhempi sisar, \u00e4iti sek\u00e4 kaivosmiehen\u00e4 ty\u00f6skennellyt is\u00e4. \u00c4iti&hellip;\n","protected":false},"author":2,"featured_media":132265,"comment_status":"","ping_status":"","sticky":false,"template":"","format":"standard","meta":{"footnotes":""},"categories":[12],"tags":[22,23,26,27,33,31,30,8711,17,5201,43,683,24,25,41,28,29,15,18,21,1791,2625,32,19,20,16],"class_list":{"0":"post-132264","1":"post","2":"type-post","3":"status-publish","4":"format-standard","5":"has-post-thumbnail","7":"category-suomi","8":"tag-breaking-news","9":"tag-breakingnews","10":"tag-featured-news","11":"tag-featurednews","12":"tag-fi","13":"tag-finland","14":"tag-finnish","15":"tag-hausjarvi","16":"tag-headlines","17":"tag-hyvinkaa","18":"tag-jalkapallo","19":"tag-kuolema","20":"tag-latest-news","21":"tag-latestnews","22":"tag-liikunta-ja-urheilu","23":"tag-main-news","24":"tag-mainnews","25":"tag-news","26":"tag-otsikot","27":"tag-paauutiset","28":"tag-riihimaki","29":"tag-sotahistoria","30":"tag-suomi","31":"tag-top-stories","32":"tag-topstories","33":"tag-uutiset"},"share_on_mastodon":{"url":"https:\/\/pubeurope.com\/@fi\/115830262681215709","error":""},"_links":{"self":[{"href":"https:\/\/www.europesays.com\/fi\/wp-json\/wp\/v2\/posts\/132264","targetHints":{"allow":["GET"]}}],"collection":[{"href":"https:\/\/www.europesays.com\/fi\/wp-json\/wp\/v2\/posts"}],"about":[{"href":"https:\/\/www.europesays.com\/fi\/wp-json\/wp\/v2\/types\/post"}],"author":[{"embeddable":true,"href":"https:\/\/www.europesays.com\/fi\/wp-json\/wp\/v2\/users\/2"}],"replies":[{"embeddable":true,"href":"https:\/\/www.europesays.com\/fi\/wp-json\/wp\/v2\/comments?post=132264"}],"version-history":[{"count":0,"href":"https:\/\/www.europesays.com\/fi\/wp-json\/wp\/v2\/posts\/132264\/revisions"}],"wp:featuredmedia":[{"embeddable":true,"href":"https:\/\/www.europesays.com\/fi\/wp-json\/wp\/v2\/media\/132265"}],"wp:attachment":[{"href":"https:\/\/www.europesays.com\/fi\/wp-json\/wp\/v2\/media?parent=132264"}],"wp:term":[{"taxonomy":"category","embeddable":true,"href":"https:\/\/www.europesays.com\/fi\/wp-json\/wp\/v2\/categories?post=132264"},{"taxonomy":"post_tag","embeddable":true,"href":"https:\/\/www.europesays.com\/fi\/wp-json\/wp\/v2\/tags?post=132264"}],"curies":[{"name":"wp","href":"https:\/\/api.w.org\/{rel}","templated":true}]}}