{"id":132286,"date":"2026-01-03T09:23:11","date_gmt":"2026-01-03T09:23:11","guid":{"rendered":"https:\/\/www.europesays.com\/fi\/132286\/"},"modified":"2026-01-03T09:23:11","modified_gmt":"2026-01-03T09:23:11","slug":"tassa-on-suomen-joukkue-poriin-yhdelle-porilaiselle-pettymys","status":"publish","type":"post","link":"https:\/\/www.europesays.com\/fi\/132286\/","title":{"rendered":"T\u00e4ss\u00e4 on Suomen joukkue Poriin \u2013 Yhdelle porilaiselle pettymys"},"content":{"rendered":"<p>Miesten MM-joukkueessa on vain yksi ensikertalainen.<\/p>\n<p>2.1. 14:21<\/p>\n<p class=\"article-body mb-nof-24 px-nof-16\">Pori<\/p>\n<p class=\"article-body mb-nof-24 px-nof-16\">P\u00e4\u00e4valmentaja <a class=\"font-bold underline-offset-[0.12em] [text-decoration:var(--person-link-text-decoration)] ![text-decoration-color:var(--person-link-text-decoration-color)]\" href=\"https:\/\/www.satakunnankansa.fi\/haku\/?query=Ari%20Holopainen\" rel=\"nofollow noopener\" target=\"_blank\">Ari Holopainen<\/a> on nimennyt Suomen miesten lopullisen ryhm\u00e4n Porissa pelattaviin j\u00e4\u00e4pallon MM-kisoihin.<\/p>\n<p class=\"article-body mb-nof-24 px-nof-16\">Mukana ovat Ruotsissa seurajoukkuetasolla pelaavat porilaiskasvatit <a class=\"font-bold underline-offset-[0.12em] [text-decoration:var(--person-link-text-decoration)] ![text-decoration-color:var(--person-link-text-decoration-color)]\" href=\"https:\/\/www.satakunnankansa.fi\/haku\/?query=Jussi%20Aaltonen,\" rel=\"nofollow noopener\" target=\"_blank\">Jussi Aaltonen,<\/a> <a class=\"font-bold underline-offset-[0.12em] [text-decoration:var(--person-link-text-decoration)] ![text-decoration-color:var(--person-link-text-decoration-color)]\" href=\"https:\/\/www.satakunnankansa.fi\/haku\/?query=Samuli%20Helavuori\" rel=\"nofollow noopener\" target=\"_blank\">Samuli Helavuori<\/a> ja <a class=\"font-bold underline-offset-[0.12em] [text-decoration:var(--person-link-text-decoration)] ![text-decoration-color:var(--person-link-text-decoration-color)]\" href=\"https:\/\/www.satakunnankansa.fi\/haku\/?query=Jaakko%20Hyv%C3%B6nen\" rel=\"nofollow noopener\" target=\"_blank\">Jaakko Hyv\u00f6nen<\/a>. Yksi porilainen koki kuitenkin viimeisiss\u00e4 valinnoissa pettymyksen. Ehdokaslistalla mukana ollut Naruker\u00e4n <a class=\"font-bold underline-offset-[0.12em] [text-decoration:var(--person-link-text-decoration)] ![text-decoration-color:var(--person-link-text-decoration-color)]\" href=\"https:\/\/www.satakunnankansa.fi\/haku\/?query=Eero%20Paavola\" rel=\"nofollow noopener\" target=\"_blank\">Eero Paavola<\/a> j\u00e4i ilman kisapaikkaa.<\/p>\n<p class=\"article-body mb-nof-24 px-nof-16\">Aaltonen, 36, Helavuori, 34 ja Hyv\u00f6nen, 26, ovat kaikki tuttuja nimi\u00e4 maajoukkueesta. Paavola, 26, oli h\u00e4nkin voittamassa MM-hopeaa vuonna 2023.<\/p>\n<p><img decoding=\"async\" src=\"https:\/\/www.europesays.com\/fi\/wp-content\/uploads\/2026\/01\/1767432191_26_468.jpg\" alt=\"Naruker\u00e4n Eero Paavola j\u00e4i ilman kisapaikkaa.\" class=\"_Img_1rerz_1\" style=\"aspect-ratio:1.5\" loading=\"eager\"\/><\/p>\n<p class=\"article-picture-caption\">Naruker\u00e4n Eero Paavola j\u00e4i ilman kisapaikkaa. Kuva:\u00a0Heikki Westerg\u00e5rd<\/p>\n<p class=\"article-body mb-nof-24 px-nof-16\">Holopaisen nime\u00e4m\u00e4 joukkue on varsin kokenut. Joukkue on l\u00e4hes sama kuin edellisiss\u00e4 kisoissa. Holopaisen mukaan jatkuvuus on yksi joukkueen suurimmista vahvuuksista.<\/p>\n<p class=\"article-body mb-nof-24 px-nof-16\">\u201dKaikki tiet\u00e4v\u00e4t, mihin olemme menossa ja mit\u00e4 voittaminen vaatii. Se luo turvallisuutta ja luottamusta tekemiseen\u201d, Holopainen sanoi tiedotteessa.<\/p>\n<p class=\"article-body mb-nof-24 px-nof-16\">Ainoa ensikertalainen joukkueessa on keskikent\u00e4n \u201dty\u00f6hevonen\u201d <a class=\"font-bold underline-offset-[0.12em] [text-decoration:var(--person-link-text-decoration)] ![text-decoration-color:var(--person-link-text-decoration-color)]\" href=\"https:\/\/www.satakunnankansa.fi\/haku\/?query=Ville%20H%C3%A4m%C3%A4l%C3%A4inen\" rel=\"nofollow noopener\" target=\"_blank\">Ville H\u00e4m\u00e4l\u00e4inen<\/a>, joka antoi vahvat n\u00e4yt\u00f6t syksyn ainoassa valmistavassa tapahtumassa Uppsalassa Ruotsia ja Norjaa vastaan.<\/p>\n<p><img decoding=\"async\" src=\"https:\/\/www.europesays.com\/fi\/wp-content\/uploads\/2026\/01\/1767432191_660_320.jpg\" alt=\"Ari Holopainen luotti MM-kisavalinnoissaan kokemukseen.\" class=\"_Img_1rerz_1\" style=\"aspect-ratio:1.1932877563704165\" loading=\"eager\"\/><\/p>\n<p class=\"article-picture-caption\">Ari Holopainen luotti MM-kisavalinnoissaan kokemukseen. Kuva:\u00a0Suomen J\u00e4\u00e4palloliitto<\/p>\n<p class=\"article-body mb-nof-24 px-nof-16\">Suomen Bandyliigasta mukaan p\u00e4\u00e4si vain kaksi pelaajaa, JPS:n <a class=\"font-bold underline-offset-[0.12em] [text-decoration:var(--person-link-text-decoration)] ![text-decoration-color:var(--person-link-text-decoration-color)]\" href=\"https:\/\/www.satakunnankansa.fi\/haku\/?query=Riku%20H%C3%A4m%C3%A4l%C3%A4inen\" rel=\"nofollow noopener\" target=\"_blank\">Riku H\u00e4m\u00e4l\u00e4inen<\/a> ja Veiter\u00e4n <a class=\"font-bold underline-offset-[0.12em] [text-decoration:var(--person-link-text-decoration)] ![text-decoration-color:var(--person-link-text-decoration-color)]\" href=\"https:\/\/www.satakunnankansa.fi\/haku\/?query=Tero%20Liimatainen\" rel=\"nofollow noopener\" target=\"_blank\">Tero Liimatainen<\/a>. Kaikki muut pelaajat tulevat ruotsalaisjoukkueista.<\/p>\n<p class=\"article-body mb-nof-24 px-nof-16\">Ven\u00e4j\u00e4ll\u00e4 pelaavat veljekset <a class=\"font-bold underline-offset-[0.12em] [text-decoration:var(--person-link-text-decoration)] ![text-decoration-color:var(--person-link-text-decoration-color)]\" href=\"https:\/\/www.satakunnankansa.fi\/haku\/?query=Tuomas\" rel=\"nofollow noopener\" target=\"_blank\">Tuomas <\/a>ja <a class=\"font-bold underline-offset-[0.12em] [text-decoration:var(--person-link-text-decoration)] ![text-decoration-color:var(--person-link-text-decoration-color)]\" href=\"https:\/\/www.satakunnankansa.fi\/haku\/?query=Tommi%20M%C3%A4%C3%A4tt%C3%A4\" rel=\"nofollow noopener\" target=\"_blank\">Tommi M\u00e4\u00e4tt\u00e4<\/a> pysyv\u00e4t yh\u00e4 maajoukkuetoiminnan ulkopuolella. J\u00e4\u00e4palloliitto sulki it\u00e4naapurissa pelaavat pelaajat pois maajoukkueesta, kun Ven\u00e4j\u00e4 aloitti hy\u00f6kk\u00e4yssotansa Ukrainaa vastaan. M\u00e4\u00e4t\u00e4t pelaavat Habarovskissa SKA-Neftjanikin riveiss\u00e4. Perheen kolmesta pojasta Ruotsissa pelaava<a class=\"font-bold underline-offset-[0.12em] [text-decoration:var(--person-link-text-decoration)] ![text-decoration-color:var(--person-link-text-decoration-color)]\" href=\"https:\/\/www.satakunnankansa.fi\/haku\/?query=%20Teemu%20M%C3%A4%C3%A4tt%C3%A4\" rel=\"nofollow noopener\" target=\"_blank\"> Teemu M\u00e4\u00e4tt\u00e4<\/a> valittiin MM-kisoihin.<\/p>\n<p class=\"article-body mb-nof-24 px-nof-16\">P\u00e4\u00e4valmentaja muistuttaa, ett\u00e4 kaksissa edellisiss\u00e4 MM-kisoissa Suomi on ollut l\u00e4hell\u00e4 Ruotsia, mutta ratkaiseva askel on j\u00e4\u00e4nyt ottamatta. Sit\u00e4 Holopaisen suojatit hakevat nyt Porista.<\/p>\n<p class=\"article-body mb-nof-24 px-nof-16\">Samaan aikaan p\u00e4\u00e4valmentaja korostaa, ettei katse saa olla vain Ruotsissa.<\/p>\n<p class=\"article-body mb-nof-24 px-nof-16\">\u201dMy\u00f6s Norja on mennyt valtavasti eteenp\u00e4in ja on eritt\u00e4in kova joukkue.\u201d<\/p>\n<p class=\"article-body mb-nof-24 px-nof-16\">\u201dOn hienoa p\u00e4\u00e4st\u00e4 pelaamaan maailmanmestaruudesta kotikent\u00e4ll\u00e4. Koemme kaikki olevamme etuoikeutettuja, kun saamme 25 vuoden tauon j\u00e4lkeen pelata MM-kisoja Suomessa.\u201d<\/p>\n<p class=\"article-body mb-nof-24 px-nof-16\">Holopainen uskoo vahvasti kotiyleis\u00f6n merkitykseen.<\/p>\n<p class=\"article-body mb-nof-24 px-nof-16\">\u201dToivon mukaan runsaslukuinen kotiyleis\u00f6 antaa meille sen tarvittavan lis\u00e4buustin, jota mestaruuden voittaminen vaatii.\u201d<\/p>\n<p class=\"article-body mb-nof-24 px-nof-16\">Porissa pelataan my\u00f6s naisten MM-kisat. Suomen lopullista ryhm\u00e4\u00e4 ei ole viel\u00e4 julkaistu. Alustavassa MM-ryhm\u00e4ss\u00e4 oli yksi porilainen, Wiipurin Susia seurajoukkuetasolla edustava <a class=\"font-bold underline-offset-[0.12em] [text-decoration:var(--person-link-text-decoration)] ![text-decoration-color:var(--person-link-text-decoration-color)]\" href=\"https:\/\/www.satakunnankansa.fi\/haku\/?query=Varpu%20Koppelom%C3%A4ki\" rel=\"nofollow noopener\" target=\"_blank\">Varpu Koppelom\u00e4ki<\/a>.<\/p>\n<p>Joukkue<\/p>\n<p>Suomen ryhm\u00e4 kotikisoissa<\/p>\n<ul class=\"mb-nof-16 px-nof-16 article-unordered-list unordered-list\">\n<li class=\"unordered-list-item\">\n<p class=\"article-body\">Maalivahdit: 1. Jussi Aaltonen (Vetlanda BK), 12. Isak Skog (Gripen Trollh\u00e4ttan).<\/p>\n<\/li>\n<li class=\"unordered-list-item\">\n<p class=\"article-body\">Kentt\u00e4pelaajat: 2. Topi Saukkonen (Gripen Trollh\u00e4ttan), 3. Leevi Laitinen (Bolln\u00e4s GIF), 4. Elias Gillgren (Vetlanda BK), 5 Jaakko Hyv\u00f6nen (Gripen Trollh\u00e4ttan), 6. Teemu M\u00e4\u00e4tt\u00e4 (Broberg\/S\u00f6derhamn), 7. Riku H\u00e4m\u00e4l\u00e4inen (JPS, Jyv\u00e4skyl\u00e4), 8. Tatu \u00c4ss\u00e4m\u00e4ki (Bolln\u00e4s), 9. Niklas Holopainen (Kung\u00e4lv), 10. Kalle Lempinen (Gripen Trollh\u00e4ttan), 11. Samuli Helavuori (Edsbyns IF), 13. Matias Lehtonen (Frilles\u00e5s BK), 14. Emil Fedorov (Vetlanda BK), 15. Casper H\u00e4nninen (Gripen Trollh\u00e4ttan), 16. Tero Liimatainen (Veiter\u00e4, Lappeenranta), 17. Ville H\u00e4m\u00e4l\u00e4inen (N\u00e4ssj\u00f6 IF), 18. Tuukka \u00c4ss\u00e4m\u00e4ki (N\u00e4ssj\u00f6 IF).<\/p>\n<\/li>\n<li class=\"unordered-list-item\">\n<p class=\"article-body\">MM-kisat pelataan Porissa 12.\u201318. tammikuuta.<\/p>\n<\/li>\n<\/ul>\n","protected":false},"excerpt":{"rendered":"Miesten MM-joukkueessa on vain yksi ensikertalainen. 2.1. 14:21 Pori P\u00e4\u00e4valmentaja Ari Holopainen on nimennyt Suomen miesten lopullisen ryhm\u00e4n&hellip;\n","protected":false},"author":2,"featured_media":132287,"comment_status":"","ping_status":"","sticky":false,"template":"","format":"standard","meta":{"footnotes":""},"categories":[158],"tags":[33,31,30,80,159,32,160],"class_list":{"0":"post-132286","1":"post","2":"type-post","3":"status-publish","4":"format-standard","5":"has-post-thumbnail","7":"category-urheilu","8":"tag-fi","9":"tag-finland","10":"tag-finnish","11":"tag-satakunnan-kansa","12":"tag-sports","13":"tag-suomi","14":"tag-urheilu"},"share_on_mastodon":{"url":"https:\/\/pubeurope.com\/@fi\/115830443539114421","error":""},"_links":{"self":[{"href":"https:\/\/www.europesays.com\/fi\/wp-json\/wp\/v2\/posts\/132286","targetHints":{"allow":["GET"]}}],"collection":[{"href":"https:\/\/www.europesays.com\/fi\/wp-json\/wp\/v2\/posts"}],"about":[{"href":"https:\/\/www.europesays.com\/fi\/wp-json\/wp\/v2\/types\/post"}],"author":[{"embeddable":true,"href":"https:\/\/www.europesays.com\/fi\/wp-json\/wp\/v2\/users\/2"}],"replies":[{"embeddable":true,"href":"https:\/\/www.europesays.com\/fi\/wp-json\/wp\/v2\/comments?post=132286"}],"version-history":[{"count":0,"href":"https:\/\/www.europesays.com\/fi\/wp-json\/wp\/v2\/posts\/132286\/revisions"}],"wp:featuredmedia":[{"embeddable":true,"href":"https:\/\/www.europesays.com\/fi\/wp-json\/wp\/v2\/media\/132287"}],"wp:attachment":[{"href":"https:\/\/www.europesays.com\/fi\/wp-json\/wp\/v2\/media?parent=132286"}],"wp:term":[{"taxonomy":"category","embeddable":true,"href":"https:\/\/www.europesays.com\/fi\/wp-json\/wp\/v2\/categories?post=132286"},{"taxonomy":"post_tag","embeddable":true,"href":"https:\/\/www.europesays.com\/fi\/wp-json\/wp\/v2\/tags?post=132286"}],"curies":[{"name":"wp","href":"https:\/\/api.w.org\/{rel}","templated":true}]}}