{"id":132288,"date":"2026-01-03T09:24:09","date_gmt":"2026-01-03T09:24:09","guid":{"rendered":"https:\/\/www.europesays.com\/fi\/132288\/"},"modified":"2026-01-03T09:24:09","modified_gmt":"2026-01-03T09:24:09","slug":"herra-ylpolta-sapekas-ulostulo-auto-jai-panttivangiksi-porilaiseen-parkkihalliin","status":"publish","type":"post","link":"https:\/\/www.europesays.com\/fi\/132288\/","title":{"rendered":"Herra Ylp\u00f6lt\u00e4 sapekas ulostulo \u2013 Auto j\u00e4i panttivangiksi porilaiseen parkkihalliin"},"content":{"rendered":"<p>Herra Ylpp\u00f6 kertoo Facebook-tilill\u00e4\u00e4n ep\u00e4onnisesta reissusta Poriin.<\/p>\n<p><img decoding=\"async\" class=\"image image-show image-preview\" src=\"https:\/\/www.europesays.com\/fi\/wp-content\/uploads\/2025\/11\/a6e5602f51c92493ef6bcb5660cf76b010d4c61d47bd58522e6d628e898b7617.jpg\" alt=\"\"\/><img decoding=\"async\" class=\"image image-show\" src=\"https:\/\/www.europesays.com\/fi\/wp-content\/uploads\/2025\/11\/1762893069_325_a6e5602f51c92493ef6bcb5660cf76b010d4c61d47bd58522e6d628e898b7617.jpg\" alt=\"\"\/><\/p>\n<p>Herra Ylpp\u00f6 matkusti Poriin tapaamaan yst\u00e4v\u00e4\u00e4ns\u00e4, mutta reissu sai ik\u00e4vi\u00e4 k\u00e4\u00e4nteit\u00e4. Pete Anikari<\/p>\n<p class=\"paragraph\"><a href=\"https:\/\/www.iltalehti.fi\/henkilot\/Herra Ylpp\u00f6\" class=\"article-link-person-page\" rel=\"nofollow noopener\" target=\"_blank\">Herra Ylp\u00f6n<\/a> vuosi ei p\u00e4\u00e4ttynyt parhaalla mahdollisella tavalla.<\/p>\n<p class=\"paragraph\">Muusikko kertoo <a href=\"https:\/\/www.facebook.com\/HerraYlppoEX\/posts\/pfbid02zZosWaJunaS3oBDaY5LPuxKoS8gR7PeVapDXakYVCJNwHxJViEwmyNqdo4Rz9oj8l?locale=fi_FI\" rel=\"noopener nofollow\" target=\"_blank\">Facebook<\/a>-tilill\u00e4\u00e4n ep\u00e4onnisesta reissustaan Poriin. Reissun lopputuloksena Herra Ylpp\u00f6 kertoo h\u00e4nen autonsa j\u00e4\u00e4neen Porin Sokoksen panttivangiksi.<\/p>\n<p class=\"paragraph\">Herra Ylpp\u00f6, oikealta nimelt\u00e4\u00e4n <strong>Frans M\u00e4ntym\u00e4ki<\/strong>, matkusti Poriin yst\u00e4v\u00e4ns\u00e4, stand up -koomikko <a href=\"https:\/\/www.iltalehti.fi\/henkilot\/Ismo Leikola\" class=\"article-link-person-page\" rel=\"nofollow noopener\" target=\"_blank\">Ismo Leikolan<\/a> keikalle.<\/p>\n<p class=\"paragraph\">\u2013 Keikka oli mahtava. Keikan j\u00e4lkeen k\u00e4velin Sokoksen parkkipaikalle, jonne olin j\u00e4tt\u00e4nyt autoni. Kyseess\u00e4 oli sellainen parkkihallityyppinen tasanne. Mutta paikka olikin mennyt kiinni. Yksik\u00e4\u00e4n ovi ei auennut. Kiersin koko korttelin. MIST\u00c4\u00c4N ei p\u00e4\u00e4ssyt sis\u00e4\u00e4n. Auto j\u00e4isi sinne. T\u00e4n\u00e4\u00e4n ei l\u00e4hdett\u00e4isi kotiin. Pakkasta oli reilusti, Herra Ylpp\u00f6 kertoo julkaisussaan.<\/p>\n<p class=\"paragraph\">Muusikon oli j\u00e4\u00e4t\u00e4v\u00e4 y\u00f6ksi Poriin, mutta y\u00f6paikka uupui.<\/p>\n<p class=\"paragraph\">\u2013 Onneksi toinen rakas yst\u00e4v\u00e4ni Jussi Lehtisalo oli kotona ja tarjosi y\u00f6paikan. Koskaan ennen en ole joutunut tilanteeseen, ettei parkkihalliin p\u00e4\u00e4se sis\u00e4lle. Onneton systeemi. Sain siis autoni vasta seuraavana aamuna.<\/p>\n<p class=\"paragraph\">Ep\u00e4onniset tilanteet eiv\u00e4t kuitenkaan p\u00e4\u00e4ttyneet viel\u00e4 siihen. Herra Ylpp\u00f6 sai aloittaa uuden vuoden pys\u00e4k\u00f6inninvalvojan antamalla muistutuksella.<\/p>\n<p class=\"paragraph\">\u2013 Auton tuulilasiin oli ilmestynyt parkkisakko. Kiitos. Pori opettaa. Hyv\u00e4sti vuosi 2025. En j\u00e4\u00e4 sinua ik\u00e4v\u00f6im\u00e4\u00e4n, Herra Ylpp\u00f6 p\u00e4\u00e4tt\u00e4\u00e4 kirjoituksensa.<\/p>\n<p class=\"paragraph\">Julkaisun kommenttikent\u00e4ss\u00e4 ihmiset vitsailevat Porin maineella ja \u201dpalvelualttiudella\u201d. Osa kommentoijista voi samaistua Herra Ylp\u00f6n kokemuksiin Porista ja parkkisakoista.<\/p>\n<p class=\"paragraph\">\u2013 Itselleni k\u00e4ynyt sama homma samassa paikassa, er\u00e4s kommentoija kertoo.<\/p>\n<p>Asunto myyntiin<\/p>\n<p class=\"paragraph\">Herra Ylpp\u00f6 ilmoitti marraskuussa laittaneensa Nokian-asuntonsa myyntiin. Kyseess\u00e4 oli kattohuoneistokolmio Nokian keskustassa. Voit k\u00e4yd\u00e4 katsomassa kuvia <a href=\"https:\/\/www.iltalehti.fi\/viihdeuutiset\/eb8f6a9a-5880-4574-b915-971464b55caa\" rel=\"nofollow noopener\" target=\"_blank\">t\u00e4\u00e4lt\u00e4<\/a>.<\/p>\n<p class=\"paragraph\">Asunnon pyyntihinta on 269\u00a0900 euroa.<\/p>\n<p class=\"paragraph\">Herra Ylpp\u00f6 kertoi luopuvansa kodistaan, koska haluaa itselleen kotistudion.<\/p>\n<p class=\"paragraph\">\u2013 Nokian hulppein kattohuoneisto vapaana. Iso ja rehellinen suositus! Kaikin puolin todella staili ja huoleton. Minimaalinen s\u00e4hk\u00f6laskukin. Nelisen metri\u00e4 huonekorkeus. Vierest\u00e4 l\u00e4htee bussit Tampereelle. Kaikki palvelut l\u00e4hell\u00e4, Herra Ylpp\u00f6 kirjoitti marraskuussa Facebookissa.<\/p>\n<p class=\"paragraph\">\u2013 En olisi muuttanut pois, ellen olisi halunnut rakentaa kotistudiota omakotitaloon, h\u00e4n jatkoi.<\/p>\n","protected":false},"excerpt":{"rendered":"Herra Ylpp\u00f6 kertoo Facebook-tilill\u00e4\u00e4n ep\u00e4onnisesta reissusta Poriin. Herra Ylpp\u00f6 matkusti Poriin tapaamaan yst\u00e4v\u00e4\u00e4ns\u00e4, mutta reissu sai ik\u00e4vi\u00e4 k\u00e4\u00e4nteit\u00e4.&hellip;\n","protected":false},"author":2,"featured_media":132289,"comment_status":"","ping_status":"","sticky":false,"template":"","format":"standard","meta":{"footnotes":""},"categories":[130],"tags":[35,138,137,33,31,30,47,141,742,32,484,109],"class_list":{"0":"post-132288","1":"post","2":"type-post","3":"status-publish","4":"format-standard","5":"has-post-thumbnail","7":"category-viihde","8":"tag-24h","9":"tag-audio","10":"tag-entertainment","11":"tag-fi","12":"tag-finland","13":"tag-finnish","14":"tag-musiikki","15":"tag-muusikot-bandit","16":"tag-suomalainen-musiikki","17":"tag-suomi","18":"tag-taiteellinen-ilmaisu-ja-mediat","19":"tag-viihde"},"share_on_mastodon":{"url":"https:\/\/pubeurope.com\/@fi\/115830447338657541","error":""},"_links":{"self":[{"href":"https:\/\/www.europesays.com\/fi\/wp-json\/wp\/v2\/posts\/132288","targetHints":{"allow":["GET"]}}],"collection":[{"href":"https:\/\/www.europesays.com\/fi\/wp-json\/wp\/v2\/posts"}],"about":[{"href":"https:\/\/www.europesays.com\/fi\/wp-json\/wp\/v2\/types\/post"}],"author":[{"embeddable":true,"href":"https:\/\/www.europesays.com\/fi\/wp-json\/wp\/v2\/users\/2"}],"replies":[{"embeddable":true,"href":"https:\/\/www.europesays.com\/fi\/wp-json\/wp\/v2\/comments?post=132288"}],"version-history":[{"count":0,"href":"https:\/\/www.europesays.com\/fi\/wp-json\/wp\/v2\/posts\/132288\/revisions"}],"wp:featuredmedia":[{"embeddable":true,"href":"https:\/\/www.europesays.com\/fi\/wp-json\/wp\/v2\/media\/132289"}],"wp:attachment":[{"href":"https:\/\/www.europesays.com\/fi\/wp-json\/wp\/v2\/media?parent=132288"}],"wp:term":[{"taxonomy":"category","embeddable":true,"href":"https:\/\/www.europesays.com\/fi\/wp-json\/wp\/v2\/categories?post=132288"},{"taxonomy":"post_tag","embeddable":true,"href":"https:\/\/www.europesays.com\/fi\/wp-json\/wp\/v2\/tags?post=132288"}],"curies":[{"name":"wp","href":"https:\/\/api.w.org\/{rel}","templated":true}]}}