{"id":132300,"date":"2026-01-03T09:47:07","date_gmt":"2026-01-03T09:47:07","guid":{"rendered":"https:\/\/www.europesays.com\/fi\/132300\/"},"modified":"2026-01-03T09:47:07","modified_gmt":"2026-01-03T09:47:07","slug":"marvelin-wonder-man-sarja-sai-uuden-trailerin-samalla-paljastui-kiinnostavia-asioita","status":"publish","type":"post","link":"https:\/\/www.europesays.com\/fi\/132300\/","title":{"rendered":"Marvelin Wonder Man -sarja sai uuden trailerin &#8211; samalla paljastui kiinnostavia asioita"},"content":{"rendered":"<p>Disney Plussaan saapuva kahdeksanosainen Wonder Man -sarja seuraa Simon Williamsia (<strong>Yahya Abdul\u2011Mateen II<\/strong>), joka yritt\u00e4\u00e4 ep\u00e4toivoisesti l\u00e4pimurtoa n\u00e4yttelij\u00e4n\u00e4.<\/p>\n<p>Samalla kun Simon yritt\u00e4\u00e4 uuden supersankarielokuvan p\u00e4\u00e4rooliin, h\u00e4n tapaa Trevor Slatteryn (<strong>Ben Kingsley<\/strong>). Kun Williams yritt\u00e4\u00e4 breikata Hollywoodissa, h\u00e4n alkaa samalla kehitt\u00e4\u00e4 salaisia supervoimiaan.<\/p>\n<p>Lue my\u00f6s: <a href=\"https:\/\/www.episodi.fi\/uutiset\/marvel-rikkoo-saantonsa-katso-wonder-manin-traileri-ja-yllaty\/\" title=\"Marvel rikkoo s\u00e4\u00e4nt\u00f6ns\u00e4: katso Wonder Manin traileri ja yll\u00e4ty\" class=\"underline-custom !font-montserrat !font-bold !underline-offset-4 !decoration-4 !decoration-episodi-blue !text-md\" rel=\"nofollow noopener\" target=\"_blank\">Marvel rikkoo s\u00e4\u00e4nt\u00f6ns\u00e4: katso Wonder Manin traileri ja yll\u00e4ty<\/a><\/p>\n<p>Lue my\u00f6s: <a href=\"https:\/\/www.episodi.fi\/uutiset\/marvelin-wonder-man-vaikuttaa-hauskalta-metatarinalta-katso-erikoinen-traileri\/\" title=\"Marvelin Wonder Man vaikuttaa hauskalta metatarinalta \u2013 katso erikoinen traileri\" class=\"underline-custom !font-montserrat !font-bold !underline-offset-4 !decoration-4 !decoration-episodi-blue !text-md\" rel=\"nofollow noopener\" target=\"_blank\">Marvelin Wonder Man vaikuttaa hauskalta metatarinalta \u2013 katso erikoinen traileri<\/a><\/p>\n<p>Trailerissa kire\u00e4 virkamies Cleary (<strong>Arian Moayed<\/strong>, tuttu Spider\u2011Man: No Way Homesta ja Ms. Marvelista) leimaa Simonin \u201cpoikkeukselliseksi uhaksi\u201d, kun h\u00e4nen supervoimansa paljastuvat.<\/p>\n<p>Wonder Man saapuu Disney Plussalle 27.1.2026<\/p>\n<p><img loading=\"lazy\" decoding=\"async\" alt=\"YouTube video\" width=\"480\" height=\"360\" data-pin-nopin=\"true\" nopin=\"nopin\" class=\"perfmatters-lazy\" src=\"https:\/\/www.europesays.com\/fi\/wp-content\/uploads\/2026\/01\/1767433627_370_hqdefault.jpg\"\/><\/p>\n","protected":false},"excerpt":{"rendered":"Disney Plussaan saapuva kahdeksanosainen Wonder Man -sarja seuraa Simon Williamsia (Yahya Abdul\u2011Mateen II), joka yritt\u00e4\u00e4 ep\u00e4toivoisesti l\u00e4pimurtoa n\u00e4yttelij\u00e4n\u00e4.&hellip;\n","protected":false},"author":2,"featured_media":132301,"comment_status":"","ping_status":"","sticky":false,"template":"","format":"standard","meta":{"footnotes":""},"categories":[131],"tags":[155,137,33,173,31,30,172,32,109,23335],"class_list":{"0":"post-132300","1":"post","2":"type-post","3":"status-publish","4":"format-standard","5":"has-post-thumbnail","7":"category-elokuvat","8":"tag-elokuvat","9":"tag-entertainment","10":"tag-fi","11":"tag-film","12":"tag-finland","13":"tag-finnish","14":"tag-movies","15":"tag-suomi","16":"tag-viihde","17":"tag-wonder-man-marvel"},"share_on_mastodon":{"url":"https:\/\/pubeurope.com\/@fi\/115830537745870297","error":""},"_links":{"self":[{"href":"https:\/\/www.europesays.com\/fi\/wp-json\/wp\/v2\/posts\/132300","targetHints":{"allow":["GET"]}}],"collection":[{"href":"https:\/\/www.europesays.com\/fi\/wp-json\/wp\/v2\/posts"}],"about":[{"href":"https:\/\/www.europesays.com\/fi\/wp-json\/wp\/v2\/types\/post"}],"author":[{"embeddable":true,"href":"https:\/\/www.europesays.com\/fi\/wp-json\/wp\/v2\/users\/2"}],"replies":[{"embeddable":true,"href":"https:\/\/www.europesays.com\/fi\/wp-json\/wp\/v2\/comments?post=132300"}],"version-history":[{"count":0,"href":"https:\/\/www.europesays.com\/fi\/wp-json\/wp\/v2\/posts\/132300\/revisions"}],"wp:featuredmedia":[{"embeddable":true,"href":"https:\/\/www.europesays.com\/fi\/wp-json\/wp\/v2\/media\/132301"}],"wp:attachment":[{"href":"https:\/\/www.europesays.com\/fi\/wp-json\/wp\/v2\/media?parent=132300"}],"wp:term":[{"taxonomy":"category","embeddable":true,"href":"https:\/\/www.europesays.com\/fi\/wp-json\/wp\/v2\/categories?post=132300"},{"taxonomy":"post_tag","embeddable":true,"href":"https:\/\/www.europesays.com\/fi\/wp-json\/wp\/v2\/tags?post=132300"}],"curies":[{"name":"wp","href":"https:\/\/api.w.org\/{rel}","templated":true}]}}