{"id":132310,"date":"2026-01-03T09:55:08","date_gmt":"2026-01-03T09:55:08","guid":{"rendered":"https:\/\/www.europesays.com\/fi\/132310\/"},"modified":"2026-01-03T09:55:08","modified_gmt":"2026-01-03T09:55:08","slug":"kehysliike-sai-uuden-naapurin-porin-keskustassa","status":"publish","type":"post","link":"https:\/\/www.europesays.com\/fi\/132310\/","title":{"rendered":"Kehysliike sai uuden naapurin Porin keskustassa"},"content":{"rendered":"<p>Liiketilassa Porin torin laidalla voi kokeilla monenlaisen taiteen tekemist\u00e4.<\/p>\n<p class=\"article-body mb-nof-24 px-nof-16\">Pori<\/p>\n<p class=\"article-body mb-nof-24 px-nof-16\">Viisi innokasta k\u00e4dentaitojen harrastajaa avasi Porin keskustaan toimitilat, jonne he toivottavat tervetulleeksi kaikki v\u00e4h\u00e4nk\u00e4\u00e4n k\u00e4sill\u00e4 tekemisest\u00e4 kiinnostuneet. Virallisesti kehysliike Pison art saa naapurikseen uuden studion loppiaisviikon perjantaina, jolloin Ohoksi ristitty tila juhlii avajaisiaan.<\/p>\n","protected":false},"excerpt":{"rendered":"Liiketilassa Porin torin laidalla voi kokeilla monenlaisen taiteen tekemist\u00e4. Pori Viisi innokasta k\u00e4dentaitojen harrastajaa avasi Porin keskustaan toimitilat,&hellip;\n","protected":false},"author":2,"featured_media":132311,"comment_status":"","ping_status":"","sticky":false,"template":"","format":"standard","meta":{"footnotes":""},"categories":[12],"tags":[22,23,26,27,33,31,30,17,24,25,28,29,15,18,21,80,32,19,20,16],"class_list":{"0":"post-132310","1":"post","2":"type-post","3":"status-publish","4":"format-standard","5":"has-post-thumbnail","7":"category-suomi","8":"tag-breaking-news","9":"tag-breakingnews","10":"tag-featured-news","11":"tag-featurednews","12":"tag-fi","13":"tag-finland","14":"tag-finnish","15":"tag-headlines","16":"tag-latest-news","17":"tag-latestnews","18":"tag-main-news","19":"tag-mainnews","20":"tag-news","21":"tag-otsikot","22":"tag-paauutiset","23":"tag-satakunnan-kansa","24":"tag-suomi","25":"tag-top-stories","26":"tag-topstories","27":"tag-uutiset"},"share_on_mastodon":{"url":"https:\/\/pubeurope.com\/@fi\/115830569258679613","error":""},"_links":{"self":[{"href":"https:\/\/www.europesays.com\/fi\/wp-json\/wp\/v2\/posts\/132310","targetHints":{"allow":["GET"]}}],"collection":[{"href":"https:\/\/www.europesays.com\/fi\/wp-json\/wp\/v2\/posts"}],"about":[{"href":"https:\/\/www.europesays.com\/fi\/wp-json\/wp\/v2\/types\/post"}],"author":[{"embeddable":true,"href":"https:\/\/www.europesays.com\/fi\/wp-json\/wp\/v2\/users\/2"}],"replies":[{"embeddable":true,"href":"https:\/\/www.europesays.com\/fi\/wp-json\/wp\/v2\/comments?post=132310"}],"version-history":[{"count":0,"href":"https:\/\/www.europesays.com\/fi\/wp-json\/wp\/v2\/posts\/132310\/revisions"}],"wp:featuredmedia":[{"embeddable":true,"href":"https:\/\/www.europesays.com\/fi\/wp-json\/wp\/v2\/media\/132311"}],"wp:attachment":[{"href":"https:\/\/www.europesays.com\/fi\/wp-json\/wp\/v2\/media?parent=132310"}],"wp:term":[{"taxonomy":"category","embeddable":true,"href":"https:\/\/www.europesays.com\/fi\/wp-json\/wp\/v2\/categories?post=132310"},{"taxonomy":"post_tag","embeddable":true,"href":"https:\/\/www.europesays.com\/fi\/wp-json\/wp\/v2\/tags?post=132310"}],"curies":[{"name":"wp","href":"https:\/\/api.w.org\/{rel}","templated":true}]}}