{"id":132316,"date":"2026-01-03T10:09:10","date_gmt":"2026-01-03T10:09:10","guid":{"rendered":"https:\/\/www.europesays.com\/fi\/132316\/"},"modified":"2026-01-03T10:09:10","modified_gmt":"2026-01-03T10:09:10","slug":"nyt-myos-angelina-jolie-lahtee-kaupungista-stara-fi","status":"publish","type":"post","link":"https:\/\/www.europesays.com\/fi\/132316\/","title":{"rendered":"Nyt my\u00f6s Angelina Jolie l\u00e4htee kaupungista \u2013 Stara.fi"},"content":{"rendered":"<p>Amerikkalainen n\u00e4yttelij\u00e4 <a href=\"https:\/\/www.stara.fi\/asiasanat\/Angelina-Jolie\" title=\"Lue lis\u00e4\u00e4 aiheesta Angelina Jolie\" class=\"nimilinkki nimilinkki-angelina-jolie\" rel=\"nofollow noopener\" target=\"_blank\"><strong>Angelina Jolie<\/strong><\/a> on yksi Hollywoodin tunnetuimmista nimist\u00e4. H\u00e4n on Oscar-voittaja ja YK:n entinen erityisl\u00e4hettil\u00e4s. Jolie on asunut Los Angelesissa vuosikymmeni\u00e4 pitk\u00e4lti ty\u00f6ns\u00e4 ja lastensa vuoksi. Esimerkiksi lasten huoltajuusj\u00e4rjestelyt ex-puoliso <a href=\"https:\/\/www.stara.fi\/asiasanat\/Brad-Pitt\" title=\"Lue lis\u00e4\u00e4 aiheesta Brad Pitt\" class=\"nimilinkki nimilinkki-brad-pitt\" rel=\"nofollow noopener\" target=\"_blank\"><strong>Brad Pitt<\/strong><\/a>in kanssa ovat sitoneet perheen Kaliforniaan. <\/p>\n<p>MAINOS ALKAAMAINOS LOPPUU<\/p>\n<p>Nyt Jolie on kuitenkin valmistautumassa merkitt\u00e4v\u00e4\u00e4n el\u00e4m\u00e4nmuutokseen. H\u00e4nen kerrotaan laittaneen Los Angelesissa sijaitsevan kotinsa myyntiin ja olevan aidosti innoissaan ajatuksesta muuttaa kokonaan pois, Yhdysvaltojen ulkopuolelle. L\u00e4hipiirin mukaan h\u00e4n on valmis tavalliseen el\u00e4m\u00e4\u00e4n.<\/p>\n<p>Angelina Jolie ei halua el\u00e4m\u00e4ns\u00e4 py\u00f6riv\u00e4n en\u00e4\u00e4 Hollywoodin ymp\u00e4rill\u00e4, vaan sellaista eloa, mik\u00e4 tarjoaa enemm\u00e4n vapautta ja yksityisyytt\u00e4. N\u00e4yttelij\u00e4t\u00e4r ei ole koskaan halunnut asua Los Angelesissa pysyv\u00e4sti. T\u00e4ll\u00e4 hetkell\u00e4 perheen nuorimmat lapset l\u00e4hestyv\u00e4t t\u00e4ysi-ik\u00e4isyytt\u00e4 ja h\u00e4n voi tehd\u00e4 uusia ratkaisuja.<\/p>\n<p>MAINOS ALKAAMAINOS LOPPUU<\/p>\n<p>Tarkkaa muuttokohdetta ei ole vahvistettu, mutta h\u00e4nen kerrotaan kartoittavan useita vaihtoehtoja Euroopassa ja muualla ulkomailla, <a href=\"https:\/\/people.com\/angelina-jolie-is-excited-move-abroad-in-new-year-exclusive-source-11876980\" rel=\"nofollow noopener\" target=\"_blank\">People<\/a>-lehti uutisoi.<\/p>\n<p>Los Angelesin ja Hollywoodin glamour on himmentynyt. Se ei ole en\u00e4\u00e4 unelmia ja menestyst\u00e4 edustava keskittym\u00e4. Kaupunkia vaivaa turvattomuus, ylihinnoittelu, keinotekoisuus ja ideologiset aallot. T\u00e4m\u00e4 on monen mielest\u00e4 raskasta.<\/p>\n<p>MAINOS ALKAAMAINOS LOPPUU<\/p>\n<p>Sama ilmi\u00f6 n\u00e4kyy pienemm\u00e4ss\u00e4 mittakaavassa my\u00f6s tavallisten ihmisten arjessa. Lapsiperheet muuttavat suurkaupungeista rauhallisempiin ymp\u00e4rist\u00f6ihin, joissa arki on tasaisempaa, varmempaa, ennustettavampaa ja turvallisempaa.<\/p>\n<p>\n\t\t\t\tVoit halutessasi lukea Starassa my\u00f6s lis\u00e4\u00e4 juuri t\u00e4h\u00e4n artikkeliin liittyvist\u00e4 teemoista ja aiheista, kuten <a href=\"https:\/\/www.stara.fi\/asiasanat\/angelina-jolie\/\" rel=\"tag nofollow noopener\" target=\"_blank\">Angelina Jolie<\/a> tai laajemmin t\u00e4st\u00e4 aihealueesta <a href=\"https:\/\/www.stara.fi\/category\/viihdeuutiset\/\" rel=\"category tag nofollow noopener\" target=\"_blank\">Viihdeuutiset<\/a> -osioistamme.\n\t\t\t<\/p>\n","protected":false},"excerpt":{"rendered":"Amerikkalainen n\u00e4yttelij\u00e4 Angelina Jolie on yksi Hollywoodin tunnetuimmista nimist\u00e4. H\u00e4n on Oscar-voittaja ja YK:n entinen erityisl\u00e4hettil\u00e4s. Jolie on&hellip;\n","protected":false},"author":2,"featured_media":132317,"comment_status":"","ping_status":"","sticky":false,"template":"","format":"standard","meta":{"footnotes":""},"categories":[136],"tags":[407,137,33,31,30,408,32,109],"class_list":{"0":"post-132316","1":"post","2":"type-post","3":"status-publish","4":"format-standard","5":"has-post-thumbnail","7":"category-julkkikset","8":"tag-celebrities","9":"tag-entertainment","10":"tag-fi","11":"tag-finland","12":"tag-finnish","13":"tag-julkkikset","14":"tag-suomi","15":"tag-viihde"},"share_on_mastodon":{"url":"https:\/\/pubeurope.com\/@fi\/115830624282726537","error":""},"_links":{"self":[{"href":"https:\/\/www.europesays.com\/fi\/wp-json\/wp\/v2\/posts\/132316","targetHints":{"allow":["GET"]}}],"collection":[{"href":"https:\/\/www.europesays.com\/fi\/wp-json\/wp\/v2\/posts"}],"about":[{"href":"https:\/\/www.europesays.com\/fi\/wp-json\/wp\/v2\/types\/post"}],"author":[{"embeddable":true,"href":"https:\/\/www.europesays.com\/fi\/wp-json\/wp\/v2\/users\/2"}],"replies":[{"embeddable":true,"href":"https:\/\/www.europesays.com\/fi\/wp-json\/wp\/v2\/comments?post=132316"}],"version-history":[{"count":0,"href":"https:\/\/www.europesays.com\/fi\/wp-json\/wp\/v2\/posts\/132316\/revisions"}],"wp:featuredmedia":[{"embeddable":true,"href":"https:\/\/www.europesays.com\/fi\/wp-json\/wp\/v2\/media\/132317"}],"wp:attachment":[{"href":"https:\/\/www.europesays.com\/fi\/wp-json\/wp\/v2\/media?parent=132316"}],"wp:term":[{"taxonomy":"category","embeddable":true,"href":"https:\/\/www.europesays.com\/fi\/wp-json\/wp\/v2\/categories?post=132316"},{"taxonomy":"post_tag","embeddable":true,"href":"https:\/\/www.europesays.com\/fi\/wp-json\/wp\/v2\/tags?post=132316"}],"curies":[{"name":"wp","href":"https:\/\/api.w.org\/{rel}","templated":true}]}}