{"id":132320,"date":"2026-01-03T10:17:10","date_gmt":"2026-01-03T10:17:10","guid":{"rendered":"https:\/\/www.europesays.com\/fi\/132320\/"},"modified":"2026-01-03T10:17:10","modified_gmt":"2026-01-03T10:17:10","slug":"myrskyluodon-maijan-puvustus-herattaa-keskustelua-kansallispukutietajat-kritisoivat","status":"publish","type":"post","link":"https:\/\/www.europesays.com\/fi\/132320\/","title":{"rendered":"Myrskyluodon Maijan puvustus her\u00e4tt\u00e4\u00e4 keskustelua: Kansallispukutiet\u00e4j\u00e4t kritisoivat"},"content":{"rendered":"<p>\n            Myrskyluodon Maija. Amanda Jansson.<br \/>\n            Therese Andersson \/ Solar Films\n        <\/p>\n<p class=\"subtitle \">Kaikki eiv\u00e4t ole vakuuttuneita Myrskyluodon Maijan yksityiskohdista.<\/p>\n<p class=\"article-content article-content-width !bg-background\">Jussi-palkittu Myrskyluodon Maija on historiallinen draamaelokuva, joka sijoittuu 1800-luvulle.<\/p>\n<p class=\"article-content article-content-width !bg-background\">Elokuva n\u00e4htiin tv:ss\u00e4 ennen vuodenvaihdetta, mink\u00e4 j\u00e4lkeen sen\u00a0 puvustuksesta nousi pienenmoinen polemiikki kansallispukuihin keskittyv\u00e4ss\u00e4 julkisessa <a href=\"https:\/\/www.facebook.com\/groups\/kansallispuku\/permalink\/33883636924560428\/\" target=\"_blank\" rel=\"nofollow noopener\">Facebook<\/a>-ryhm\u00e4ss\u00e4.<\/p>\n<p class=\"font-weight-bold m-font-weight-bold article-content article-content-width !bg-background\">Video: Elias Salonen kertoo Kalevala-elokuvan tekemisest\u00e4.\u00a0<\/p>\n<p class=\"article-content article-content-width !bg-background\">Facebook-k\u00e4ytt\u00e4j\u00e4 kertoo katsoneessa elokuvan ja pohtineen, oliko p\u00e4\u00e4rooli Maijan () hameessa vetopoimutuksia. Se on yleinen menetelm\u00e4 eri kansallispuvuissa.<\/p>\n<p class=\"article-content article-content-width !bg-background\">Moni ryhm\u00e4ss\u00e4 oleva kertoo, ett\u00e4 mekossa on kyseinen vetopoimutus.\u00a0<\/p>\n<p class=\"article-content article-content-width !bg-background\">Muutoinkin puvustus her\u00e4tt\u00e4\u00e4 ihastusta ryhm\u00e4ss\u00e4.<\/p>\n<p class=\"article-content article-content-width !bg-background\">\u2013\tValtavan hienoa, ett\u00e4 puvustus niin niin pitk\u00e4lle k\u00e4sity\u00f6n\u00e4 tehty\u00e4. Kerta kaikkiaan ainutkertaista. Siin\u00e4 on ohjaajalla silm\u00e4\u00e4, arvoja, puvustajalla ollut hyv\u00e4 verkosto, Facebookissa kirjoitetaan.<\/p>\n<p class=\"article-content article-content-width !bg-background\">\u2013 Puvustus on elokuvassa kohdillaan, elokuvan katsoja kehuu.<\/p>\n<p>        <a itemprop=\"url\" href=\"https:\/\/www.seiska.fi\/katso\/podcast-tiina-lymin-herkka-kohtaus-meni-pilalle-lehma-halusi-osallistua\/1982789\" rel=\"nofollow noopener\" target=\"_blank\"><\/p>\n<p>\nTiina Lymi podcastissa:\n<\/p>\n<p class=\"section-date\">\n        <strong class=\"article-section\" data-section=\"katso\"><br \/>\n            katso<br \/>\n        <\/strong><br \/>\n        4.11.2025 16:15\n    <\/p>\n<p>Podcast: Tiina Lymin herkk\u00e4 kohtaus meni pilalle &#8211; lehm\u00e4 halusi osallistua\n    <\/p>\n<p itemprop=\"description\" class=\"subtitle \">\n    \u2013 Joka kerta, kun n\u00e4yttelij\u00e4t puhuivat, lehm\u00e4 vastasi vierest\u00e4 isolla \u00e4\u00e4nell\u00e4 &#8221;m\u00f6\u00f6&#8221;, Tiina Lymi kertoo elokuvansa kuvauksista.\n<\/p>\n<p>        <\/a><\/p>\n<p>Liian puhdasta<\/p>\n<p class=\"article-content article-content-width !bg-background\">Moni on antanut my\u00f6s kritiikkins\u00e4 puvustuksesta. Osan mielest\u00e4 siin\u00e4 oli paljon sellaisia seikkoja, jotka eiv\u00e4t vastaa todellisuutta.<\/p>\n<p class=\"article-content article-content-width !bg-background\">Monen mielest\u00e4 elokuvan roolihahmojen vaatteet olivat aivan liian puhtaita olosuhteisiin n\u00e4hden. Elokuvassa Maija perheineen asuu luodolla eritt\u00e4in askeettisissa oloissa.<\/p>\n<p class=\"article-content article-content-width !bg-background\"> \u2013 Varsinkin nyt toisen katsomiskerran aikana se h\u00e4iritsi. Samoin liian \u201dhienot ja uudet\u201d keng\u00e4t tuohon aikaan ja varallisuuteen n\u00e4hden\u2026. <\/p>\n<p class=\"article-content article-content-width !bg-background\">Elokuvassa roolihahmot n\u00e4hd\u00e4\u00e4n huolitelluissa vaatteissa.<\/p>\n<p class=\"article-content article-content-width !bg-background\">\u2013\tNoissa vaatteissa ei 1800-luvulla kyll\u00e4 tehty t\u00f6it\u00e4 syrj\u00e4isell\u00e4 saarella eik\u00e4 muutenkaan tavallisen kansan parissa, kommenteissa lukee.<\/p>\n<p class=\"article-content article-content-width !bg-background\">Toisinajattelijoitakin l\u00f6ytyy.<\/p>\n<p class=\"article-content article-content-width !bg-background\"> \u2013\u00a0Autenttinen vaatetus olisi ollut niin harmaa, likainen, paikattu ja kulunut, ett\u00e4 katsojien aika olisi mennyt sit\u00e4 kauhistellessa. <\/p>\n<p>                <img decoding=\"async\" src=\"https:\/\/www.europesays.com\/fi\/wp-content\/uploads\/2026\/01\/2035978.webp.jpeg\" width=\"576\" height=\"274\" alt=\"Monen mielest\u00e4 puvut olivat liian puhtaita olosuhteisiin n\u00e4hden.\" loading=\"lazy\" \/>            <\/p>\n<p>\n            Monen mielest\u00e4 puvut olivat liian puhtaita olosuhteisiin n\u00e4hden.<br \/>\n            Antti Rastivo \/ Solar Films\n        <\/p>\n<p class=\"article-content article-content-width !bg-background\">Osan mielest\u00e4 elokuvasta on tehty siloteltu verrattuna aiempaan, 1980-luvulla tehtyyn versioon. Sen on ohjannut .<\/p>\n<p class=\"article-content article-content-width !bg-background\">\u2013\tMinua h\u00e4iritsi l\u00e4hes kaikki t\u00e4ss\u00e4 elokuvassa. Kannattaa katsoa Yle Areenasta \u00c5ke Lindmanin versio Myrskyluodon Maijasta, siell\u00e4 on onnistunut puvustus ja ajan hengen kuvaus, katsoja kirjoittaa.<\/p>\n<p class=\"article-content article-content-width !bg-background\">\u2013\tT\u00e4ss\u00e4 tarinassa olisi pit\u00e4nyt olla tarkka, eik\u00e4 tehd\u00e4 siit\u00e4 &#8221;Hollywood-versiota\u201d, toinen kommentoija kirjoittaa.\u00a0<\/p>\n<p>        <a itemprop=\"url\" href=\"https:\/\/www.seiska.fi\/katso\/stranger-thingsin-paatos-sai-katsojat-jarkyttymaan\/2035565\" rel=\"nofollow noopener\" target=\"_blank\"><\/p>\n<p>\nStranger Things p\u00e4\u00e4ttyi\n<\/p>\n<p class=\"section-date\">\n        <strong class=\"article-section\" data-section=\"katso\"><br \/>\n            katso<br \/>\n        <\/strong><br \/>\n        2.1. 13:15\n    <\/p>\n<p>Stranger Thingsin p\u00e4\u00e4t\u00f6s sai katsojat j\u00e4rkyttym\u00e4\u00e4n\n    <\/p>\n<p itemprop=\"description\" class=\"subtitle \">\n    Suosikkisarjan viimeisen jakson suosio sai Netflixin kaatumaan.\n<\/p>\n<p>        <\/a><\/p>\n<p>Historian muokkaus<\/p>\n<p class=\"article-content article-content-width !bg-background\">Ryhm\u00e4n k\u00e4ytt\u00e4j\u00e4t ovat tehneet elokuvasta my\u00f6s paljon muita ep\u00e4kohtia, jotka eiv\u00e4t vastaa historiaa.<\/p>\n<p class=\"article-content article-content-width !bg-background\">Yksi Facebook-k\u00e4ytt\u00e4jist\u00e4 muistuttaa kommenteissa, ett\u00e4 siihen on syyns\u00e4.<\/p>\n<p class=\"article-content article-content-width !bg-background\">\u2013\tMonesti epookkituotantoihin tehd\u00e4\u00e4n &#8221;moderninnoksia&#8221; ihan puhtaasti siit\u00e4 syyst\u00e4, ett\u00e4 tavallisella nykykatsojalla on enemm\u00e4n kosketuspintaa ja kiinnostavuutta. Esim. ohjaaja saattaa haluta muuttaa jonkun historiallisen yksityiskohdan siksi, ettei se n\u00e4yt\u00e4 kiinnostavalta h\u00e4nen mielest\u00e4\u00e4n. N\u00e4m\u00e4 ovat niit\u00e4 juttuja, joita historiasta kiinnostuneen katsojan on joskus vaikea ymm\u00e4rt\u00e4\u00e4, mutta ovat ehk\u00e4 taviskatsojalle merkityksett\u00f6mi\u00e4 yksityiskohtia.<\/p>\n<p>        <a itemprop=\"url\" href=\"https:\/\/www.seiska.fi\/katso\/salatut-elamat-nain-alissa-nikkinen-palaa-varo-juonipaljastuksia\/2030327\" rel=\"nofollow noopener\" target=\"_blank\"><\/p>\n<p>\nSalatut el\u00e4m\u00e4t\n<\/p>\n<p class=\"section-date\">\n        <strong class=\"article-section\" data-section=\"katso\"><br \/>\n            katso<br \/>\n        <\/strong><br \/>\n        2.1. 12:15\n    <\/p>\n<p>Salatut el\u00e4m\u00e4t: N\u00e4in Alissa Nikkinen palaa \u2013 varo juonipaljastuksia!\n    <\/p>\n<p itemprop=\"description\" class=\"subtitle \">\n    Johanna Puhakka palaa Salatut el\u00e4m\u00e4t -rooliinsa Alissa Nikkisen\u00e4.\n<\/p>\n<p>        <\/a><\/p>\n<p class=\"italic m-italic article-content article-content-width !bg-background\">Myrskyluodon Maija katsottavissa MTV Katsomo+ -palvelussa.\u00a0<\/p>\n","protected":false},"excerpt":{"rendered":"Myrskyluodon Maija. Amanda Jansson. Therese Andersson \/ Solar Films Kaikki eiv\u00e4t ole vakuuttuneita Myrskyluodon Maijan yksityiskohdista. Jussi-palkittu Myrskyluodon&hellip;\n","protected":false},"author":2,"featured_media":132321,"comment_status":"","ping_status":"","sticky":false,"template":"","format":"standard","meta":{"footnotes":""},"categories":[130],"tags":[23336,22382,623,137,33,31,30,23337,188,22377,23338,2341,23339,32,109],"class_list":{"0":"post-132320","1":"post","2":"type-post","3":"status-publish","4":"format-standard","5":"has-post-thumbnail","7":"category-viihde","8":"tag-ake-lindman","9":"tag-amanda-jansson","10":"tag-elokuva","11":"tag-entertainment","12":"tag-fi","13":"tag-finland","14":"tag-finnish","15":"tag-historiallinen-draama","16":"tag-keskustelu","17":"tag-myrskyluodon-maija","18":"tag-pukusuunnittelu","19":"tag-some","20":"tag-somekommentointi","21":"tag-suomi","22":"tag-viihde"},"share_on_mastodon":{"url":"https:\/\/pubeurope.com\/@fi\/115830655730995701","error":""},"_links":{"self":[{"href":"https:\/\/www.europesays.com\/fi\/wp-json\/wp\/v2\/posts\/132320","targetHints":{"allow":["GET"]}}],"collection":[{"href":"https:\/\/www.europesays.com\/fi\/wp-json\/wp\/v2\/posts"}],"about":[{"href":"https:\/\/www.europesays.com\/fi\/wp-json\/wp\/v2\/types\/post"}],"author":[{"embeddable":true,"href":"https:\/\/www.europesays.com\/fi\/wp-json\/wp\/v2\/users\/2"}],"replies":[{"embeddable":true,"href":"https:\/\/www.europesays.com\/fi\/wp-json\/wp\/v2\/comments?post=132320"}],"version-history":[{"count":0,"href":"https:\/\/www.europesays.com\/fi\/wp-json\/wp\/v2\/posts\/132320\/revisions"}],"wp:featuredmedia":[{"embeddable":true,"href":"https:\/\/www.europesays.com\/fi\/wp-json\/wp\/v2\/media\/132321"}],"wp:attachment":[{"href":"https:\/\/www.europesays.com\/fi\/wp-json\/wp\/v2\/media?parent=132320"}],"wp:term":[{"taxonomy":"category","embeddable":true,"href":"https:\/\/www.europesays.com\/fi\/wp-json\/wp\/v2\/categories?post=132320"},{"taxonomy":"post_tag","embeddable":true,"href":"https:\/\/www.europesays.com\/fi\/wp-json\/wp\/v2\/tags?post=132320"}],"curies":[{"name":"wp","href":"https:\/\/api.w.org\/{rel}","templated":true}]}}