{"id":132325,"date":"2026-01-03T10:22:07","date_gmt":"2026-01-03T10:22:07","guid":{"rendered":"https:\/\/www.europesays.com\/fi\/132325\/"},"modified":"2026-01-03T10:22:07","modified_gmt":"2026-01-03T10:22:07","slug":"orivesilainen-lammin-perhe-oli-ilman-sahkoja-yli-viisi-vuorokautta","status":"publish","type":"post","link":"https:\/\/www.europesays.com\/fi\/132325\/","title":{"rendered":"Orivesil\u00e4inen Lammin perhe oli ilman s\u00e4hk\u00f6j\u00e4 yli viisi vuorokautta"},"content":{"rendered":"<p>Hannes-myrsky katkaisi s\u00e4hk\u00f6t tuhansilta pirkanmaalaisilta. Orivesil\u00e4isen Aino Lammin perheen kotiin s\u00e4hk\u00f6t palasivat vasta viiden ja puolen vuorokauden odotuksen j\u00e4lkeen.<\/p>\n<p class=\"article-body mb-nof-24 px-nof-16\">Aamulehti<\/p>\n<p class=\"article-body mb-nof-24 px-nof-16\">Perjantai 2. tammikuuta oli ilon p\u00e4iv\u00e4 orivesil\u00e4isess\u00e4 Lammin perheess\u00e4, kun s\u00e4hk\u00f6t palasivat taloon. T\u00e4t\u00e4 ennen kuusihenkinen perhe oli sinnitellyt ilman s\u00e4hk\u00f6\u00e4 jo viisi ja puoli vuorokautta Hannes-myrskyn katkottua s\u00e4hk\u00f6j\u00e4 ymp\u00e4ri Suomen edellisen\u00e4 viikonloppuna.<\/p>\n","protected":false},"excerpt":{"rendered":"Hannes-myrsky katkaisi s\u00e4hk\u00f6t tuhansilta pirkanmaalaisilta. Orivesil\u00e4isen Aino Lammin perheen kotiin s\u00e4hk\u00f6t palasivat vasta viiden ja puolen vuorokauden odotuksen&hellip;\n","protected":false},"author":2,"featured_media":132326,"comment_status":"","ping_status":"","sticky":false,"template":"","format":"standard","meta":{"footnotes":""},"categories":[12],"tags":[157,22,23,26,27,33,31,30,17,24,25,28,29,15,18,21,32,19,20,16],"class_list":{"0":"post-132325","1":"post","2":"type-post","3":"status-publish","4":"format-standard","5":"has-post-thumbnail","7":"category-suomi","8":"tag-aamulehti","9":"tag-breaking-news","10":"tag-breakingnews","11":"tag-featured-news","12":"tag-featurednews","13":"tag-fi","14":"tag-finland","15":"tag-finnish","16":"tag-headlines","17":"tag-latest-news","18":"tag-latestnews","19":"tag-main-news","20":"tag-mainnews","21":"tag-news","22":"tag-otsikot","23":"tag-paauutiset","24":"tag-suomi","25":"tag-top-stories","26":"tag-topstories","27":"tag-uutiset"},"share_on_mastodon":{"url":"https:\/\/pubeurope.com\/@fi\/115830675506918322","error":""},"_links":{"self":[{"href":"https:\/\/www.europesays.com\/fi\/wp-json\/wp\/v2\/posts\/132325","targetHints":{"allow":["GET"]}}],"collection":[{"href":"https:\/\/www.europesays.com\/fi\/wp-json\/wp\/v2\/posts"}],"about":[{"href":"https:\/\/www.europesays.com\/fi\/wp-json\/wp\/v2\/types\/post"}],"author":[{"embeddable":true,"href":"https:\/\/www.europesays.com\/fi\/wp-json\/wp\/v2\/users\/2"}],"replies":[{"embeddable":true,"href":"https:\/\/www.europesays.com\/fi\/wp-json\/wp\/v2\/comments?post=132325"}],"version-history":[{"count":0,"href":"https:\/\/www.europesays.com\/fi\/wp-json\/wp\/v2\/posts\/132325\/revisions"}],"wp:featuredmedia":[{"embeddable":true,"href":"https:\/\/www.europesays.com\/fi\/wp-json\/wp\/v2\/media\/132326"}],"wp:attachment":[{"href":"https:\/\/www.europesays.com\/fi\/wp-json\/wp\/v2\/media?parent=132325"}],"wp:term":[{"taxonomy":"category","embeddable":true,"href":"https:\/\/www.europesays.com\/fi\/wp-json\/wp\/v2\/categories?post=132325"},{"taxonomy":"post_tag","embeddable":true,"href":"https:\/\/www.europesays.com\/fi\/wp-json\/wp\/v2\/tags?post=132325"}],"curies":[{"name":"wp","href":"https:\/\/api.w.org\/{rel}","templated":true}]}}