{"id":132327,"date":"2026-01-03T10:23:10","date_gmt":"2026-01-03T10:23:10","guid":{"rendered":"https:\/\/www.europesays.com\/fi\/132327\/"},"modified":"2026-01-03T10:23:10","modified_gmt":"2026-01-03T10:23:10","slug":"etelainen-suomi-sai-jo-lunta-mutta-tykit-laulavat-silti-latujen-saamista-hiihtokuntoon-pitaa-viela-monin-paikoin-odottaa-paijat-hame","status":"publish","type":"post","link":"https:\/\/www.europesays.com\/fi\/132327\/","title":{"rendered":"Etel\u00e4inen Suomi sai jo lunta, mutta tykit laulavat silti \u2013 latujen saamista hiihtokuntoon pit\u00e4\u00e4 viel\u00e4 monin paikoin odottaa | P\u00e4ij\u00e4t-H\u00e4me"},"content":{"rendered":"<p class=\"aw-1gybjub aw-5vja16 kEtdKx kmuxyA yle__article__paragraph\">Luonnonlunta pit\u00e4isi saada viel\u00e4 melko reilusti, jotta hiihtolatuja p\u00e4\u00e4st\u00e4isiin ajamaan maastoon. <\/p>\n<p><img decoding=\"async\" alt=\"Hiiht\u00e4ji\u00e4 ladulla mets\u00e4n l\u00e4heisyydess\u00e4.\" src=\"https:\/\/www.europesays.com\/fi\/wp-content\/uploads\/2026\/01\/39-15759546955089517726.jpeg\" class=\"aw-1l9m598 hKVVvP\"\/><\/p>\n<p>Avaa kuvien katselu<\/p>\n<p>Palohein\u00e4n laduilla Helsingiss\u00e4 oli vipin\u00e4\u00e4 uudenvuodenaattona. Lumetettua latua siell\u00e4 on nyt kilometri, ja tulevana viikonloppuna sit\u00e4 saadaan pidennetty\u00e4 vajaaseen kahteen kilometriin. Kuva: Jari Kovalainen \/ Yle<\/p>\n<ul class=\"aw-1jjocuh iJTSwP yle__article__list yle__article__list--ul\">\n<li class=\"aw-1j7gwms gNYKfi\">Vaikka Etel\u00e4-Suomeen on satanut lunta, se ei riit\u00e4 viel\u00e4 hiihtolatujen tekoon.<\/li>\n<li class=\"aw-1j7gwms gNYKfi\">Luonnonlunta on liian v\u00e4h\u00e4n, joten kaupungit tekev\u00e4t latuja tykkilumen avulla.<\/li>\n<li class=\"aw-1j7gwms gNYKfi\">My\u00f6s tykkilumilatujen teossa on ongelmia. Helsingiss\u00e4 latua on v\u00e4h\u00e4n ja Turussa putkirikko on keskeytt\u00e4nyt ty\u00f6t.<\/li>\n<\/ul>\n<p class=\"aw-1gybjub aw-1p7kakr kEtdKx cEmitX yle__article__paragraph\">Etel\u00e4iseen Suomeen saatiin vuodenvaihteessa lumipeite, mutta luonnonlumista ei tahdo viel\u00e4 synty\u00e4 hiihtolatuja.<\/p>\n<p class=\"aw-1gybjub aw-1p7kakr kEtdKx cEmitX yle__article__paragraph\">Helsingin liikuntapalveluiden tiimiesihenkil\u00f6 <strong class=\"aw-ak79eh KyCXm yle__article__strong\">Mircos Kienanen<\/strong> kertoo, ett\u00e4 lumen koostumuksesta riippuen tarvitaan yleens\u00e4 v\u00e4hint\u00e4\u00e4n 20 senttimetri\u00e4 lunta ennen kuin hiihtolatua pystyt\u00e4\u00e4n tekem\u00e4\u00e4n.<\/p>\n<p><img decoding=\"async\" alt=\"Ulkoilijoita latukoneen l\u00e4hell\u00e4.\" src=\"https:\/\/www.europesays.com\/fi\/wp-content\/uploads\/2026\/01\/39-15759576955089725319.jpeg\" loading=\"lazy\" class=\"aw-1l9m598 hKVVvP\"\/><\/p>\n<p>Avaa kuvien katselu<\/p>\n<p>Palohein\u00e4n ladut Helsingiss\u00e4 houkuttelivat hiiht\u00e4ji\u00e4 uudenvuodenaattona. Kuva: Jari Kovalainen \/ Yle<\/p>\n<p class=\"aw-1gybjub aw-1p7kakr kEtdKx cEmitX yle__article__paragraph\">\u2013 Ei t\u00e4m\u00e4 hirve\u00e4n lupaavalta viel\u00e4 vaikuta. Jos t\u00e4lle p\u00e4iv\u00e4lle luvataan kolmea sentti\u00e4 ja huomiselle kahta sentti\u00e4, niin ne eiv\u00e4t viel\u00e4 pelasta mit\u00e4\u00e4n.<\/p>\n<p class=\"aw-1gybjub aw-1p7kakr kEtdKx cEmitX yle__article__paragraph\">Aiemmin satanut lumi on ollut h\u00f6tt\u00f6ist\u00e4 pakkaslunta, jota tuuli on riepotellut. Kienanen kertoo, ett\u00e4 monilla ulkoilureiteill\u00e4 hiekat ovat viel\u00e4 n\u00e4kyviss\u00e4, joten luonnonladuille ei hetkeen ole asiaa.<\/p>\n<p class=\"aw-1gybjub aw-1p7kakr kEtdKx cEmitX yle__article__paragraph\">Lumetettua latua on nyt Helsingin Palohein\u00e4ss\u00e4 kilometri, ja Kienasen mukaan siihen saadaan viikonloppuna 800 metri\u00e4 lis\u00e4\u00e4 pituutta.<\/p>\n<p>Putkirikko katkaisi lumetuksen Turussa<\/p>\n<p class=\"aw-1gybjub aw-1p7kakr kEtdKx cEmitX yle__article__paragraph\">Turussa hiiht\u00e4m\u00e4\u00e4n p\u00e4\u00e4sy\u00e4 joudutaan viel\u00e4 odottamaan tykkilumiladullakin, mutta ty\u00f6t ovat t\u00e4ydess\u00e4 vauhdissa. Tykkilumen teko aloitettiin tiistaina. Torstai-illasta l\u00e4htien lunta on p\u00e4\u00e4sty ajamaan ladulle.<\/p>\n<p class=\"aw-1gybjub aw-1p7kakr kEtdKx cEmitX yle__article__paragraph\">Liikuntapaikkamestari <strong class=\"aw-ak79eh KyCXm yle__article__strong\">Joni \u00d6sterlund<\/strong> kertoo, ett\u00e4 lumetettuna on toistaiseksi jokunen sata metri\u00e4 1,7 kilometrin mittaisesta ladusta.<\/p>\n<p><img decoding=\"async\" alt=\"Nelj\u00e4 lumitykki\u00e4, jotka eiv\u00e4t ole k\u00e4yt\u00f6ss\u00e4. Taivaalta pyrytt\u00e4\u00e4 lunta. Taustalla on kerrostaloja. \" src=\"https:\/\/www.europesays.com\/fi\/wp-content\/uploads\/2026\/01\/39-15765276957b900e0a3a.jpeg\" loading=\"lazy\" class=\"aw-1l9m598 hKVVvP\"\/><\/p>\n<p>Avaa kuvien katselu<\/p>\n<p>Perjantain lumipyryst\u00e4 Turussa on enemm\u00e4n haittaa kuin hy\u00f6ty\u00e4 tykkilumiladun ajamisessa. Kuva: Paula Collin \/ Yle<\/p>\n<p class=\"aw-1gybjub aw-1p7kakr kEtdKx cEmitX yle__article__paragraph\">Ladun saaminen hiihtokuntoon ei tapahdu hetkess\u00e4, vaikka t\u00f6it\u00e4 tehd\u00e4\u00e4nkin y\u00f6t\u00e4 p\u00e4iv\u00e4\u00e4 kahdessa vuorossa. Nyt tykit kuitenkin seisovat toimettomina, sill\u00e4 heti vuoden vaihtumisen j\u00e4lkeen rikkoutunut putki pakotti keskeytt\u00e4m\u00e4\u00e4n lumettamisen.<\/p>\n<p class=\"aw-1gybjub aw-1p7kakr kEtdKx cEmitX yle__article__paragraph\">Onneksi lunta ehdittiin jo tehd\u00e4 iso kasa.<\/p>\n<p class=\"aw-1gybjub aw-1p7kakr kEtdKx cEmitX yle__article__paragraph\">Lunta on pyrytt\u00e4nyt Turussa my\u00f6s taivaalta runsaasti perjantain vastaisesta y\u00f6st\u00e4 alkaen. Se ei kuitenkaan auta Impivaaran ladun teossa.<\/p>\n<p class=\"aw-1gybjub aw-1p7kakr kEtdKx cEmitX yle__article__paragraph\">Mit\u00e4 enemm\u00e4n tulee lunta, sit\u00e4 vaikeampi ladulle on p\u00e4\u00e4st\u00e4 traktorin kanssa levitt\u00e4m\u00e4\u00e4n tykkilunta, \u00d6sterlund kertoo.<\/p>\n<p class=\"aw-1gybjub aw-1p7kakr kEtdKx cEmitX yle__article__paragraph\">Muille reiteille luonnonlunta kuitenkin odotetaan. Latupohjia p\u00e4\u00e4st\u00e4\u00e4n tamppaamaan ensi viikolla, ja varsinaiset ladut ajetaan, kun lunta tulee seuraavan kerran.<\/p>\n<p><img decoding=\"async\" alt=\"Keltainen traktori lastaa lunta toisen traktorin per\u00e4k\u00e4rryyn. Taustalla on iso lumikasa, taivaalta pyrytt\u00e4\u00e4 sakeasti lunta.\" src=\"https:\/\/www.europesays.com\/fi\/wp-content\/uploads\/2026\/01\/39-15765266957b90097d2b.jpeg\" loading=\"lazy\" class=\"aw-1l9m598 hKVVvP\"\/><\/p>\n<p>Avaa kuvien katselu<\/p>\n<p>Tykkilunta ehdittiin tehd\u00e4 Turussa kasaan ennen kuin lumitykit putosivat pois pelist\u00e4. Kuva: Paula Collin \/ YleMy\u00f6s Lahti ja Riihim\u00e4ki odottavat lis\u00e4\u00e4 lunta<\/p>\n<p class=\"aw-1gybjub aw-1p7kakr kEtdKx cEmitX yle__article__paragraph\">Riihim\u00e4ell\u00e4 Riutan kuntoladulla tykkilumetus on alkanut. Lahdessa on p\u00e4\u00e4ssyt hiiht\u00e4m\u00e4\u00e4n ensilumenladulla jo marraskuun lopulta.<\/p>\n<p><img decoding=\"async\" alt=\"Hiiht\u00e4ji\u00e4 Lahden ensilumenladulla. \" src=\"https:\/\/www.europesays.com\/fi\/wp-content\/uploads\/2026\/01\/39-15764696957ad9043dd6.jpeg\" loading=\"lazy\" class=\"aw-1l9m598 hKVVvP\"\/><\/p>\n<p>Avaa kuvien katselu<\/p>\n<p>S\u00e4il\u00f6lumella alkuun saatu ensilumenlatu Lahden Salpaussel\u00e4ll\u00e4 on ollut ahkerassa k\u00e4yt\u00f6ss\u00e4 jo viikkoja.  Kuva: Juha-Petri Koponen \/ Yle<\/p>\n<p class=\"aw-1gybjub aw-1p7kakr kEtdKx cEmitX yle__article__paragraph\">Latujen ajaminen muualle maastoon ei kuitenkaan viel\u00e4 onnistu, koska lumi ei riit\u00e4.<\/p>\n<p class=\"aw-1gybjub aw-1p7kakr kEtdKx cEmitX yle__article__paragraph\">Etel\u00e4isen Suomen kaupungit ovat aloitelleet my\u00f6s luistelukenttien j\u00e4\u00e4dytyksi\u00e4.<\/p>\n<p>Muu muassa Riihim\u00e4ki on alkanut j\u00e4\u00e4dytt\u00e4\u00e4 luistelukentti\u00e4. Kaupunki on alkanut tehd\u00e4 my\u00f6s tykkilunta Riutan kuntoladulle. Video: Miki Wallenius \/ Yle<\/p>\n<p class=\"aw-1gybjub aw-1p7kakr kEtdKx cEmitX yle__article__paragraph\">S\u00e4\u00e4ennuste lupaa Etel\u00e4-Suomeen viikonlopuksi paikoin sankkaakin lumisadetta.<\/p>\n","protected":false},"excerpt":{"rendered":"Luonnonlunta pit\u00e4isi saada viel\u00e4 melko reilusti, jotta hiihtolatuja p\u00e4\u00e4st\u00e4isiin ajamaan maastoon. Avaa kuvien katselu Palohein\u00e4n laduilla Helsingiss\u00e4 oli&hellip;\n","protected":false},"author":2,"featured_media":132328,"comment_status":"","ping_status":"","sticky":false,"template":"","format":"standard","meta":{"footnotes":""},"categories":[5],"tags":[22,23,26,27,33,31,30,17,104,1794,71,23340,1801,24,25,9765,28,29,15,18,21,1268,1791,32,10305,19,20,662,23341,1168,16,663,447],"class_list":{"0":"post-132327","1":"post","2":"type-post","3":"status-publish","4":"format-standard","5":"has-post-thumbnail","7":"category-otsikot","8":"tag-breaking-news","9":"tag-breakingnews","10":"tag-featured-news","11":"tag-featurednews","12":"tag-fi","13":"tag-finland","14":"tag-finnish","15":"tag-headlines","16":"tag-helsinki","17":"tag-kanta-hame","18":"tag-kotimaa","19":"tag-ladut","20":"tag-lahti","21":"tag-latest-news","22":"tag-latestnews","23":"tag-lumi","24":"tag-main-news","25":"tag-mainnews","26":"tag-news","27":"tag-otsikot","28":"tag-paauutiset","29":"tag-paijat-hame","30":"tag-riihimaki","31":"tag-suomi","32":"tag-talvisaa","33":"tag-top-stories","34":"tag-topstories","35":"tag-turku","36":"tag-tykkilumi","37":"tag-uusimaa","38":"tag-uutiset","39":"tag-varsinais-suomi","40":"tag-ymparisto"},"share_on_mastodon":{"url":"https:\/\/pubeurope.com\/@fi\/115830679348457591","error":""},"_links":{"self":[{"href":"https:\/\/www.europesays.com\/fi\/wp-json\/wp\/v2\/posts\/132327","targetHints":{"allow":["GET"]}}],"collection":[{"href":"https:\/\/www.europesays.com\/fi\/wp-json\/wp\/v2\/posts"}],"about":[{"href":"https:\/\/www.europesays.com\/fi\/wp-json\/wp\/v2\/types\/post"}],"author":[{"embeddable":true,"href":"https:\/\/www.europesays.com\/fi\/wp-json\/wp\/v2\/users\/2"}],"replies":[{"embeddable":true,"href":"https:\/\/www.europesays.com\/fi\/wp-json\/wp\/v2\/comments?post=132327"}],"version-history":[{"count":0,"href":"https:\/\/www.europesays.com\/fi\/wp-json\/wp\/v2\/posts\/132327\/revisions"}],"wp:featuredmedia":[{"embeddable":true,"href":"https:\/\/www.europesays.com\/fi\/wp-json\/wp\/v2\/media\/132328"}],"wp:attachment":[{"href":"https:\/\/www.europesays.com\/fi\/wp-json\/wp\/v2\/media?parent=132327"}],"wp:term":[{"taxonomy":"category","embeddable":true,"href":"https:\/\/www.europesays.com\/fi\/wp-json\/wp\/v2\/categories?post=132327"},{"taxonomy":"post_tag","embeddable":true,"href":"https:\/\/www.europesays.com\/fi\/wp-json\/wp\/v2\/tags?post=132327"}],"curies":[{"name":"wp","href":"https:\/\/api.w.org\/{rel}","templated":true}]}}