{"id":132343,"date":"2026-01-03T11:01:07","date_gmt":"2026-01-03T11:01:07","guid":{"rendered":"https:\/\/www.europesays.com\/fi\/132343\/"},"modified":"2026-01-03T11:01:07","modified_gmt":"2026-01-03T11:01:07","slug":"jutta-leerdam-kertoi-jymyuutisesta-somekuvalla-jake-paulilta-tiukka-vastaus","status":"publish","type":"post","link":"https:\/\/www.europesays.com\/fi\/132343\/","title":{"rendered":"Jutta Leerdam kertoi jymyuutisesta somekuvalla \u2013 Jake Paulilta tiukka vastaus"},"content":{"rendered":"<p>Jutta Leerdam p\u00e4\u00e4see olympialaisiin.<\/p>\n<p class=\"article-body mb-nof-24 px-nof-16\">Hollantilainen pikaluistelija <a class=\"font-bold underline-offset-[0.12em] [text-decoration:var(--person-link-text-decoration)] ![text-decoration-color:var(--person-link-text-decoration-color)]\" href=\"https:\/\/www.is.fi\/haku\/?query=Jutta%20Leerdam\" rel=\"nofollow noopener\" target=\"_blank\">Jutta Leerdam<\/a> p\u00e4\u00e4see kuin p\u00e4\u00e4seekin kilpailemaan Milano-Cortinan talviolympialaisissa ensi kuussa.<\/p>\n<p class=\"article-body mb-nof-24 px-nof-16\">Leerdam, 27, tuli toiseksi kakkosmatkallaan 500 metrill\u00e4 olympiakarsinnoissa, mik\u00e4 riitti lopulta varmistamaan h\u00e4nelle olympiapaikan.<\/p>\n<p class=\"article-body mb-nof-24 px-nof-16\">Viel\u00e4 isompi uutinen Leerdamille on kuitenkin se, ett\u00e4 h\u00e4n p\u00e4\u00e4see kisaamaan ykk\u00f6smatkallaan 1\u202f000 metrill\u00e4 huolimatta siit\u00e4, ett\u00e4 h\u00e4n kaatui sen karsinnassa ja j\u00e4i viimeiseksi. Kaatuminen her\u00e4tti hetkellisesti pelon jopa siit\u00e4, ett\u00e4 Leerdam j\u00e4\u00e4 kokonaan ulos olympialaisista.<\/p>\n<p class=\"article-body mb-nof-24 px-nof-16\">Hollannilla oli kuitenkin t\u00e4ytett\u00e4v\u00e4n\u00e4\u00e4n yksi vapaa paikka 1\u202f000 metrille, ja maan pikaluisteluliitto valitsi Leerdamin.<\/p>\n<p class=\"article-body mb-nof-24 px-nof-16\">Leerdam voitti matkalla olympiahopeaa Pekingiss\u00e4 2022. H\u00e4n on my\u00f6s sen kaksinkertainen maailmanmestari.<\/p>\n<p class=\"article-body mb-nof-24 px-nof-16\">Leerdam iloitsi valintojaan julkaisemalla Instagramiin kuvan itsest\u00e4\u00e4n ja olympiarenkaista.<\/p>\n<p class=\"article-body mb-nof-24 px-nof-16\">\u2013 N\u00e4hd\u00e4\u00e4n Milanossa 500 ja 1\u202f000 metrill\u00e4! Leerdam kirjoitti julkaisun saatetekstiss\u00e4.<\/p>\n<p class=\"article-body mb-nof-24 px-nof-16\">Pikaluistelijan kuva on ker\u00e4nnyt paljon onnittelevia kommentteja.<\/p>\n<p class=\"article-body mb-nof-24 px-nof-16\">Mukana kommentoijien joukossa on tietysti my\u00f6s Leerdamin kihlattu, kohunyrkkeilij\u00e4 <a class=\"font-bold underline-offset-[0.12em] [text-decoration:var(--person-link-text-decoration)] ![text-decoration-color:var(--person-link-text-decoration-color)]\" href=\"https:\/\/www.is.fi\/haku\/?query=Jake%20Paul\" rel=\"nofollow noopener\" target=\"_blank\">Jake Paul<\/a>, 28.<\/p>\n<p class=\"article-body mb-nof-24 px-nof-16\">Paul kommentoi kuvaa lyhyesti kolmella lukkoa esitt\u00e4v\u00e4ll\u00e4 emojilla.<\/p>\n<p><img decoding=\"async\" src=\"https:\/\/www.europesays.com\/fi\/wp-content\/uploads\/2026\/01\/1767438067_677_468.jpg\" alt=\"Jake Paul kuvattiin seuraamassa Leerdamin olympiakarsintoja.\" class=\"_Img_1rerz_1\" style=\"aspect-ratio:1.7777777777777777\" loading=\"eager\"\/><\/p>\n<p class=\"article-picture-caption\">Jake Paul kuvattiin seuraamassa Leerdamin olympiakarsintoja. Kuva:\u00a0SEM VAN DER WAL<\/p>\n<p class=\"article-body mb-nof-24 px-nof-16\">Paul, 28, otteli hiljattain superseuratun ottelun raskaansarjan entist\u00e4 maailmanmestaria <a class=\"font-bold underline-offset-[0.12em] [text-decoration:var(--person-link-text-decoration)] ![text-decoration-color:var(--person-link-text-decoration-color)]\" href=\"https:\/\/www.is.fi\/haku\/?query=Anthony%20Joshuaa\" rel=\"nofollow noopener\" target=\"_blank\">Anthony Joshuaa<\/a> vastaan. Paul tyrm\u00e4ttiin kuudennessa er\u00e4ss\u00e4 ja h\u00e4nen leukansa murtui kahdesta kohtaa.<\/p>\n<p class=\"article-body mb-nof-24 px-nof-16\">Paul on kertonut pit\u00e4v\u00e4ns\u00e4 nyt taukoa nyrkkeilyst\u00e4 tukeakseen puolisoaan olympialaisissa.<\/p>\n","protected":false},"excerpt":{"rendered":"Jutta Leerdam p\u00e4\u00e4see olympialaisiin. Hollantilainen pikaluistelija Jutta Leerdam p\u00e4\u00e4see kuin p\u00e4\u00e4seekin kilpailemaan Milano-Cortinan talviolympialaisissa ensi kuussa. Leerdam, 27,&hellip;\n","protected":false},"author":2,"featured_media":132344,"comment_status":"","ping_status":"","sticky":false,"template":"","format":"standard","meta":{"footnotes":""},"categories":[136],"tags":[407,137,33,31,30,34,408,32,109],"class_list":{"0":"post-132343","1":"post","2":"type-post","3":"status-publish","4":"format-standard","5":"has-post-thumbnail","7":"category-julkkikset","8":"tag-celebrities","9":"tag-entertainment","10":"tag-fi","11":"tag-finland","12":"tag-finnish","13":"tag-ilta-sanomat","14":"tag-julkkikset","15":"tag-suomi","16":"tag-viihde"},"share_on_mastodon":{"url":"https:\/\/pubeurope.com\/@fi\/115830828766600710","error":""},"_links":{"self":[{"href":"https:\/\/www.europesays.com\/fi\/wp-json\/wp\/v2\/posts\/132343","targetHints":{"allow":["GET"]}}],"collection":[{"href":"https:\/\/www.europesays.com\/fi\/wp-json\/wp\/v2\/posts"}],"about":[{"href":"https:\/\/www.europesays.com\/fi\/wp-json\/wp\/v2\/types\/post"}],"author":[{"embeddable":true,"href":"https:\/\/www.europesays.com\/fi\/wp-json\/wp\/v2\/users\/2"}],"replies":[{"embeddable":true,"href":"https:\/\/www.europesays.com\/fi\/wp-json\/wp\/v2\/comments?post=132343"}],"version-history":[{"count":0,"href":"https:\/\/www.europesays.com\/fi\/wp-json\/wp\/v2\/posts\/132343\/revisions"}],"wp:featuredmedia":[{"embeddable":true,"href":"https:\/\/www.europesays.com\/fi\/wp-json\/wp\/v2\/media\/132344"}],"wp:attachment":[{"href":"https:\/\/www.europesays.com\/fi\/wp-json\/wp\/v2\/media?parent=132343"}],"wp:term":[{"taxonomy":"category","embeddable":true,"href":"https:\/\/www.europesays.com\/fi\/wp-json\/wp\/v2\/categories?post=132343"},{"taxonomy":"post_tag","embeddable":true,"href":"https:\/\/www.europesays.com\/fi\/wp-json\/wp\/v2\/tags?post=132343"}],"curies":[{"name":"wp","href":"https:\/\/api.w.org\/{rel}","templated":true}]}}