{"id":132356,"date":"2026-01-03T11:15:07","date_gmt":"2026-01-03T11:15:07","guid":{"rendered":"https:\/\/www.europesays.com\/fi\/132356\/"},"modified":"2026-01-03T11:15:07","modified_gmt":"2026-01-03T11:15:07","slug":"olkiluoto-2-tuottaa-jalleen-sahkoa","status":"publish","type":"post","link":"https:\/\/www.europesays.com\/fi\/132356\/","title":{"rendered":"Olkiluoto 2 tuottaa j\u00e4lleen s\u00e4hk\u00f6\u00e4"},"content":{"rendered":"<p class=\"ai-optimize-6 ai-optimize-introduction\">Olkiluoto 2 -laitos tuottaa j\u00e4lleen s\u00e4hk\u00f6\u00e4, tiedottaa Teollisuuden Voima (TVO) -yhti\u00f6 viestipalvelu X:ss\u00e4.<\/p>\n<p class=\"ai-optimize-7\"><a href=\"https:\/\/www.verkkouutiset.fi\/a\/olkiluoto-2n-sahkontuotanto-keskeytynyt\/#73e6cf30\" target=\"_blank\" rel=\"noopener nofollow\">Reaktorilaitoksella havaittiin vika<\/a> perjantaina noin klo 11. Yhti\u00f6 tiedotti eilen, ett\u00e4 s\u00e4hk\u00f6ntuotanto keskeytettiin havaitun vikatilanteen vuoksi.<\/p>\n<p class=\"ai-optimize-8\">Yhti\u00f6 kertoo nyt, ett\u00e4 Olkiluoto 2 tahdistettiin takaisin valtakunnan s\u00e4hk\u00f6verkkoon t\u00e4n\u00e4\u00e4n lauantaina 3. tammikuuta kello 4.45.<\/p>\n<p class=\"ai-optimize-9\">\u2013 Olkiluoto 2 -laitosyksik\u00f6ll\u00e4 toteutettiin 2. tammikuuta reaktorin tehons\u00e4\u00e4t\u00f6j\u00e4rjestelm\u00e4n ohjelmiston p\u00e4ivityst\u00e4, jonka yhteydess\u00e4 tapahtui vikatilanne ja reaktoripikasulku, yhti\u00f6n julkaisussa todetaan.<\/p>\n<p class=\"ai-optimize-10\">Reaktorin tehons\u00e4\u00e4t\u00f6j\u00e4rjestelm\u00e4n ohjelmisto on yhti\u00f6n mukaan p\u00e4ivitetty ja s\u00e4hk\u00f6ntuotantoa p\u00e4\u00e4stiin jatkamaan.<\/p>\n<p class=\"ai-optimize-11\">Tuotantokatkos kesti 17 tuntia 46 minuuttia. Tehonnosto kest\u00e4\u00e4 noin 10 tuntia.<\/p>\n<blockquote class=\"twitter-tweet\" data-width=\"550\" data-dnt=\"true\">\n<p lang=\"fi\" dir=\"ltr\">Olkiluoto 2 -laitosyksikk\u00f6 (OL2) tahdistettiin takaisin valtakunnan s\u00e4hk\u00f6verkkoon t\u00e4n\u00e4\u00e4n lauantaina 3. tammikuuta kello 4.45. Olkiluoto 2 -laitosyksik\u00f6ll\u00e4 toteutettiin 2. tammikuuta reaktorin tehons\u00e4\u00e4t\u00f6j\u00e4rjestelm\u00e4n ohjelmiston p\u00e4ivityst\u00e4, jonka yhteydess\u00e4 tapahtui vikatilanne ja\u2026 <a href=\"https:\/\/t.co\/CUoCYVLBaM\" rel=\"nofollow\">pic.twitter.com\/CUoCYVLBaM<\/a><\/p>\n<p>\u2014 Teollisuuden Voima (@tvo_fi) <a href=\"https:\/\/twitter.com\/tvo_fi\/status\/2007290461052899572?ref_src=twsrc%5Etfw\" rel=\"nofollow noopener\" target=\"_blank\">January 3, 2026<\/a><\/p>\n<\/blockquote>\n<p>\t\t\t\t<script async src=\"https:\/\/platform.twitter.com\/widgets.js\" charset=\"utf-8\"><\/script><\/p>\n","protected":false},"excerpt":{"rendered":"Olkiluoto 2 -laitos tuottaa j\u00e4lleen s\u00e4hk\u00f6\u00e4, tiedottaa Teollisuuden Voima (TVO) -yhti\u00f6 viestipalvelu X:ss\u00e4. Reaktorilaitoksella havaittiin vika perjantaina noin&hellip;\n","protected":false},"author":2,"featured_media":132357,"comment_status":"","ping_status":"","sticky":false,"template":"","format":"standard","meta":{"footnotes":""},"categories":[5],"tags":[22,23,2038,26,27,33,31,30,17,24,25,28,29,15,18,21,32,78,19,20,16],"class_list":{"0":"post-132356","1":"post","2":"type-post","3":"status-publish","4":"format-standard","5":"has-post-thumbnail","7":"category-otsikot","8":"tag-breaking-news","9":"tag-breakingnews","10":"tag-energia","11":"tag-featured-news","12":"tag-featurednews","13":"tag-fi","14":"tag-finland","15":"tag-finnish","16":"tag-headlines","17":"tag-latest-news","18":"tag-latestnews","19":"tag-main-news","20":"tag-mainnews","21":"tag-news","22":"tag-otsikot","23":"tag-paauutiset","24":"tag-suomi","25":"tag-talous","26":"tag-top-stories","27":"tag-topstories","28":"tag-uutiset"},"share_on_mastodon":{"url":"https:\/\/pubeurope.com\/@fi\/115830883750413755","error":""},"_links":{"self":[{"href":"https:\/\/www.europesays.com\/fi\/wp-json\/wp\/v2\/posts\/132356","targetHints":{"allow":["GET"]}}],"collection":[{"href":"https:\/\/www.europesays.com\/fi\/wp-json\/wp\/v2\/posts"}],"about":[{"href":"https:\/\/www.europesays.com\/fi\/wp-json\/wp\/v2\/types\/post"}],"author":[{"embeddable":true,"href":"https:\/\/www.europesays.com\/fi\/wp-json\/wp\/v2\/users\/2"}],"replies":[{"embeddable":true,"href":"https:\/\/www.europesays.com\/fi\/wp-json\/wp\/v2\/comments?post=132356"}],"version-history":[{"count":0,"href":"https:\/\/www.europesays.com\/fi\/wp-json\/wp\/v2\/posts\/132356\/revisions"}],"wp:featuredmedia":[{"embeddable":true,"href":"https:\/\/www.europesays.com\/fi\/wp-json\/wp\/v2\/media\/132357"}],"wp:attachment":[{"href":"https:\/\/www.europesays.com\/fi\/wp-json\/wp\/v2\/media?parent=132356"}],"wp:term":[{"taxonomy":"category","embeddable":true,"href":"https:\/\/www.europesays.com\/fi\/wp-json\/wp\/v2\/categories?post=132356"},{"taxonomy":"post_tag","embeddable":true,"href":"https:\/\/www.europesays.com\/fi\/wp-json\/wp\/v2\/tags?post=132356"}],"curies":[{"name":"wp","href":"https:\/\/api.w.org\/{rel}","templated":true}]}}