{"id":132360,"date":"2026-01-03T11:27:07","date_gmt":"2026-01-03T11:27:07","guid":{"rendered":"https:\/\/www.europesays.com\/fi\/132360\/"},"modified":"2026-01-03T11:27:07","modified_gmt":"2026-01-03T11:27:07","slug":"juontaja-tuija-pehkonen-avautuu-elaman-haasteista-itkuinen-video","status":"publish","type":"post","link":"https:\/\/www.europesays.com\/fi\/132360\/","title":{"rendered":"Juontaja Tuija Pehkonen avautuu el\u00e4m\u00e4n haasteista: Itkuinen video!"},"content":{"rendered":"<p>            ATTE KAJOVA\n        <\/p>\n<p class=\"subtitle \">Tuija kertoo, ettei h\u00e4nen vuotensa ole ollut pelkk\u00e4\u00e4 ruusuilla tanssimista.<\/p>\n<p class=\"article-content article-content-width !bg-background\">Juontaja , 40, el\u00e4\u00e4 parhaillaan ruuhkavuosia. Tuijalla on lumilautailijapuolisonsa  kanssa kaksi p\u00e4iv\u00e4koti-ik\u00e4ist\u00e4 lasta.\u00a0<\/p>\n<p class=\"article-content article-content-width !bg-background\">Tuija kertoo perhearjestaan melko ahkerasti sosiaalisessa mediassa. Monista somekasvoista poiketen h\u00e4n on kuitenkin p\u00e4\u00e4tt\u00e4nyt n\u00e4ytt\u00e4\u00e4 seuraajilleen my\u00f6s el\u00e4m\u00e4n raadollisemman puolen.\u00a0<\/p>\n<p>Surulliset joulut<\/p>\n<p class=\"article-content article-content-width !bg-background\">Ennen loppuvuoden pyhi\u00e4 <a href=\"https:\/\/www.seiska.fi\/kotimaa\/tuija-pehkoselta-rehellinen-joulutilitys-meni-overiksi\/2029665\" target=\"_blank\" rel=\"nofollow noopener\">Tuija paljasti kokeneensa hyvin monenlaisia jouluja<\/a>, joista kaikki eiv\u00e4t olleet pelk\u00e4st\u00e4\u00e4n onnellisia.<\/p>\n<p>        <a itemprop=\"url\" href=\"https:\/\/www.seiska.fi\/kotimaa\/tuija-pehkonen-avautuu-valtavasta-elamanmuutoksesta\/2005070\" rel=\"nofollow noopener\" target=\"_blank\"><\/p>\n<p>\nTuija Pehkonen avoimena\n<\/p>\n<p class=\"section-date\">\n        <strong class=\"article-section\" data-section=\"kotimaa\"><br \/>\n            kotimaa<br \/>\n        <\/strong><br \/>\n        26.11.2025 20:30\n    <\/p>\n<p>Tuija Pehkonen avautuu valtavasta el\u00e4m\u00e4nmuutoksesta\n    <\/p>\n<p itemprop=\"description\" class=\"subtitle \">\n    Tuija paljasti aiemmin t\u00e4ss\u00e4 kuussa, ett\u00e4 h\u00e4n muuttaa perheineen Helsingist\u00e4 Lappiin.\n<\/p>\n<p>        <\/a><\/p>\n<p class=\"article-content article-content-width !bg-background\">Esimerkiksi ensimm\u00e4inen joulu <a href=\"https:\/\/www.instagram.com\/p\/DSmLPevCMwk\/?img_index=1\" target=\"_blank\" rel=\"nofollow noopener\">vanhempien eron j\u00e4lkeen <\/a>on j\u00e4\u00e4nyt radio\u00e4\u00e4nen mieleen alakuloisena. Niin ik\u00e4\u00e4n is\u00e4n kuoleman j\u00e4lkeinen joulu oli ymm\u00e4rrett\u00e4v\u00e4sti surullinen.\u00a0<\/p>\n<p>                <img decoding=\"async\" src=\"https:\/\/www.europesays.com\/fi\/wp-content\/uploads\/2026\/01\/2036664.webp.jpeg\" width=\"576\" height=\"720\" alt=\"Tuija ja Eero l\u00f6ysiv\u00e4t toisensa vuonna 2017. Sittemmin onni on t\u00e4ydentynyt kahdella lapsella.\" loading=\"lazy\" \/>            <\/p>\n<p>\n            Tuija ja Eero l\u00f6ysiv\u00e4t toisensa vuonna 2017. Sittemmin onni on t\u00e4ydentynyt kahdella lapsella.<br \/>\n            TIMO KORHONEN\n        <\/p>\n<p class=\"article-content article-content-width !bg-background\">Apealla ulostulollaan Tuija halusi muistuttaa seuraajiaan siit\u00e4, ettei jokainen joulu ole tietynlainen. Juontaja siis tarjosi vertaistukea sit\u00e4 mahdollisesti kaipaaville.\u00a0<\/p>\n<p>Itkuinen ulostulo<\/p>\n<p class=\"article-content article-content-width !bg-background\">Sama linja on jatkunut vuoden vaihduttua. Tuija julkaisi 2. tammikuuta itsest\u00e4\u00e4n videon, jossa h\u00e4nen silm\u00e4ns\u00e4 ovat itkusta turvonneet.\u00a0<\/p>\n<p>        <a itemprop=\"url\" href=\"https:\/\/www.seiska.fi\/kotimaa\/yhteishyva-tuija-pehkoselta-jattiyllatys\/1992176\" rel=\"nofollow noopener\" target=\"_blank\"><\/p>\n<p>\nYhteishyv\u00e4:\n<\/p>\n<p class=\"section-date\">\n        <strong class=\"article-section\" data-section=\"kotimaa\"><br \/>\n            kotimaa<br \/>\n        <\/strong><br \/>\n        13.11.2025 14:59\n    <\/p>\n<p>Yhteishyv\u00e4: Tuija Pehkoselta j\u00e4ttiyll\u00e4tys!\n    <\/p>\n<p itemprop=\"description\" class=\"subtitle \">\n    Juontaja-toimittaja Tuija Pehkosen perheess\u00e4 puhaltavat uudet tuulet.\n<\/p>\n<p>        <\/a><\/p>\n<p class=\"article-content article-content-width !bg-background\">\u2013\u00a0T\u00e4n videon kuvasin yhten\u00e4 sellaisena p\u00e4iv\u00e4n\u00e4, kun kaks isoa projektia kariutui maaliviivoilla. Siin\u00e4 vaiheessa, kun olin tehnyt jo aivan sairaasti t\u00f6it\u00e4, ehtinyt innostua ja j\u00e4rjestell\u00e4 asiat uuteen uskoon, Tuija selitt\u00e4\u00e4.<\/p>\n<p>                <img decoding=\"async\" src=\"https:\/\/www.europesays.com\/fi\/wp-content\/uploads\/2026\/01\/2036666.webp.jpeg\" width=\"576\" height=\"322\" alt=\"Tuijalla on riitt\u00e4nyt t\u00f6it\u00e4 tasaiseen tahtiin. Kaikki projektit eiv\u00e4t kuitenkaan aina onnistu.\" loading=\"lazy\" \/>            <\/p>\n<p>\n            Tuijalla on riitt\u00e4nyt t\u00f6it\u00e4 tasaiseen tahtiin. Kaikki projektit eiv\u00e4t kuitenkaan aina onnistu.<br \/>\n            Timo Korhonen\n        <\/p>\n<p class=\"article-content article-content-width !bg-background\">Uutena vuotena etenkin monet julkimot julkaisevat kiiltokuvamaisia koosteita menneest\u00e4 vuodestaan.\u00a0Tuija jakoi intiimin videon, koska halusi j\u00e4lleen muistuttaa seuraajiaan siit\u00e4, ettei some ole koko totuus.\u00a0<\/p>\n<p>        <a itemprop=\"url\" href=\"https:\/\/www.seiska.fi\/katso\/heikki-paasosen-marita-vaimolta-harski-lipsautus-tvssa\/1982812\" rel=\"nofollow noopener\" target=\"_blank\"><\/p>\n<p>\nHeikki Paasosen vaimo\n<\/p>\n<p class=\"section-date\">\n        <strong class=\"article-section\" data-section=\"katso\"><br \/>\n            katso<br \/>\n        <\/strong><br \/>\n        4.11.2025 13:15\n    <\/p>\n<p>Heikki Paasosen Marita-vaimolta h\u00e4rski lipsautus tv:ss\u00e4\n    <\/p>\n<p itemprop=\"description\" class=\"subtitle \">\n    Marita Paasosen tv-haastattelu sai hieman kaksimielisen k\u00e4\u00e4nteen.\n<\/p>\n<p>        <\/a><\/p>\n<p class=\"article-content article-content-width !bg-background\">\u2013\u00a0Jos viime vuosi ei mennyt ihan niin kuin olisit toivonut ja tuleva ahdistaa, ei h\u00e4t\u00e4\u00e4. Tosi monella on sama fiilis, h\u00e4n kirjoittaa lis\u00e4ten:<\/p>\n<p class=\"article-content article-content-width !bg-background\">\u2013 Kyll\u00e4 t\u00e4\u00e4 t\u00e4st\u00e4.<\/p>\n<p class=\"italic m-italic article-content article-content-width !bg-background\">Jos upotus ei n\u00e4y, <a href=\"https:\/\/www.instagram.com\/p\/DTA4o4WCIJU\/\" target=\"_blank\" rel=\"nofollow noopener\">voit katsoa julkaisun t\u00e4\u00e4lt\u00e4<\/a>.<\/p>\n<p><script async src=\"\/\/www.instagram.com\/embed.js\"><\/script><\/p>\n","protected":false},"excerpt":{"rendered":"ATTE KAJOVA Tuija kertoo, ettei h\u00e4nen vuotensa ole ollut pelkk\u00e4\u00e4 ruusuilla tanssimista. Juontaja , 40, el\u00e4\u00e4 parhaillaan ruuhkavuosia.&hellip;\n","protected":false},"author":2,"featured_media":132361,"comment_status":"","ping_status":"","sticky":false,"template":"","format":"standard","meta":{"footnotes":""},"categories":[136],"tags":[407,6050,137,33,31,30,5856,408,98,3295,32,9382,939,109],"class_list":{"0":"post-132360","1":"post","2":"type-post","3":"status-publish","4":"format-standard","5":"has-post-thumbnail","7":"category-julkkikset","8":"tag-celebrities","9":"tag-eero-ettala","10":"tag-entertainment","11":"tag-fi","12":"tag-finland","13":"tag-finnish","14":"tag-joulu","15":"tag-julkkikset","16":"tag-perhe","17":"tag-perhe-elama","18":"tag-suomi","19":"tag-tuija-pehkonen","20":"tag-tyo","21":"tag-viihde"},"share_on_mastodon":{"url":"https:\/\/pubeurope.com\/@fi\/115830931028126316","error":""},"_links":{"self":[{"href":"https:\/\/www.europesays.com\/fi\/wp-json\/wp\/v2\/posts\/132360","targetHints":{"allow":["GET"]}}],"collection":[{"href":"https:\/\/www.europesays.com\/fi\/wp-json\/wp\/v2\/posts"}],"about":[{"href":"https:\/\/www.europesays.com\/fi\/wp-json\/wp\/v2\/types\/post"}],"author":[{"embeddable":true,"href":"https:\/\/www.europesays.com\/fi\/wp-json\/wp\/v2\/users\/2"}],"replies":[{"embeddable":true,"href":"https:\/\/www.europesays.com\/fi\/wp-json\/wp\/v2\/comments?post=132360"}],"version-history":[{"count":0,"href":"https:\/\/www.europesays.com\/fi\/wp-json\/wp\/v2\/posts\/132360\/revisions"}],"wp:featuredmedia":[{"embeddable":true,"href":"https:\/\/www.europesays.com\/fi\/wp-json\/wp\/v2\/media\/132361"}],"wp:attachment":[{"href":"https:\/\/www.europesays.com\/fi\/wp-json\/wp\/v2\/media?parent=132360"}],"wp:term":[{"taxonomy":"category","embeddable":true,"href":"https:\/\/www.europesays.com\/fi\/wp-json\/wp\/v2\/categories?post=132360"},{"taxonomy":"post_tag","embeddable":true,"href":"https:\/\/www.europesays.com\/fi\/wp-json\/wp\/v2\/tags?post=132360"}],"curies":[{"name":"wp","href":"https:\/\/api.w.org\/{rel}","templated":true}]}}