{"id":132366,"date":"2026-01-03T11:34:08","date_gmt":"2026-01-03T11:34:08","guid":{"rendered":"https:\/\/www.europesays.com\/fi\/132366\/"},"modified":"2026-01-03T11:34:08","modified_gmt":"2026-01-03T11:34:08","slug":"hifklta-valtava-uutinen-kaksi-tahtipelaajaa-palaa-kaukaloon","status":"publish","type":"post","link":"https:\/\/www.europesays.com\/fi\/132366\/","title":{"rendered":"HIFK:lta valtava uutinen: Kaksi t\u00e4htipelaajaa palaa kaukaloon"},"content":{"rendered":"<p>Jori Lehter\u00e4 ja Petteri Lindbohm ovat toipuneet.<\/p>\n<p><img decoding=\"async\" class=\"image image-show image-preview\" src=\"https:\/\/www.europesays.com\/fi\/wp-content\/uploads\/2026\/01\/fcaae924ce4a485b931d4f27cdce39d833920876a1cc4f1e91f35302aa9c092e.jpg\" alt=\"\"\/><img decoding=\"async\" class=\"image image-show\" src=\"https:\/\/www.europesays.com\/fi\/wp-content\/uploads\/2026\/01\/1767440048_116_fcaae924ce4a485b931d4f27cdce39d833920876a1cc4f1e91f35302aa9c092e.jpg\" alt=\"\"\/><\/p>\n<p>Jori Lehter\u00e4 on ollut kuukausia sivussa. Tomi Natri \/ AOP<\/p>\n<p class=\"paragraph\">Helsingin IFK kertoo <strong>Jori Lehter\u00e4n<\/strong> ja <strong>Petteri Lindbohmin<\/strong> toipuneen pelikuntoon.<\/p>\n<p class=\"paragraph\">Kaksikko palaa j\u00e4\u00e4lle jo t\u00e4n\u00e4\u00e4n lauantaina, kun HIFK kohtaa kotiottelussa JYPin.<\/p>\n<p class=\"paragraph\">\u2013 Pari \u00e4ij\u00e4\u00e4 takas laatikkoo, IFK ilmoittaa Instagram-julkaisussa, jossa kaksikko poseeraa.<\/p>\n<p class=\"paragraph\">Lehter\u00e4 on merkitty kokoonpanoissa HIFK:n kapteeniksi.<\/p>\n<p class=\"paragraph\">Valtavasta loukkaantumissumasta k\u00e4rsineelle helsinkil\u00e4isseuralle kaksikon saaminen pelikuntoon on valtava uutinen. Lindbohm ehtii pelata alkukaudesta kaksi ja Lehter\u00e4 yhdeks\u00e4n ottelua ennen loukkaantumista.<\/p>\n<p class=\"paragraph\">Lehter\u00e4n edellinen peli oli 3. lokakuuta, Lindbohmin viel\u00e4kin kauempaa: 12. syyskuuta.<\/p>\n<p class=\"paragraph\">Kahden t\u00e4rke\u00e4n avainpelaajan saaminen takaisin kokoonpanoon helpottaa HIFK:n tilannetta, mutta seura kertoo flunssa-aallon iskeneen joukkueeseen. Kun huomioon otetaan lis\u00e4ksi U20-kisoissa olevan pelaajat, on poissaololista edelleen pitk\u00e4.<\/p>\n<p class=\"paragraph\">Mik\u00e4li sairastuvan \u201dp\u00e4ivi\u00e4 sivussa olevat\u201d ovat kaikki flunssassa, on heit\u00e4 per\u00e4ti viisi kappaletta.<\/p>\n<p>HIFK:n sairastupa<\/p>\n<p class=\"paragraph\">Niko Hovinen (day-to-day)<\/p>\n<p class=\"paragraph\">Hugo Alnefelt (day-to-day)<\/p>\n<p class=\"paragraph\">Paavo Kohonen (day-to-day)<\/p>\n<p class=\"paragraph\">Aatu Karjalainen (day-to-day)<\/p>\n<p class=\"paragraph\">Jesse Sepp\u00e4l\u00e4 (day-to-day)<\/p>\n<p class=\"paragraph\">Ossi Sippola (paluu viikolla 3-5)<\/p>\n<p class=\"paragraph\">Panu Mieho (paluu viikolla 4)<\/p>\n<p class=\"paragraph\">Tony Sund (paluu viikolla 4)<\/p>\n<p class=\"paragraph\">Iiro Pakarinen (paluu viikolla 4)<\/p>\n<p class=\"paragraph\">Eelis Uronen (week-to-week)<\/p>\n<p class=\"paragraph\">Anttoni Uronen (paluu viikolla 5)<\/p>\n<p class=\"paragraph\">Bruno Jalasti (paluu helmikuussa),<\/p>\n<p class=\"paragraph\">Sebastian Repo (paluu helmikuussa)<\/p>\n<p class=\"paragraph\">Valtteri Piironen (paluu maaliskuussa)<\/p>\n<p class=\"paragraph\">Juhani Jasu (arvioidaan)<\/p>\n","protected":false},"excerpt":{"rendered":"Jori Lehter\u00e4 ja Petteri Lindbohm ovat toipuneet. Jori Lehter\u00e4 on ollut kuukausia sivussa. Tomi Natri \/ AOP Helsingin&hellip;\n","protected":false},"author":2,"featured_media":132367,"comment_status":"","ping_status":"","sticky":false,"template":"","format":"standard","meta":{"footnotes":""},"categories":[158],"tags":[35,1274,33,31,30,1143,41,1146,159,32,1145,160],"class_list":{"0":"post-132366","1":"post","2":"type-post","3":"status-publish","4":"format-standard","5":"has-post-thumbnail","7":"category-urheilu","8":"tag-24h","9":"tag-ammattiurheilu","10":"tag-fi","11":"tag-finland","12":"tag-finnish","13":"tag-jaakiekko","14":"tag-liikunta-ja-urheilu","15":"tag-miesten-jaakiekko","16":"tag-sports","17":"tag-suomi","18":"tag-talviurheilu","19":"tag-urheilu"},"share_on_mastodon":{"url":"https:\/\/pubeurope.com\/@fi\/115830958819988377","error":""},"_links":{"self":[{"href":"https:\/\/www.europesays.com\/fi\/wp-json\/wp\/v2\/posts\/132366","targetHints":{"allow":["GET"]}}],"collection":[{"href":"https:\/\/www.europesays.com\/fi\/wp-json\/wp\/v2\/posts"}],"about":[{"href":"https:\/\/www.europesays.com\/fi\/wp-json\/wp\/v2\/types\/post"}],"author":[{"embeddable":true,"href":"https:\/\/www.europesays.com\/fi\/wp-json\/wp\/v2\/users\/2"}],"replies":[{"embeddable":true,"href":"https:\/\/www.europesays.com\/fi\/wp-json\/wp\/v2\/comments?post=132366"}],"version-history":[{"count":0,"href":"https:\/\/www.europesays.com\/fi\/wp-json\/wp\/v2\/posts\/132366\/revisions"}],"wp:featuredmedia":[{"embeddable":true,"href":"https:\/\/www.europesays.com\/fi\/wp-json\/wp\/v2\/media\/132367"}],"wp:attachment":[{"href":"https:\/\/www.europesays.com\/fi\/wp-json\/wp\/v2\/media?parent=132366"}],"wp:term":[{"taxonomy":"category","embeddable":true,"href":"https:\/\/www.europesays.com\/fi\/wp-json\/wp\/v2\/categories?post=132366"},{"taxonomy":"post_tag","embeddable":true,"href":"https:\/\/www.europesays.com\/fi\/wp-json\/wp\/v2\/tags?post=132366"}],"curies":[{"name":"wp","href":"https:\/\/api.w.org\/{rel}","templated":true}]}}