{"id":132368,"date":"2026-01-03T11:35:11","date_gmt":"2026-01-03T11:35:11","guid":{"rendered":"https:\/\/www.europesays.com\/fi\/132368\/"},"modified":"2026-01-03T11:35:11","modified_gmt":"2026-01-03T11:35:11","slug":"ansku-bergstrom-ja-uusi-kumppani-salakuvat","status":"publish","type":"post","link":"https:\/\/www.europesays.com\/fi\/132368\/","title":{"rendered":"Ansku Bergstr\u00f6m ja uusi kumppani: salakuvat!"},"content":{"rendered":"<p>            Kristian Wallin\n        <\/p>\n<p class=\"subtitle \">Kuluneena vuonna Anskun somessa on esiintynyt my\u00f6s mysteerihenkil\u00f6, ja Ansku onkin paljastanut pieni\u00e4 yksityiskohtia rakkausel\u00e4m\u00e4st\u00e4\u00e4n.<\/p>\n<p class=\"article-content article-content-width !bg-background\">Tanssija  vuosi 2025 on ollut varsin tapahtumarikas.<\/p>\n<p class=\"font-weight-bold m-font-weight-bold article-content article-content-width !bg-background\">Video: My\u00f6s Ansku Bergstr\u00f6mill\u00e4 ja Esko Eerik\u00e4isell\u00e4 on ollut sutinaa kesken\u00e4\u00e4n.<\/p>\n<p class=\"article-content article-content-width !bg-background\">Alkuvuodesta Ansku ja h\u00e4nen kumppaninsa, ex-nyrkkeilij\u00e4 , ilmoittivat eroavansa.<\/p>\n<p class=\"article-content article-content-width !bg-background\">Kev\u00e4\u00e4n aikana Ansku jakoi avoimesti paljon tuntemuksiaan liittyen eroon.<\/p>\n<p class=\"article-content article-content-width !bg-background\">Urheilu on my\u00f6s ollut osa h\u00e4nen arkeaan ja ty\u00f6t\u00e4\u00e4n.<\/p>\n<p>        <a itemprop=\"url\" href=\"https:\/\/www.seiska.fi\/kotimaa\/ansku-bergstrom-julkaisi-videon-komean-miehen-kanssa\/1856332\" rel=\"nofollow noopener\" target=\"_blank\"><\/p>\n<p>\nVideo julki\n<\/p>\n<p class=\"section-date\">\n        <strong class=\"article-section\" data-section=\"kotimaa\"><br \/>\n            kotimaa<br \/>\n        <\/strong><br \/>\n        2.7.2025 15:27\n    <\/p>\n<p>Ansku Bergstr\u00f6m julkaisi videon komean miehen kanssa\n    <\/p>\n<p itemprop=\"description\" class=\"subtitle \">\n    Kyseinen komistus ei ole mik\u00e4\u00e4n kuka tahansa naantalilainen \u201dTauno Tasalakki\u201d.\n<\/p>\n<p>        <\/a><\/p>\n<p class=\"article-content article-content-width !bg-background\">Esimerkiksi toukokuussa 39-vuotias Ansku juoksi 55 kilometri\u00e4 suorittaen Karhunkierroksen Kuusamossa.<\/p>\n<p class=\"article-content article-content-width !bg-background\">V\u00e4lit \u201dElluun\u201d vaikuttavat olevan aidosti hyv\u00e4t erosta huolimatta, sill\u00e4 molemmat tykk\u00e4\u00e4v\u00e4t ja kommentoivat toistensa tekemisi\u00e4 s\u00e4\u00e4nn\u00f6llisesti.<\/p>\n<p>                <img decoding=\"async\" src=\"https:\/\/www.europesays.com\/fi\/wp-content\/uploads\/2026\/01\/1843575.webp.jpeg\" width=\"576\" height=\"720\" alt=\"Elina Gustafssonin ja Ansku Bergstr\u00f6min v\u00e4lit ovat eron j\u00e4lkeenkin ilmeisen hyv\u00e4t.\" loading=\"lazy\" \/>            <\/p>\n<p>\n            Elina Gustafssonin ja Ansku Bergstr\u00f6min v\u00e4lit ovat eron j\u00e4lkeenkin ilmeisen hyv\u00e4t.<br \/>\n            Kai Joronen\n        <\/p>\n<p>Uusi henkil\u00f6 el\u00e4m\u00e4ss\u00e4<\/p>\n<p class=\"article-content article-content-width !bg-background\">Loppukes\u00e4st\u00e4 l\u00e4htien Anskun somessa on esiintynyt my\u00f6s mysteerihenkil\u00f6, ja Ansku on paljastanut yksityiskohtia rakkausel\u00e4m\u00e4st\u00e4\u00e4n.<\/p>\n<p class=\"article-content article-content-width !bg-background\">Taannoin h\u00e4n kertoi olevansa onnellinen ja vastasi seuraajalleen, joka kysyi, voisiko Ansku kertoa \u201dhellustaan\u201d.<\/p>\n<p>        <a itemprop=\"url\" href=\"https:\/\/www.seiska.fi\/kotimaa\/ansku-bergstrom-uusi-rakas\/1882512\" rel=\"nofollow noopener\" target=\"_blank\"><\/p>\n<p>\nAnsku Bergstr\u00f6m\n<\/p>\n<p class=\"section-date\">\n        <strong class=\"article-section\" data-section=\"kotimaa\"><br \/>\n            kotimaa<br \/>\n        <\/strong><br \/>\n        29.7.2025 09:35\n    <\/p>\n<p>Ansku Bergstr\u00f6m: uusi rakas!\n    <\/p>\n<p itemprop=\"description\" class=\"subtitle \">\n    Tanssiopettaja erosi alkuvuodesta Elina Gustafssonista. Nyt h\u00e4n vahvistaa olevansa parisuhteessa uuden rakkaan kanssa.\n<\/p>\n<p>        <\/a><\/p>\n<p class=\"article-content article-content-width !bg-background\">Hellu-sanalla viitataan uuteen seurustelukumppaniin.<\/p>\n<p class=\"article-content article-content-width !bg-background\">\u2013 H\u00e4n saa mut nauramaan ja on hyv\u00e4 huumorintaju, Ansku vastasi per\u00e4ti kolmen syd\u00e4nemojin kera Instagramin stoorissaan hein\u00e4kuun lopulla.<\/p>\n<p>                <img decoding=\"async\" src=\"https:\/\/www.europesays.com\/fi\/wp-content\/uploads\/2026\/01\/1831949.webp.jpeg\" width=\"576\" height=\"720\" alt=\"Ansku Bergstr\u00f6m osallistui Erikoisjoukot-ohjelman 3. kaudelle.\" loading=\"lazy\" \/>            <\/p>\n<p>\n            Ansku Bergstr\u00f6m osallistui Erikoisjoukot-ohjelman 3. kaudelle.<br \/>\n            Timo Korhonen\n        <\/p>\n<p>Tutut kasvot<\/p>\n<p class=\"article-content article-content-width !bg-background\">Seiskan tarkkasilm\u00e4inen lukija bongasi Anskun ja h\u00e4nen seuralaisensa Vantaa Vibin\u2019 -festareilla elokuussa.<\/p>\n<p class=\"article-content article-content-width !bg-background\">Tapahtumassa esiintyiv\u00e4t muun muassa r\u00e4pp\u00e4rit Etta, Ahti ja Tupe.<\/p>\n<p>        <a itemprop=\"url\" href=\"https:\/\/www.seiska.fi\/kotimaa\/ansku-bergstrom-hempeili-julkisesti-ellu-glta-paljonpuhuva-kommentti\/1867049\" rel=\"nofollow noopener\" target=\"_blank\"><\/p>\n<p>\nAnsku Bargstr\u00f6m hempeili julkisesti\n<\/p>\n<p class=\"section-date\">\n        <strong class=\"article-section\" data-section=\"kotimaa\"><br \/>\n            kotimaa<br \/>\n        <\/strong><br \/>\n        13.7.2025 10:16\n    <\/p>\n<p>Ansku Bergstr\u00f6m hempeili julkisesti \u2013 Ellu G:lt\u00e4 paljonpuhuva kommentti!\n    <\/p>\n<p itemprop=\"description\" class=\"subtitle \">\n    Ansku julkaisi vihjailevan kuvan.\n<\/p>\n<p>        <\/a><\/p>\n<p class=\"article-content article-content-width !bg-background\">Naispuolinen lukija oli tanssimassa kavereidensa kanssa, kun h\u00e4n huomasi takanaan tutut kasvot.<\/p>\n<p class=\"article-content article-content-width !bg-background\">\u2013 Tunnistin Anskun ja huomasin my\u00f6s h\u00e4nen mukanaan olevan henkil\u00f6n.<\/p>\n<p>                <img decoding=\"async\" src=\"https:\/\/www.europesays.com\/fi\/wp-content\/uploads\/2026\/01\/1894034.webp.jpeg\" width=\"576\" height=\"639\" alt=\"Aluksi Ansku ja seuralainen olivat rauhaksiin, mutta my\u00f6hemmin he \u00e4ityiv\u00e4t lukijan mukaan tanssimaan 'aika villisti'.\" loading=\"lazy\" \/>            <\/p>\n<p>\n            Aluksi Ansku ja seuralainen olivat rauhaksiin, mutta my\u00f6hemmin he \u00e4ityiv\u00e4t lukijan mukaan tanssimaan &#8221;aika villisti&#8221;.<br \/>\n            Lukijan kuva\n        <\/p>\n<p>&#8221;Tanssi oli aika villi\u00e4&#8221;<\/p>\n<p class=\"article-content article-content-width !bg-background\">Illan edetess\u00e4 juhlat sen kuin paranivat, ja tietty p\u00f6n\u00f6tys j\u00e4i pois.<\/p>\n<p class=\"article-content article-content-width !bg-background\">\u2013 Kyll\u00e4 he siin\u00e4 tanssivat intiimisti ja vaihtoivat suudelmia.<\/p>\n<p class=\"article-content article-content-width !bg-background\">\u2013 Yleisell\u00e4 tasolla se tanssi oli aika villi\u00e4, lukija hym\u00e4ht\u00e4\u00e4.<\/p>\n<p class=\"article-content article-content-width !bg-background\">Lukija kertoo seuraavansa Anskua ja tiet\u00e4v\u00e4ns\u00e4 somen perusteella h\u00e4nen tavanneen erityisen henkil\u00f6n.<\/p>\n<p class=\"article-content article-content-width !bg-background\">\u2013 Ei ihmiset kuitenkaan kiinnitt\u00e4neet heihin erityist\u00e4 huomiota.<\/p>\n<p class=\"article-content article-content-width !bg-background\">\u2013 Olivat kahdestaan liikkeell\u00e4 ja vaikuttivat rakastuneilta.<\/p>\n<p>                <img decoding=\"async\" src=\"https:\/\/www.europesays.com\/fi\/wp-content\/uploads\/2026\/01\/1894036.webp.jpeg\" width=\"576\" height=\"639\" alt=\"Ansku ja seuralainen luottivat Aura-kaljaan.\" loading=\"lazy\" \/>            <\/p>\n<p>\n            Ansku ja seuralainen luottivat Aura-kaljaan.<br \/>\n            Lukijan kuva\n        <\/p>\n<p class=\"article-content article-content-width !bg-background\">My\u00f6s toinen Seiskan lukija tapasi Anskun ja h\u00e4nen seuralaisensa samassa tapahtumassa ja totesi parin n\u00e4ytt\u00e4neen varsin onnelliselta.<\/p>\n<p class=\"article-content article-content-width !bg-background\">Seiska ei tavoittanut Anskua.<\/p>\n<p>        <a itemprop=\"url\" href=\"https:\/\/www.seiska.fi\/kotimaa\/ansku-bergstromilta-treffipaljastus\/2006968\" rel=\"nofollow noopener\" target=\"_blank\"><\/p>\n<p>\nAnsku Bergstr\u00f6m paljasti:\n<\/p>\n<p class=\"section-date\">\n        <strong class=\"article-section\" data-section=\"kotimaa\"><br \/>\n            kotimaa<br \/>\n        <\/strong><br \/>\n        28.11.2025 19:30\n    <\/p>\n<p>Ansku Bergstr\u00f6milt\u00e4 treffipaljastus!\n    <\/p>\n<p itemprop=\"description\" class=\"subtitle \">\n    Tanssinopettaja paljasti yksityiskohtia illan kulusta.\n<\/p>\n<p>        <\/a><\/p>\n<p class=\"italic m-italic article-content article-content-width !bg-background\">Seiska julkaisee uudelleen vuoden luetuimpia juttujaan. T\u00e4m\u00e4 artikkeli on julkaistu alun perin 12.8.2025.<\/p>\n","protected":false},"excerpt":{"rendered":"Kristian Wallin Kuluneena vuonna Anskun somessa on esiintynyt my\u00f6s mysteerihenkil\u00f6, ja Ansku onkin paljastanut pieni\u00e4 yksityiskohtia rakkausel\u00e4m\u00e4st\u00e4\u00e4n. Tanssija&hellip;\n","protected":false},"author":2,"featured_media":132369,"comment_status":"","ping_status":"","sticky":false,"template":"","format":"standard","meta":{"footnotes":""},"categories":[130],"tags":[1875,1874,137,1176,33,31,30,1873,212,32,1872,109],"class_list":{"0":"post-132368","1":"post","2":"type-post","3":"status-publish","4":"format-standard","5":"has-post-thumbnail","7":"category-viihde","8":"tag-ansku-bergstrom","9":"tag-elina-gustafsson","10":"tag-entertainment","11":"tag-esko-eerikainen","12":"tag-fi","13":"tag-finland","14":"tag-finnish","15":"tag-karhunkierros","16":"tag-lifestyle","17":"tag-suomi","18":"tag-vantaa-vibin-festivaali","19":"tag-viihde"},"share_on_mastodon":{"url":"https:\/\/pubeurope.com\/@fi\/115830962463259026","error":""},"_links":{"self":[{"href":"https:\/\/www.europesays.com\/fi\/wp-json\/wp\/v2\/posts\/132368","targetHints":{"allow":["GET"]}}],"collection":[{"href":"https:\/\/www.europesays.com\/fi\/wp-json\/wp\/v2\/posts"}],"about":[{"href":"https:\/\/www.europesays.com\/fi\/wp-json\/wp\/v2\/types\/post"}],"author":[{"embeddable":true,"href":"https:\/\/www.europesays.com\/fi\/wp-json\/wp\/v2\/users\/2"}],"replies":[{"embeddable":true,"href":"https:\/\/www.europesays.com\/fi\/wp-json\/wp\/v2\/comments?post=132368"}],"version-history":[{"count":0,"href":"https:\/\/www.europesays.com\/fi\/wp-json\/wp\/v2\/posts\/132368\/revisions"}],"wp:featuredmedia":[{"embeddable":true,"href":"https:\/\/www.europesays.com\/fi\/wp-json\/wp\/v2\/media\/132369"}],"wp:attachment":[{"href":"https:\/\/www.europesays.com\/fi\/wp-json\/wp\/v2\/media?parent=132368"}],"wp:term":[{"taxonomy":"category","embeddable":true,"href":"https:\/\/www.europesays.com\/fi\/wp-json\/wp\/v2\/categories?post=132368"},{"taxonomy":"post_tag","embeddable":true,"href":"https:\/\/www.europesays.com\/fi\/wp-json\/wp\/v2\/tags?post=132368"}],"curies":[{"name":"wp","href":"https:\/\/api.w.org\/{rel}","templated":true}]}}