{"id":132390,"date":"2026-01-03T12:05:12","date_gmt":"2026-01-03T12:05:12","guid":{"rendered":"https:\/\/www.europesays.com\/fi\/132390\/"},"modified":"2026-01-03T12:05:12","modified_gmt":"2026-01-03T12:05:12","slug":"caracasissa-rajahdyksia-ilta-sanomat","status":"publish","type":"post","link":"https:\/\/www.europesays.com\/fi\/132390\/","title":{"rendered":"Caracasissa r\u00e4j\u00e4hdyksi\u00e4 &#8211; Ilta-Sanomat"},"content":{"rendered":"<p>Venezuelan presidentti on julistanut kansallisen h\u00e4t\u00e4tilan. Yhdysvaltain presidentti Donald Trump m\u00e4\u00e4r\u00e4si iskut kohteisiin Venezuelassa.<\/p>\n<p>R\u00e4j\u00e4hdykset taltioituivat Reutersin julkaisemalle videolle.Video: Reuters<\/p>\n<p class=\"article-body mb-nof-24 px-nof-16\">Yhdysvallat on tehnyt iskuja Venezuelan p\u00e4\u00e4kaupunki Caracasiin varhain lauantaiaamuna. Asiasta kertoo muun muassa uutistoimisto Reuters.<\/p>\n<p class=\"article-body mb-nof-24 px-nof-16\">P\u00e4\u00e4kaupungissa ja siell\u00e4 sijaitsevissa sotilastukikohdissa raportoitiin r\u00e4j\u00e4hdyksi\u00e4 ja lentokoneiden \u00e4\u00e4ni\u00e4.<\/p>\n<p class=\"article-body mb-nof-24 px-nof-16\"><a class=\"underline underline-offset-[0.12em] [text-decoration-thickness:var(--generic-link-underline-thickness)] [text-decoration-color:var(--generic-link-underline-color)] [text-decoration-skip-ink:var(--generic-link-underline-skip-ink)] break-words\" href=\"https:\/\/www.cbsnews.com\/live-updates\/venezuela-us-military-strikes-maduro-trump\/\" rel=\"nofollow noopener\" target=\"_blank\">CBS:n<\/a> nimett\u00f6mien viranomaisl\u00e4hteiden mukaan Yhdysvaltain presidentti <a class=\"font-bold underline-offset-[0.12em] [text-decoration:var(--person-link-text-decoration)] ![text-decoration-color:var(--person-link-text-decoration-color)]\" href=\"https:\/\/www.is.fi\/haku\/?query=Donald%20Trump\" rel=\"nofollow noopener\" target=\"_blank\">Donald Trump<\/a> hyv\u00e4ksyi iskut Venezuelaan jo p\u00e4ivi\u00e4 etuk\u00e4teen.<\/p>\n<p class=\"article-body mb-nof-24 px-nof-16\">Trumpin mukaan Yhdysvallat on tehnyt onnistuneen ja laajan iskun Venezuelaan. Trumpin mukaan operaatio toteutettiin yhteisty\u00f6ss\u00e4 Yhdysvaltain lainviranomaisten kanssa.<\/p>\n<p class=\"article-body mb-nof-24 px-nof-16\">Trumpin mukaan Venezuelan presidentti <a class=\"font-bold underline-offset-[0.12em] [text-decoration:var(--person-link-text-decoration)] ![text-decoration-color:var(--person-link-text-decoration-color)]\" href=\"https:\/\/www.is.fi\/haku\/?query=Nicol%C3%A1s%20Maduro\" rel=\"nofollow noopener\" target=\"_blank\">Nicol\u00e1s Maduro<\/a> ja h\u00e4nen vaimonsa on otettu kiinni ja poistettu maasta, Reuters kertoo.<\/p>\n<p class=\"article-body mb-nof-24 px-nof-16\">Presidentti Trump aikoo pit\u00e4\u00e4 aiheesta tiedotustilaisuuden lauantaina klo 18 Suomen aikaa.<\/p>\n<p class=\"article-body mb-nof-24 px-nof-16\">Yhdysvallat kehottaa v\u00e4ltt\u00e4m\u00e4\u00e4n Venezuelaan matkustamista.<\/p>\n<p class=\"article-body mb-nof-24 px-nof-16\">Maduro julisti aiemmin kansallisen h\u00e4t\u00e4tilan Venezuelaan. Maduron mukaan Venezuela aikoo torjua Yhdysvaltojen \u201dsotilaallisen aggression\u201d. Maduro kehotti yhteiskunnallisia ja poliittisia voimia \u201daktivoimaan mobilisaatiosuunnitelmat\u201d.<\/p>\n<p><img decoding=\"async\" src=\"https:\/\/www.europesays.com\/fi\/wp-content\/uploads\/2026\/01\/1767441911_411_468.jpg\" alt=\"\" class=\"_Img_1rerz_1\" style=\"aspect-ratio:1.7777777777777777\" loading=\"eager\"\/><img decoding=\"async\" src=\"https:\/\/www.europesays.com\/fi\/wp-content\/uploads\/2026\/01\/1767441911_800_468.jpg\" alt=\"Silminn\u00e4kij\u00e4 kuvasi r\u00e4j\u00e4hdyksi\u00e4 kaupungin l\u00e4hist\u00f6ll\u00e4.\" class=\"_Img_1rerz_1\" style=\"aspect-ratio:0.75\" loading=\"eager\"\/><\/p>\n<p class=\"article-picture-caption\">Silminn\u00e4kij\u00e4 kuvasi r\u00e4j\u00e4hdyksi\u00e4 kaupungin l\u00e4hist\u00f6ll\u00e4. Kuva:\u00a0Reuters<\/p>\n<p><img decoding=\"async\" src=\"https:\/\/www.europesays.com\/fi\/wp-content\/uploads\/2026\/01\/1767441911_692_468.jpg\" alt=\"Yksi r\u00e4j\u00e4hdyksist\u00e4 tallentui videolle.\" class=\"_Img_1rerz_1\" style=\"aspect-ratio:1\" loading=\"eager\"\/><\/p>\n<p class=\"article-picture-caption\">Yksi r\u00e4j\u00e4hdyksist\u00e4 tallentui videolle. Kuva:\u00a0Reuters<\/p>\n<p><img decoding=\"async\" src=\"https:\/\/www.europesays.com\/fi\/wp-content\/uploads\/2026\/01\/1767441912_922_468.jpg\" alt=\"Videolla n\u00e4kyi lukuisia helikoptereita lent\u00e4m\u00e4ss\u00e4 kaupungin yll\u00e4.\" class=\"_Img_1rerz_1\" style=\"aspect-ratio:1.7777777777777777\" loading=\"eager\"\/><\/p>\n<p class=\"article-picture-caption\">Videolla n\u00e4kyi lukuisia helikoptereita lent\u00e4m\u00e4ss\u00e4 kaupungin yll\u00e4. Kuva:\u00a0Reuters<\/p>\n<p class=\"article-body mb-nof-24 px-nof-16\">Trump on toistuvasti varoittanut, ett\u00e4 Yhdysvallat valmistautuu uusiin toimiin v\u00e4itettyj\u00e4 huumekauppaverkostoja vastaan Venezuelassa ja ett\u00e4 iskut maakohteisiin ovat mahdollisia.<\/p>\n<p class=\"article-body mb-nof-24 px-nof-16\"><a class=\"underline underline-offset-[0.12em] [text-decoration-thickness:var(--generic-link-underline-thickness)] [text-decoration-color:var(--generic-link-underline-color)] [text-decoration-skip-ink:var(--generic-link-underline-skip-ink)] break-words\" href=\"https:\/\/edition.cnn.com\/world\/live-news\/venezuela-explosions-caracas-intl-hnk-01-03-26\" rel=\"nofollow noopener\" target=\"_blank\">CNN<\/a>:n mukaan Yhdysvallat on viime kuukausien aikana ker\u00e4nnyt joukkojaan Karibialle. Operaatio on nimelt\u00e4\u00e4n Joint Task Force Southern Spear, ja viranomaisten mukaan sen tarkoituksena on pys\u00e4ytt\u00e4\u00e4 huumeiden virta Yhdysvaltoihin.<\/p>\n<p class=\"article-body mb-nof-24 px-nof-16\">Reutersin mukaan Trumpin hallinnon virkamiehet ovat kertoneet olevansa tietoisia raporteista, joiden mukaan p\u00e4\u00e4kaupunki Caracasin yll\u00e4 on n\u00e4hty lentokoneita ja kuultu r\u00e4j\u00e4hdyksi\u00e4 varhain aamulla.<\/p>\n<p class=\"article-body mb-nof-24 px-nof-16\">Ensimm\u00e4iset r\u00e4j\u00e4hdykset havaittiin ennen kahta paikallista aikaa.<\/p>\n<p class=\"article-body mb-nof-24 px-nof-16\">\u2013 Yksi niist\u00e4 oli niin voimakas, ett\u00e4 ikkunani t\u00e4risi sen j\u00e4lkeen, kuvailee CNN:n kirjeenvaihtaja <a class=\"font-bold underline-offset-[0.12em] [text-decoration:var(--person-link-text-decoration)] ![text-decoration-color:var(--person-link-text-decoration-color)]\" href=\"https:\/\/www.is.fi\/haku\/?query=Osmary%20Hernandez\" rel=\"nofollow noopener\" target=\"_blank\">Osmary Hernandez<\/a>.<\/p>\n<p class=\"article-body mb-nof-24 px-nof-16\">R\u00e4j\u00e4hdykset ovat taltioituneet my\u00f6s uutistoimisto Reutersin julkaisemalle videolle.<\/p>\n<p class=\"article-body mb-nof-24 px-nof-16\">Venezuelan liittolainen Iran on tuominnut Yhdysvaltojen sotilasiskun Venezuelaan \u201dselke\u00e4n\u00e4 loukkauksena sen kansallista suvereniteettia ja alueellista koskemattomuutta vastaan\u201d.<\/p>\n<p class=\"article-body nof-ui-body-medium mb-nof-24 px-nof-16\">Artikkelia t\u00e4smennetty 3.1.2025 kello 11.44: Trumpin mukaan Venezuelan presidentti Nicol\u00e1s Maduro on otettu kiinni. Aiemmin uutisessa kerrottiin, ett\u00e4 Maduro olisi vangittu.<\/p>\n","protected":false},"excerpt":{"rendered":"Venezuelan presidentti on julistanut kansallisen h\u00e4t\u00e4tilan. Yhdysvaltain presidentti Donald Trump m\u00e4\u00e4r\u00e4si iskut kohteisiin Venezuelassa. R\u00e4j\u00e4hdykset taltioituivat Reutersin julkaisemalle&hellip;\n","protected":false},"author":2,"featured_media":132391,"comment_status":"","ping_status":"","sticky":false,"template":"","format":"standard","meta":{"footnotes":""},"categories":[14],"tags":[22,23,26,27,33,31,30,17,34,24,25,28,29,15,18,21,32,19,20,56,16,59,60,61],"class_list":{"0":"post-132390","1":"post","2":"type-post","3":"status-publish","4":"format-standard","5":"has-post-thumbnail","7":"category-ulkomaat","8":"tag-breaking-news","9":"tag-breakingnews","10":"tag-featured-news","11":"tag-featurednews","12":"tag-fi","13":"tag-finland","14":"tag-finnish","15":"tag-headlines","16":"tag-ilta-sanomat","17":"tag-latest-news","18":"tag-latestnews","19":"tag-main-news","20":"tag-mainnews","21":"tag-news","22":"tag-otsikot","23":"tag-paauutiset","24":"tag-suomi","25":"tag-top-stories","26":"tag-topstories","27":"tag-ulkomaat","28":"tag-uutiset","29":"tag-world","30":"tag-world-news","31":"tag-worldnews"},"share_on_mastodon":{"url":"https:\/\/pubeurope.com\/@fi\/115831080640343349","error":""},"_links":{"self":[{"href":"https:\/\/www.europesays.com\/fi\/wp-json\/wp\/v2\/posts\/132390","targetHints":{"allow":["GET"]}}],"collection":[{"href":"https:\/\/www.europesays.com\/fi\/wp-json\/wp\/v2\/posts"}],"about":[{"href":"https:\/\/www.europesays.com\/fi\/wp-json\/wp\/v2\/types\/post"}],"author":[{"embeddable":true,"href":"https:\/\/www.europesays.com\/fi\/wp-json\/wp\/v2\/users\/2"}],"replies":[{"embeddable":true,"href":"https:\/\/www.europesays.com\/fi\/wp-json\/wp\/v2\/comments?post=132390"}],"version-history":[{"count":0,"href":"https:\/\/www.europesays.com\/fi\/wp-json\/wp\/v2\/posts\/132390\/revisions"}],"wp:featuredmedia":[{"embeddable":true,"href":"https:\/\/www.europesays.com\/fi\/wp-json\/wp\/v2\/media\/132391"}],"wp:attachment":[{"href":"https:\/\/www.europesays.com\/fi\/wp-json\/wp\/v2\/media?parent=132390"}],"wp:term":[{"taxonomy":"category","embeddable":true,"href":"https:\/\/www.europesays.com\/fi\/wp-json\/wp\/v2\/categories?post=132390"},{"taxonomy":"post_tag","embeddable":true,"href":"https:\/\/www.europesays.com\/fi\/wp-json\/wp\/v2\/tags?post=132390"}],"curies":[{"name":"wp","href":"https:\/\/api.w.org\/{rel}","templated":true}]}}