{"id":132392,"date":"2026-01-03T12:06:07","date_gmt":"2026-01-03T12:06:07","guid":{"rendered":"https:\/\/www.europesays.com\/fi\/132392\/"},"modified":"2026-01-03T12:06:07","modified_gmt":"2026-01-03T12:06:07","slug":"hs-jaakko-selin-kommentoi-alexander-stubbin-vinoa-kravattia","status":"publish","type":"post","link":"https:\/\/www.europesays.com\/fi\/132392\/","title":{"rendered":"HS: Jaakko Selin kommentoi Alexander Stubbin vinoa kravattia"},"content":{"rendered":"<p>Alexander Stubbin vinoon solmittu kravatti kiinnitti monen huomion presidentin uudenvuodenpuheen aikana. Muotiasiantuntija Jaakko Selin antaa asiasta arvionsa Helsingin Sanomille.<\/p>\n<p>Stubbin uudenvuodenpuhe tiivistettyn\u00e4 noin kahteen minuuttiin.<\/p>\n<p class=\"article-body mb-nof-24 px-nof-16\">Tasavallan presidentti <a class=\"font-bold underline-offset-[0.12em] [text-decoration:var(--person-link-text-decoration)] ![text-decoration-color:var(--person-link-text-decoration-color)]\" href=\"https:\/\/www.is.fi\/haku\/?query=Alexander%20Stubbin\" rel=\"nofollow noopener\" target=\"_blank\">Alexander Stubbin<\/a> solmio her\u00e4tti huomiota Stubbin uudenvuodenpuheen aikana. Sosiaalisessa mediassa alkoi heti pulina siit\u00e4, ett\u00e4 kravatti n\u00e4ytti olevan kovin vinossa.<\/p>\n<p class=\"article-body mb-nof-24 px-nof-16\">Lue lis\u00e4\u00e4: <a class=\"underline underline-offset-[0.12em] [text-decoration-thickness:var(--generic-link-underline-thickness)] [text-decoration-color:var(--generic-link-underline-color)] [text-decoration-skip-ink:var(--generic-link-underline-skip-ink)] break-words\" href=\"https:\/\/www.is.fi\/viihde\/art-2000011724116.html\" rel=\"nofollow noopener\" target=\"_blank\">Presidentti piti uudenvuodenpuheen &#8211; t\u00e4m\u00e4 yksityiskohta kiinnitti somekansan huomion \u2013 \u201dH\u00e4iritsee\u201d<\/a><\/p>\n<p class=\"article-body mb-nof-24 px-nof-16\">Nyt muotiasiantuntija<a class=\"font-bold underline-offset-[0.12em] [text-decoration:var(--person-link-text-decoration)] ![text-decoration-color:var(--person-link-text-decoration-color)]\" href=\"https:\/\/www.is.fi\/haku\/?query=%20Jaakko%20Selin\" rel=\"nofollow noopener\" target=\"_blank\"> Jaakko Selin<\/a> kommentoi asiaa <a class=\"underline underline-offset-[0.12em] [text-decoration-thickness:var(--generic-link-underline-thickness)] [text-decoration-color:var(--generic-link-underline-color)] [text-decoration-skip-ink:var(--generic-link-underline-skip-ink)] break-words\" href=\"https:\/\/www.hs.fi\/kulttuuri\/art-2000011726631.html\" rel=\"nofollow noopener\" target=\"_blank\">Helsingin Sanomille<\/a>. H\u00e4n nostaa esiin, ett\u00e4 Stubbin solmion solmumalli on nimelt\u00e4\u00e4n four-in-hand, joka on aina ep\u00e4symmetrinen.<\/p>\n<p class=\"article-body mb-nof-24 px-nof-16\">\u2013 Se saakin olla hieman vinossa. Oleellista on, ett\u00e4 solmion materiaali on t\u00e4ll\u00f6in korkealaatuista silkki\u00e4, jolloin se on hyv\u00e4nn\u00e4k\u00f6inen, Selin sanoo HS:lle.<\/p>\n<p class=\"article-body mb-nof-24 px-nof-16\">H\u00e4nkin huomioi kravatin vinouden katsoessaan kuvia Stubbista pit\u00e4m\u00e4ss\u00e4 puhetta.<\/p>\n<p class=\"article-body mb-nof-24 px-nof-16\">\u2013 On se aika paljon vinossa. Se on selv\u00e4sti solmittu rennolla tavalla. Halutessaan four-in-hand-solmullakin solmitun solmion voi asetella ja laittaa suoremmaksi oikeanlaisella tekniikalla. Mutta muodinhistorian tuntijana annan t\u00e4st\u00e4 kyll\u00e4 t\u00e4yden synninp\u00e4\u00e4st\u00f6n, Selin sanoo lehdelle.<\/p>\n<p><img decoding=\"async\" src=\"https:\/\/www.europesays.com\/fi\/wp-content\/uploads\/2026\/01\/1767441967_617_468.jpg\" alt=\"\" class=\"_Img_1rerz_1\" style=\"aspect-ratio:1.5\" loading=\"eager\"\/><\/p>\n<p class=\"article-picture-caption\">Kuva:\u00a0Emmi Syrj\u00e4niemi \/ Tasavallan presidentin kanslia<\/p>\n<p class=\"article-body mb-nof-24 px-nof-16\">Four-in-hand-solmu on erilainen kuin toinen tyypillinen solmumalli, eli Windsor-solmu. Four-in-hand erottuu monista muista solmumalleista yksinkertaisuudellaan, kuten IS on aiemmin kertonut. Windsor puolestaan on symmetrisempi vaihtoehto.<\/p>\n<p class=\"article-body mb-nof-24 px-nof-16\">Uudenvuodenpuhe ei ollut ensimm\u00e4inen kerta, kun Stubbin solmio on noussut otsikoihin. Kev\u00e4\u00e4ll\u00e4 2024 kravatin vinous her\u00e4tti huomiota valtiovierailulla Viroon.<\/p>\n<p class=\"article-body mb-nof-24 px-nof-16\">Asiaan kiinnitti huomion esimerkiksi IS:n haastattelema tyyliasiantuntija <a class=\"font-bold underline-offset-[0.12em] [text-decoration:var(--person-link-text-decoration)] ![text-decoration-color:var(--person-link-text-decoration-color)]\" href=\"https:\/\/www.is.fi\/haku\/?query=Sohvi%20Nyman\" rel=\"nofollow noopener\" target=\"_blank\">Sohvi Nyman<\/a>.<\/p>\n<p class=\"article-body mb-nof-24 px-nof-16\">\u2013 En tied\u00e4, josko siell\u00e4 on ollut niin kiire asujen vaihtamisessa, ett\u00e4 on mennyt siin\u00e4 tohinassa vahingossa kravattikin v\u00e4h\u00e4n vinksalleen, h\u00e4n arvioi.<\/p>\n<p class=\"article-body mb-nof-24 px-nof-16\">Toukokuussa 2024 Yle puolestaan kertoi, ett\u00e4 tasavallan presidentin kanslia oli julkaissut Stubbista solmiokuvan, jonka ei pit\u00e4nyt p\u00e4\u00e4ty\u00e4 julkiseksi.<\/p>\n<p class=\"article-body mb-nof-24 px-nof-16\">Kyseisess\u00e4 kuvassa Stubbin solmiota oli suoristettu kuvanmuokkauksella. Kanslian mukaan kuvan julkaisussa tapahtui inhimillinen erehdys eik\u00e4 sen pit\u00e4nyt menn\u00e4 julki. Julkaistu kuva oli kanslian mukaan virallisesta kuvasta tehty v\u00e4liversio.<\/p>\n<p class=\"article-body mb-nof-24 px-nof-16\">Kuva ehti olla verkkosivuilla esill\u00e4 muutamia minuutteja.<\/p>\n","protected":false},"excerpt":{"rendered":"Alexander Stubbin vinoon solmittu kravatti kiinnitti monen huomion presidentin uudenvuodenpuheen aikana. Muotiasiantuntija Jaakko Selin antaa asiasta arvionsa Helsingin&hellip;\n","protected":false},"author":2,"featured_media":132393,"comment_status":"","ping_status":"","sticky":false,"template":"","format":"standard","meta":{"footnotes":""},"categories":[12],"tags":[22,23,26,27,33,31,30,17,34,24,25,28,29,15,18,21,32,19,20,16],"class_list":{"0":"post-132392","1":"post","2":"type-post","3":"status-publish","4":"format-standard","5":"has-post-thumbnail","7":"category-suomi","8":"tag-breaking-news","9":"tag-breakingnews","10":"tag-featured-news","11":"tag-featurednews","12":"tag-fi","13":"tag-finland","14":"tag-finnish","15":"tag-headlines","16":"tag-ilta-sanomat","17":"tag-latest-news","18":"tag-latestnews","19":"tag-main-news","20":"tag-mainnews","21":"tag-news","22":"tag-otsikot","23":"tag-paauutiset","24":"tag-suomi","25":"tag-top-stories","26":"tag-topstories","27":"tag-uutiset"},"share_on_mastodon":{"url":"https:\/\/pubeurope.com\/@fi\/115831084399931569","error":""},"_links":{"self":[{"href":"https:\/\/www.europesays.com\/fi\/wp-json\/wp\/v2\/posts\/132392","targetHints":{"allow":["GET"]}}],"collection":[{"href":"https:\/\/www.europesays.com\/fi\/wp-json\/wp\/v2\/posts"}],"about":[{"href":"https:\/\/www.europesays.com\/fi\/wp-json\/wp\/v2\/types\/post"}],"author":[{"embeddable":true,"href":"https:\/\/www.europesays.com\/fi\/wp-json\/wp\/v2\/users\/2"}],"replies":[{"embeddable":true,"href":"https:\/\/www.europesays.com\/fi\/wp-json\/wp\/v2\/comments?post=132392"}],"version-history":[{"count":0,"href":"https:\/\/www.europesays.com\/fi\/wp-json\/wp\/v2\/posts\/132392\/revisions"}],"wp:featuredmedia":[{"embeddable":true,"href":"https:\/\/www.europesays.com\/fi\/wp-json\/wp\/v2\/media\/132393"}],"wp:attachment":[{"href":"https:\/\/www.europesays.com\/fi\/wp-json\/wp\/v2\/media?parent=132392"}],"wp:term":[{"taxonomy":"category","embeddable":true,"href":"https:\/\/www.europesays.com\/fi\/wp-json\/wp\/v2\/categories?post=132392"},{"taxonomy":"post_tag","embeddable":true,"href":"https:\/\/www.europesays.com\/fi\/wp-json\/wp\/v2\/tags?post=132392"}],"curies":[{"name":"wp","href":"https:\/\/api.w.org\/{rel}","templated":true}]}}