{"id":132394,"date":"2026-01-03T12:07:11","date_gmt":"2026-01-03T12:07:11","guid":{"rendered":"https:\/\/www.europesays.com\/fi\/132394\/"},"modified":"2026-01-03T12:07:11","modified_gmt":"2026-01-03T12:07:11","slug":"huonosta-ajokelista-varoitetaan-maan-etela-ja-itaosissa-uutisia-lyhyesti","status":"publish","type":"post","link":"https:\/\/www.europesays.com\/fi\/132394\/","title":{"rendered":"Huonosta ajokelist\u00e4 varoitetaan maan etel\u00e4- ja it\u00e4osissa | Uutisia lyhyesti"},"content":{"rendered":"<p class=\"aw-1gybjub aw-5vja16 kEtdKx kmuxyA yle__article__paragraph\">Kire\u00e4 pakkanen jatkuu pohjoisessa.<\/p>\n<p><img decoding=\"async\" alt=\"Autoja lumisateessa Keh\u00e4 I:ll\u00e4.\" src=\"https:\/\/www.europesays.com\/fi\/wp-content\/uploads\/2026\/01\/39-15767856958b65b77c0f.jpeg\" class=\"aw-1l9m598 hKVVvP\"\/><\/p>\n<p>Avaa kuvien katselu<\/p>\n<p>Ajokeli jatkuu lauantaina huonona maan etel\u00e4- ja it\u00e4osissa lumisateen ja p\u00f6lly\u00e4v\u00e4n lumen vuoksi. Kuvassa liikennett\u00e4 Keh\u00e4 I:ll\u00e4. Kuva: Markku Ulander \/ Lehtikuva<\/p>\n<p class=\"aw-1gybjub aw-1p7kakr kEtdKx cEmitX yle__article__paragraph\">Ajokeli on lauantaina huono maan etel\u00e4- ja it\u00e4osissa lumisateen ja p\u00f6lly\u00e4v\u00e4n lumen vuoksi, varoittaa Ilmatieteen laitos.<\/p>\n<p class=\"aw-1gybjub aw-1p7kakr kEtdKx cEmitX yle__article__paragraph\">Varoitus huonosta ajokelist\u00e4 koskee etel\u00e4isimpien maakuntien lis\u00e4ksi Satakuntaa, Pirkanmaata, Etel\u00e4-Savoa, Keski-Suomea, Pohjois-Savoa ja Pohjois-Karjalaa.<\/p>\n<p class=\"aw-1gybjub aw-1p7kakr kEtdKx cEmitX yle__article__paragraph\">Fintrafficin tieliikennekeskus vuorostaan varoittaa, ett\u00e4 lumisade, p\u00f6lly\u00e4v\u00e4 lumi ja j\u00e4iset tienpinnat heikent\u00e4v\u00e4t ajokeli\u00e4 maan keski- ja etel\u00e4osissa.<\/p>\n<p class=\"aw-1gybjub aw-1p7kakr kEtdKx cEmitX yle__article__paragraph\">Varsinkin risteys- ja liittym\u00e4alueet voivat olla Fintrafficin mukaan eritt\u00e4in liukkaita.<\/p>\n<p>Pakkaset jatkuvat my\u00f6s viikonlopun yli<\/p>\n<p class=\"aw-1gybjub aw-1p7kakr kEtdKx cEmitX yle__article__paragraph\">Kire\u00e4 pakkanen jatkuu maan pohjoisosassa. Ilmatieteen laitos on antanut pakkasvaroituksen koko Lappiin.<\/p>\n<p class=\"aw-1gybjub aw-1p7kakr kEtdKx cEmitX yle__article__paragraph\">Viikonloppua vietet\u00e4\u00e4n kipakassa pakkass\u00e4\u00e4ss\u00e4 koko maassa. Pakkasta oli varhain lauantaiaamuna pohjoisessa laajalti 20-30 pakkasastetta ja paikoin ylikin. Maan etel\u00e4- ja keskiosissakin pakkasta oli 10-15 astetta.<\/p>\n<p class=\"aw-1gybjub aw-1p7kakr kEtdKx cEmitX yle__article__paragraph\">Ilmatieteen laitoksen mukaan pakkaset jatkuvat my\u00f6s viikonlopun yli.<\/p>\n<p class=\"aw-1gybjub aw-1p7kakr kEtdKx cEmitX yle__article__paragraph\">Maan l\u00e4nsi- ja keskiosissa on voimassa tulvavaroitus. Hyyde nostaa vedenkorkeuksia paikallisesti, Tulvakeskus ja Suomen ymp\u00e4rist\u00f6keskus varoittavat.<\/p>\n<p class=\"aw-1gybjub aw-1p7kakr kEtdKx cEmitX yle__article__paragraph\">Hyydett\u00e4 muodostuu, kun alij\u00e4\u00e4htyneeseen veteen syntyy pieni\u00e4 j\u00e4\u00e4kiteit\u00e4, jotka tarttuvat toisiinsa ja nousevat v\u00e4hitellen pintaan. Sopivissa oloissa voi synty\u00e4 nopeasti hyydetulva.<\/p>\n","protected":false},"excerpt":{"rendered":"Kire\u00e4 pakkanen jatkuu pohjoisessa. Avaa kuvien katselu Ajokeli jatkuu lauantaina huonona maan etel\u00e4- ja it\u00e4osissa lumisateen ja p\u00f6lly\u00e4v\u00e4n&hellip;\n","protected":false},"author":2,"featured_media":132395,"comment_status":"","ping_status":"","sticky":false,"template":"","format":"standard","meta":{"footnotes":""},"categories":[5],"tags":[22,23,26,27,33,31,30,17,2578,71,24,25,28,29,15,18,21,710,1424,32,19,20,16],"class_list":{"0":"post-132394","1":"post","2":"type-post","3":"status-publish","4":"format-standard","5":"has-post-thumbnail","7":"category-otsikot","8":"tag-breaking-news","9":"tag-breakingnews","10":"tag-featured-news","11":"tag-featurednews","12":"tag-fi","13":"tag-finland","14":"tag-finnish","15":"tag-headlines","16":"tag-ilmatieteen-laitos","17":"tag-kotimaa","18":"tag-latest-news","19":"tag-latestnews","20":"tag-main-news","21":"tag-mainnews","22":"tag-news","23":"tag-otsikot","24":"tag-paauutiset","25":"tag-saa","26":"tag-saaennusteet","27":"tag-suomi","28":"tag-top-stories","29":"tag-topstories","30":"tag-uutiset"},"share_on_mastodon":{"url":"https:\/\/pubeurope.com\/@fi\/115831088240789613","error":""},"_links":{"self":[{"href":"https:\/\/www.europesays.com\/fi\/wp-json\/wp\/v2\/posts\/132394","targetHints":{"allow":["GET"]}}],"collection":[{"href":"https:\/\/www.europesays.com\/fi\/wp-json\/wp\/v2\/posts"}],"about":[{"href":"https:\/\/www.europesays.com\/fi\/wp-json\/wp\/v2\/types\/post"}],"author":[{"embeddable":true,"href":"https:\/\/www.europesays.com\/fi\/wp-json\/wp\/v2\/users\/2"}],"replies":[{"embeddable":true,"href":"https:\/\/www.europesays.com\/fi\/wp-json\/wp\/v2\/comments?post=132394"}],"version-history":[{"count":0,"href":"https:\/\/www.europesays.com\/fi\/wp-json\/wp\/v2\/posts\/132394\/revisions"}],"wp:featuredmedia":[{"embeddable":true,"href":"https:\/\/www.europesays.com\/fi\/wp-json\/wp\/v2\/media\/132395"}],"wp:attachment":[{"href":"https:\/\/www.europesays.com\/fi\/wp-json\/wp\/v2\/media?parent=132394"}],"wp:term":[{"taxonomy":"category","embeddable":true,"href":"https:\/\/www.europesays.com\/fi\/wp-json\/wp\/v2\/categories?post=132394"},{"taxonomy":"post_tag","embeddable":true,"href":"https:\/\/www.europesays.com\/fi\/wp-json\/wp\/v2\/tags?post=132394"}],"curies":[{"name":"wp","href":"https:\/\/api.w.org\/{rel}","templated":true}]}}