{"id":132405,"date":"2026-01-03T12:27:08","date_gmt":"2026-01-03T12:27:08","guid":{"rendered":"https:\/\/www.europesays.com\/fi\/132405\/"},"modified":"2026-01-03T12:27:08","modified_gmt":"2026-01-03T12:27:08","slug":"mark-wahlberg-ja-rhea-durham-esittelevat-huippukuntoaan-barbadoksella-mukana-myos-perheen-tytot-pojat-kotona-kuvat","status":"publish","type":"post","link":"https:\/\/www.europesays.com\/fi\/132405\/","title":{"rendered":"Mark Wahlberg ja Rhea Durham esittelev\u00e4t huippukuntoaan Barbadoksella, mukana my\u00f6s perheen tyt\u00f6t, pojat kotona &#8211; kuvat!"},"content":{"rendered":"<p>            AOP\n        <\/p>\n<p class=\"subtitle \">54-vuotias n\u00e4yttelij\u00e4 ja h\u00e4nen vaimonsa Rhea Durham, 47, n\u00e4htiin viikonloppuna julkkisten suosimassa karibialaiskohteessa.<\/p>\n<p class=\"article-content article-content-width !bg-background\">Jokavuotiseen tapaan puoli Hollywoodia vaeltaa Karibialle esittelem\u00e4\u00e4n rantakroppaansa.  ja h\u00e4nen vaimossaan huomion kiinnitt\u00e4\u00e4 heid\u00e4n kuntonsa.<\/p>\n<p class=\"article-content article-content-width !bg-background\">Mark on mallivaimonsa  kanssa valinnut ennenkin aurinkorantakohteekseen Barbadoksen. Se ei yll\u00e4t\u00e4, sill\u00e4 saarivaltio on kyll\u00e4kin Karibian mittapuulla kalliihko, mutta turvallinen ja valtaosin englanninkielinen.<\/p>\n<p class=\"article-content article-content-width !bg-background\">Eik\u00e4 kalleus toki haittaa Markia ja Rheaa. P\u00e4in vastoin, yhteens\u00e4 noin 400 miljoonaa euroa omistavalle parille on vain mukavaa, kun Barbadoksella on palveluita, joita ostiskella.<\/p>\n<p>Lihakset esill\u00e4 pelkiss\u00e4 sortseissa<\/p>\n<p class=\"article-content article-content-width !bg-background\">Erityisesti Barbadoksella paparazzien saaliiksi joutuneessa pariskunnassa <a href=\"https:\/\/www.tmz.com\/2025\/12\/28\/mark-wahlberg-with-wife-barbados-shirtless\/\" target=\"_blank\" rel=\"nofollow noopener\">TMZ-viihdesivusto on kiinnitt\u00e4nyt huomiota heid\u00e4n huippukuntoonsa<\/a>.<\/p>\n<p>        <a itemprop=\"url\" href=\"https:\/\/www.seiska.fi\/ulkomaat\/barbadoksen-vastanimetty-kansallissankari-rihanna-avasi-joulukauden-setilla-tyrmaavia-alusasukuvia-nayta-etta-olet-tuhmien-listalla\/428891\" rel=\"nofollow noopener\" target=\"_blank\"><\/p>\n<p>\nKATSO KUVAT\n<\/p>\n<p class=\"section-date\">\n        <strong class=\"article-section\" data-section=\"ulkomaat\"><br \/>\n            ulkomaat<br \/>\n        <\/strong><br \/>\n        30.11.2021 12:32\n    <\/p>\n<p>Barbadoksen vastanimetty kansallissankari Rihanna avasi joulukauden setill\u00e4 tyrm\u00e4\u00e4vi\u00e4 alusasukuvia: &#8221;N\u00e4yt\u00e4, ett\u00e4 olet tuhmien listalla&#8221;\n    <\/p>\n<p>        <\/a><\/p>\n<p class=\"article-content article-content-width !bg-background\">Kun Mark ui meress\u00e4 ja lekotteli rannalla, oli TMZ:n mukaan ilmeist\u00e4, &#8221;ettei kuntosali pid\u00e4 lomaa&#8221;, vaikka Mark pit\u00e4\u00e4kin. Timmin siksp\u00e4kin lis\u00e4ksi treenatut rintalihakset kertovat, ett\u00e4 54-vuotias todella ottaa harjoittelun tosissaan.<\/p>\n<p>                <img decoding=\"async\" src=\"https:\/\/www.europesays.com\/fi\/wp-content\/uploads\/2026\/01\/2032373.webp.jpeg\" width=\"576\" height=\"1100\" alt=\"Mark Wahlbergin treenatut reidet kirist\u00e4v\u00e4t uikkareita \u2013 kuvat!\" loading=\"lazy\" \/>            <\/p>\n<p>            AOP\n        <\/p>\n<p class=\"article-content article-content-width !bg-background\">Tummansiniset sortsit puolestaan paljastavat, ett\u00e4 my\u00f6s pakarat ja reidet ovat kunnossa. Paidatta koko rantap\u00e4iv\u00e4n heilunut Mark kantaa kaulassaan tukevaa ristikorua sek\u00e4 ranteissaan kelloa ja ranneketta.<\/p>\n<p>Rhea ei j\u00e4\u00e4 miehelleen kakkoseksi<\/p>\n<p class=\"article-content article-content-width !bg-background\">47-vuotias Rhea vietti viikonloppua mintunvihre\u00e4ss\u00e4 uimapuvussa. My\u00f6s h\u00e4nell\u00e4 bongattiin ristikoru kaulassa, joskin huomattavasti pienempi ja sirompi kuin miehell\u00e4\u00e4n. Ranteissa kulki kellon lis\u00e4ksi kaksi korua.<\/p>\n<p>        <a itemprop=\"url\" href=\"https:\/\/www.seiska.fi\/ulkomaat\/rihanna-toi-perheensa-toihin-mark-wahlberg-esitteli-muskeleitaan-megatahdet-rantautuivat-suosittuihin-okykohteisiin\/155504\" rel=\"nofollow noopener\" target=\"_blank\"><\/p>\n<p class=\"section-date\">\n        <strong class=\"article-section\" data-section=\"ulkomaat\"><br \/>\n            ulkomaat<br \/>\n        <\/strong><br \/>\n        15.1.2023 18:00\n    <\/p>\n<p>Rihanna toi perheens\u00e4 t\u00f6ihin, Mark Wahlberg esitteli muskeleitaan \u2013 megat\u00e4hdet rantautuivat suosittuihin \u00f6kykohteisiin\n    <\/p>\n<p>        <\/a><\/p>\n<p class=\"article-content article-content-width !bg-background\">TMZ kertoo, ett\u00e4 Rhea pysyi vaivatta treenatun miehens\u00e4 tahdissa sek\u00e4 hiekalla telmiess\u00e4 ett\u00e4 pitkill\u00e4 uimaretkill\u00e4.<\/p>\n<p>                <img decoding=\"async\" src=\"https:\/\/www.europesays.com\/fi\/wp-content\/uploads\/2026\/01\/2034482.webp.jpeg\" width=\"576\" height=\"869\" alt=\"Markilla ja Rhealla on seitsem\u00e4n vuoden ik\u00e4ero. Se kenties auttaa mallia pysym\u00e4\u00e4n y\u00f6treenaamiseenkin hurahtaneen miehens\u00e4 tahdissa ilman samanlaista r\u00e4\u00e4kkki\u00e4.\" loading=\"lazy\" \/>            <\/p>\n<p>\n            Markilla ja Rhealla on seitsem\u00e4n vuoden ik\u00e4ero. Se kenties auttaa mallia pysym\u00e4\u00e4n y\u00f6treenaamiseenkin hurahtaneen miehens\u00e4 tahdissa ilman samanlaista r\u00e4\u00e4kkki\u00e4.<br \/>\n            AOP\n        <\/p>\n<p class=\"article-content article-content-width !bg-background\">Marraskuussa Grace joutui sairaalaan ratsastuskilpailussa sattuneen loukkaantumisen vuoksi. <a href=\"https:\/\/pagesix.com\/2025\/12\/28\/celebrity-news\/ripped-mark-wahlberg-and-bikini-clad-wife-rhea-durham-hit-the-beach-during-barbados-vacation\/\" target=\"_blank\" style=\"font-size:1.125rem\" rel=\"nofollow noopener\">Markin edustajat kertoivat, ett\u00e4 Grace voi hyvin ja toipuu, ja ett\u00e4 h\u00e4n palaa pian ratsastamaan, tiet\u00e4\u00e4\u00a0Page Six<\/a>.<\/p>\n<p class=\"article-content article-content-width !bg-background\">Barbadoksesta on tullut Markin ja Rhean suosikkikohde. Esimerkiksi viime vuonna he lomailivat rommistaan, tasaisen miellytt\u00e4v\u00e4st\u00e4 ilmastostaan ja pitkist\u00e4 hiekkarannoistaan kuuluisalla Barbadoksella tismalleen samaan aikaan kuin nytkin.<\/p>\n<p>        <a itemprop=\"url\" href=\"https:\/\/www.seiska.fi\/ulkomaat\/mark-wahlbergin-52-pyykkilauta-ei-loysty-superjulkkikset-nautiskelevat-lampimista-keleista\/1282852\" rel=\"nofollow noopener\" target=\"_blank\"><\/p>\n<p class=\"section-date\">\n        <strong class=\"article-section\" data-section=\"ulkomaat\"><br \/>\n            ulkomaat<br \/>\n        <\/strong><br \/>\n        2.3.2024 20:00\n    <\/p>\n<p>Mark Wahlbergin, 52, pyykkilauta ei l\u00f6ysty \u2013 superjulkkikset nautiskelevat l\u00e4mpimist\u00e4 keleist\u00e4\n    <\/p>\n<p itemprop=\"description\" class=\"subtitle \">\n    Maailmant\u00e4hdet nautiskelevat l\u00e4mpimist\u00e4 keleist\u00e4 suomalaisten viett\u00e4ess\u00e4 hiihtolomiaan.\n<\/p>\n<p>        <\/a><\/p>\n<p class=\"article-content article-content-width !bg-background\">My\u00f6s pariskunnan tytt\u00e4ret , 22, ja , 15, n\u00e4htiin lomalla vanhempiensa kanssa.<\/p>\n<p>                <img decoding=\"async\" src=\"https:\/\/www.europesays.com\/fi\/wp-content\/uploads\/2026\/01\/2032801.webp.jpeg\" width=\"576\" height=\"543\" alt=\"Karibian aalloissa ja hiekkarannalla viihtyiv\u00e4t my\u00f6s perheen nuorin ja vanhin lapsi. Kelluntaliivit eiv\u00e4t ole suinkaan uimisen takia, vaan nuori nainen ja teini ovat juuri palaamassa jettiajelultaan.\" loading=\"lazy\" \/>            <\/p>\n<p>\n            Karibian aalloissa ja hiekkarannalla viihtyiv\u00e4t my\u00f6s perheen nuorin ja vanhin lapsi. Kelluntaliivit eiv\u00e4t ole suinkaan uimisen takia, vaan nuori nainen ja teini ovat juuri palaamassa jettiajelultaan.<br \/>\n            AOP\n        <\/p>\n<p class=\"article-content article-content-width !bg-background\">Pariskunta on ollut naimisissa vuodesta 2009 l\u00e4htien, ja tyt\u00e4rten lis\u00e4ksi heill\u00e4 on pojat , 19, ja , 17.<\/p>\n<p>Lihasten takana uskomaton himotreenaus<\/p>\n<p class=\"article-content article-content-width !bg-background\">Kes\u00e4kuussa Mark oli pyyt\u00e4nyt kuntosaliaan avaamaan ovensa jo ennen kuin bilepaikat edes sulkevat. H\u00e4n p\u00e4\u00e4si treenaamaan ja sai pit\u00e4\u00e4koko kuntosalin itsell\u00e4\u00e4n ja yst\u00e4v\u00e4ll\u00e4\u00e4n. Treenins\u00e4 kaksikko sai p\u00e4\u00e4t\u00f6kseen aamuy\u00f6ll\u00e4 kello 4.30, Page Six kirjoittaa.<\/p>\n<p>        <a itemprop=\"url\" href=\"https:\/\/www.seiska.fi\/ulkomaat\/mark-wahlberg-nousi-nuorisovangista-multimiljonaariksi-talta-paidaton-lihaskimppu-naytti-uransa-alussa\/153617\" rel=\"nofollow noopener\" target=\"_blank\"><\/p>\n<p class=\"section-date\">\n        <strong class=\"article-section\" data-section=\"ulkomaat\"><br \/>\n            ulkomaat<br \/>\n        <\/strong><br \/>\n        22.1.2023 22:00\n    <\/p>\n<p>Mark Wahlberg nousi nuorisovangista multimiljon\u00e4\u00e4riksi \u2013 t\u00e4lt\u00e4 paidaton lihaskimppu n\u00e4ytti uransa alussa\n    <\/p>\n<p>        <\/a><\/p>\n<p class=\"article-content article-content-width !bg-background\">Vuonna 2018 Mark kertoi harjoitusaikataulunsa alkavan kello 2.30 aamulla. H\u00e4n paljasti treenaavansa kahdesti p\u00e4iv\u00e4ss\u00e4, k\u00e4yv\u00e4ns\u00e4 kryoterapiassa ja pelaavansa golfia.<\/p>\n<p class=\"article-content article-content-width !bg-background\">Muu aika t\u00e4yttyy perheajasta, ty\u00f6st\u00e4, ajoitetuista v\u00e4lipaloista ja suihkusta jokaisen treenin j\u00e4lkeen.<\/p>\n<p class=\"article-content article-content-width !bg-background\">\u2013 Kello 19.30 olen jo menossa nukkumaan, h\u00e4n kertoi.<\/p>\n","protected":false},"excerpt":{"rendered":"AOP 54-vuotias n\u00e4yttelij\u00e4 ja h\u00e4nen vaimonsa Rhea Durham, 47, n\u00e4htiin viikonloppuna julkkisten suosimassa karibialaiskohteessa. Jokavuotiseen tapaan puoli Hollywoodia&hellip;\n","protected":false},"author":2,"featured_media":132406,"comment_status":"","ping_status":"","sticky":false,"template":"","format":"standard","meta":{"footnotes":""},"categories":[130],"tags":[23364,137,23363,33,31,30,4076,6383,99,11768,4146,1478,923,5869,12675,1342,23362,5889,98,7846,23361,23360,23359,23358,23357,32,23356,23355,18000,4940,23365,6455,109],"class_list":{"0":"post-132405","1":"post","2":"type-post","3":"status-publish","4":"format-standard","5":"has-post-thumbnail","7":"category-viihde","8":"tag-barbados","9":"tag-entertainment","10":"tag-etelanmatka","11":"tag-fi","12":"tag-finland","13":"tag-finnish","14":"tag-karibia","15":"tag-kuvat","16":"tag-lapset","17":"tag-lomamatka","18":"tag-mark-wahlberg","19":"tag-matkailu","20":"tag-matkustaminen","21":"tag-miljonaari","22":"tag-multimiljonaari","23":"tag-nayttelija","24":"tag-pakarat","25":"tag-paljasta-pintaa","26":"tag-perhe","27":"tag-perheloma","28":"tag-rannalla","29":"tag-rantakuvat","30":"tag-rantaloma","31":"tag-reidet","32":"tag-rhea-durham","33":"tag-suomi","34":"tag-uikkarit","35":"tag-uima-asu","36":"tag-uimapuku","37":"tag-uimapukukuva","38":"tag-uimassa","39":"tag-vartalo","40":"tag-viihde"},"share_on_mastodon":{"url":"https:\/\/pubeurope.com\/@fi\/115831166899332815","error":""},"_links":{"self":[{"href":"https:\/\/www.europesays.com\/fi\/wp-json\/wp\/v2\/posts\/132405","targetHints":{"allow":["GET"]}}],"collection":[{"href":"https:\/\/www.europesays.com\/fi\/wp-json\/wp\/v2\/posts"}],"about":[{"href":"https:\/\/www.europesays.com\/fi\/wp-json\/wp\/v2\/types\/post"}],"author":[{"embeddable":true,"href":"https:\/\/www.europesays.com\/fi\/wp-json\/wp\/v2\/users\/2"}],"replies":[{"embeddable":true,"href":"https:\/\/www.europesays.com\/fi\/wp-json\/wp\/v2\/comments?post=132405"}],"version-history":[{"count":0,"href":"https:\/\/www.europesays.com\/fi\/wp-json\/wp\/v2\/posts\/132405\/revisions"}],"wp:featuredmedia":[{"embeddable":true,"href":"https:\/\/www.europesays.com\/fi\/wp-json\/wp\/v2\/media\/132406"}],"wp:attachment":[{"href":"https:\/\/www.europesays.com\/fi\/wp-json\/wp\/v2\/media?parent=132405"}],"wp:term":[{"taxonomy":"category","embeddable":true,"href":"https:\/\/www.europesays.com\/fi\/wp-json\/wp\/v2\/categories?post=132405"},{"taxonomy":"post_tag","embeddable":true,"href":"https:\/\/www.europesays.com\/fi\/wp-json\/wp\/v2\/tags?post=132405"}],"curies":[{"name":"wp","href":"https:\/\/api.w.org\/{rel}","templated":true}]}}