{"id":132411,"date":"2026-01-03T12:32:10","date_gmt":"2026-01-03T12:32:10","guid":{"rendered":"https:\/\/www.europesays.com\/fi\/132411\/"},"modified":"2026-01-03T12:32:10","modified_gmt":"2026-01-03T12:32:10","slug":"seppo-svahn-jo-viikon-ilman-sahkoja-keuruun-kuolemansaarilla-toin-potkukelkalla-nestekaasulammittimen-keski-suomi","status":"publish","type":"post","link":"https:\/\/www.europesays.com\/fi\/132411\/","title":{"rendered":"Seppo Svahn jo viikon ilman s\u00e4hk\u00f6j\u00e4 Keuruun Kuoleman\u00adsaarilla \u2013 \u201dToin potkukelkalla nestekaasu\u00adl\u00e4mmittimen\u201d | Keski-Suomi"},"content":{"rendered":"<p class=\"aw-1gybjub aw-5vja16 kEtdKx kmuxyA yle__article__paragraph\">Kaikkia Hannes-myrskyn vaurioita ei ole viel\u00e4 saatu korjattua.<\/p>\n<p><img decoding=\"async\" alt=\"Kuvassa on sininen m\u00f6kki saaressa.\" src=\"https:\/\/www.europesays.com\/fi\/wp-content\/uploads\/2026\/01\/39-15767946958d8c7a4c09.jpeg\" class=\"aw-1l9m598 hKVVvP\"\/><\/p>\n<p>Avaa kuvien katselu<\/p>\n<p>Kuolemansaaret sijaitsevat Keski-Suomen ja Pirkanmaan rajalla. Kuva: Seppo Svahn<\/p>\n<p class=\"aw-1gybjub aw-1p7kakr kEtdKx cEmitX yle__article__paragraph\">M\u00e4nt\u00e4n l\u00e4hell\u00e4 Keuruun Kuolemansaarilla m\u00f6kkeilev\u00e4 <strong class=\"aw-ak79eh KyCXm yle__article__strong\">Seppo Svahn<\/strong> ei ole tuskastunut, vaikka s\u00e4hk\u00f6t eiv\u00e4t ole Hannes-myrskyn j\u00e4lkeen viel\u00e4 palautuneet. Tapahtuneesta on jo viikko aikaa.<\/p>\n<p class=\"aw-1gybjub aw-1p7kakr kEtdKx cEmitX yle__article__paragraph\">Hankaluuksia aiheutti ainoastaan heikko j\u00e4\u00e4tilanne, joka ei mahdollistanut kaupassa k\u00e4ynti\u00e4. Ruokavarastoja piti jo s\u00e4\u00e4nn\u00f6stell\u00e4. Svahn mittasi j\u00e4\u00e4n paksuuden joka p\u00e4iv\u00e4, kunnes oli turvallista liikkua.<\/p>\n<p class=\"aw-1gybjub aw-1p7kakr kEtdKx cEmitX yle__article__paragraph\">\u2013 Viimein kun p\u00e4\u00e4sin kauppaan, toin potkukelkalla nestekaasul\u00e4mmittimen ja ruokaa.<\/p>\n<p class=\"aw-1gybjub aw-1p7kakr kEtdKx cEmitX yle__article__paragraph\">Nestekaasun lis\u00e4ksi arkea on py\u00f6ritetty tuikuilla ja kynttil\u00f6ill\u00e4. Varavirtapankeilla Svahn on saanut taskulamppuihin ja puhelimeen virtaa.<\/p>\n<p class=\"aw-1gybjub aw-1p7kakr kEtdKx cEmitX yle__article__paragraph\">Tietoa s\u00e4hk\u00f6jen palautumisesta ei viel\u00e4 lauantaina ollut. S\u00e4hk\u00f6yhti\u00f6n korjausmiehet olivat jo aiemmin k\u00e4yneet droonilla tutkimassa alueen vahinkoja.<\/p>\n<p class=\"aw-1gybjub aw-1p7kakr kEtdKx cEmitX yle__article__paragraph\">\u2013 Lupailivat jo silloin, ett\u00e4 huomenna tulee s\u00e4hk\u00f6t ja siit\u00e4 on jo useampi p\u00e4iv\u00e4. Ehk\u00e4 sitten maanantaina, katsotaan nyt.<\/p>\n<p class=\"aw-1gybjub aw-1p7kakr kEtdKx cEmitX yle__article__paragraph\">Sen kummempiin lis\u00e4varusteluihin ei Svahn m\u00f6kill\u00e4\u00e4n aio ryhty\u00e4. Viikon ruokavarastot l\u00f6ytyv\u00e4t ja kalaa tulee j\u00e4rvest\u00e4 hyvin. J\u00e4iden vahvistuttua asioille voi nyt menn\u00e4 jo m\u00f6nkij\u00e4ll\u00e4.<\/p>\n<p class=\"aw-1gybjub aw-1p7kakr kEtdKx cEmitX yle__article__paragraph\">\u2013 Kyll\u00e4 min\u00e4 t\u00e4\u00e4ll\u00e4 p\u00e4rj\u00e4\u00e4n.<\/p>\n","protected":false},"excerpt":{"rendered":"Kaikkia Hannes-myrskyn vaurioita ei ole viel\u00e4 saatu korjattua. Avaa kuvien katselu Kuolemansaaret sijaitsevat Keski-Suomen ja Pirkanmaan rajalla. Kuva:&hellip;\n","protected":false},"author":2,"featured_media":132412,"comment_status":"","ping_status":"","sticky":false,"template":"","format":"standard","meta":{"footnotes":""},"categories":[12],"tags":[542,22,23,26,27,33,31,30,22569,17,5778,474,8069,752,24,25,28,29,7705,15,18,21,4059,32,19,20,16],"class_list":{"0":"post-132411","1":"post","2":"type-post","3":"status-publish","4":"format-standard","5":"has-post-thumbnail","7":"category-suomi","8":"tag-asuminen","9":"tag-breaking-news","10":"tag-breakingnews","11":"tag-featured-news","12":"tag-featurednews","13":"tag-fi","14":"tag-finland","15":"tag-finnish","16":"tag-hannes-myrsky","17":"tag-headlines","18":"tag-kesamokit","19":"tag-keski-suomi","20":"tag-keuruu","21":"tag-keuruun-seutukunta","22":"tag-latest-news","23":"tag-latestnews","24":"tag-main-news","25":"tag-mainnews","26":"tag-mokkeily","27":"tag-news","28":"tag-otsikot","29":"tag-paauutiset","30":"tag-sahkokatkot","31":"tag-suomi","32":"tag-top-stories","33":"tag-topstories","34":"tag-uutiset"},"share_on_mastodon":{"url":"https:\/\/pubeurope.com\/@fi\/115831186781099076","error":""},"_links":{"self":[{"href":"https:\/\/www.europesays.com\/fi\/wp-json\/wp\/v2\/posts\/132411","targetHints":{"allow":["GET"]}}],"collection":[{"href":"https:\/\/www.europesays.com\/fi\/wp-json\/wp\/v2\/posts"}],"about":[{"href":"https:\/\/www.europesays.com\/fi\/wp-json\/wp\/v2\/types\/post"}],"author":[{"embeddable":true,"href":"https:\/\/www.europesays.com\/fi\/wp-json\/wp\/v2\/users\/2"}],"replies":[{"embeddable":true,"href":"https:\/\/www.europesays.com\/fi\/wp-json\/wp\/v2\/comments?post=132411"}],"version-history":[{"count":0,"href":"https:\/\/www.europesays.com\/fi\/wp-json\/wp\/v2\/posts\/132411\/revisions"}],"wp:featuredmedia":[{"embeddable":true,"href":"https:\/\/www.europesays.com\/fi\/wp-json\/wp\/v2\/media\/132412"}],"wp:attachment":[{"href":"https:\/\/www.europesays.com\/fi\/wp-json\/wp\/v2\/media?parent=132411"}],"wp:term":[{"taxonomy":"category","embeddable":true,"href":"https:\/\/www.europesays.com\/fi\/wp-json\/wp\/v2\/categories?post=132411"},{"taxonomy":"post_tag","embeddable":true,"href":"https:\/\/www.europesays.com\/fi\/wp-json\/wp\/v2\/tags?post=132411"}],"curies":[{"name":"wp","href":"https:\/\/api.w.org\/{rel}","templated":true}]}}