{"id":132413,"date":"2026-01-03T12:33:09","date_gmt":"2026-01-03T12:33:09","guid":{"rendered":"https:\/\/www.europesays.com\/fi\/132413\/"},"modified":"2026-01-03T12:33:09","modified_gmt":"2026-01-03T12:33:09","slug":"venezuela-on-noin-29-miljoonan-asukkaan-maa-jolla-on-maailman-suurimmat-todennetut-oljyvarat","status":"publish","type":"post","link":"https:\/\/www.europesays.com\/fi\/132413\/","title":{"rendered":"Venezuela on noin 29 miljoonan asukkaan maa, jolla on maailman suurimmat todennetut \u00f6ljyvarat"},"content":{"rendered":"<p>Selitt\u00e4v\u00e4 juttu|Sosialistipresidentti Maduro on hallinnut Venezuelaa yh\u00e4 rautaisemmalla otteella vuodesta 2013 l\u00e4htien. Toissa vuoden presidentinvaalit h\u00e4n v\u00e4\u00e4rensi pysy\u00e4kseen vallassa.<\/p>\n<p class=\"article-body mb-nof-24 px-nof-16\">Yhdysvaltain presidentti <a class=\"font-bold underline-offset-[0.12em] [text-decoration:var(--person-link-text-decoration)] ![text-decoration-color:var(--person-link-text-decoration-color)]\" href=\"https:\/\/www.hs.fi\/haku\/?query=Donald%20Trump\" rel=\"nofollow noopener\" target=\"_blank\">Donald Trump<\/a> <a class=\"underline underline-offset-[0.12em] [text-decoration-thickness:var(--generic-link-underline-thickness)] [text-decoration-color:var(--generic-link-underline-color)] [text-decoration-skip-ink:var(--generic-link-underline-skip-ink)] break-words\" href=\"https:\/\/www.hs.fi\/maailma\/art-2000011727624.html\" rel=\"nofollow noopener\" target=\"_blank\">vahvisti <\/a>lauantaiaamuna Suomen aikaa, ett\u00e4 Yhdysvallat on tehnyt laajan iskun Venezuelaan. Trumpin mukaan Venezuelan presidentti <a class=\"font-bold underline-offset-[0.12em] [text-decoration:var(--person-link-text-decoration)] ![text-decoration-color:var(--person-link-text-decoration-color)]\" href=\"https:\/\/www.hs.fi\/haku\/?query=Nicol%C3%A1s%20Maduro\" rel=\"nofollow noopener\" target=\"_blank\">Nicol\u00e1s Maduro<\/a> ja h\u00e4nen vaimonsa on otettu kiinni ja lenn\u00e4tetty maasta.<\/p>\n<p class=\"article-body mb-nof-24 px-nof-16\">Lauantaiaamuna Suomen aikaa useat mediat kertoivat, ett\u00e4 Venezuelan p\u00e4\u00e4kaupungissa Caracasissa kuultiin voimakkaita r\u00e4j\u00e4hdyksi\u00e4.<\/p>\n<p class=\"article-body mb-nof-24 px-nof-16\">Jo vuosia kire\u00e4t Yhdysvaltain ja Venezuelan v\u00e4liset suhteet saavuttivat uuden pohjan viime syksyn aikana.<\/p>\n<p class=\"article-body mb-nof-24 px-nof-16\">Trump sanoi joulukuun alussa, ett\u00e4 h\u00e4n m\u00e4\u00e4r\u00e4\u00e4 pian iskut Venezuelaa vastaan. Syksyn aikana Yhdysvallat on <a class=\"underline underline-offset-[0.12em] [text-decoration-thickness:var(--generic-link-underline-thickness)] [text-decoration-color:var(--generic-link-underline-color)] [text-decoration-skip-ink:var(--generic-link-underline-skip-ink)] break-words\" href=\"https:\/\/www.hs.fi\/maailma\/art-2000011686774.html\" rel=\"nofollow noopener\" target=\"_blank\">iskenyt <\/a>useisiin veneisiin, joiden on v\u00e4itetty kuljettavan huumeita Yhdysvaltoihin. Yhdysvallat on my\u00f6s lis\u00e4nnyt painetta asettamalla pakotteita Venezuelaa kohtaan.<\/p>\n<p class=\"article-body mb-nof-24 px-nof-16\">Trump on toistuvasti <a class=\"underline underline-offset-[0.12em] [text-decoration-thickness:var(--generic-link-underline-thickness)] [text-decoration-color:var(--generic-link-underline-color)] [text-decoration-skip-ink:var(--generic-link-underline-skip-ink)] break-words\" href=\"https:\/\/www.hs.fi\/maailma\/art-2000011668444.html\" rel=\"nofollow noopener\" target=\"_blank\">syytt\u00e4nyt <\/a>Venezuelaa huumeiden syyt\u00e4misest\u00e4 Yhdysvaltoihin ja Venezuelan hallintoa huumekartellin johtamisesta. Lis\u00e4ksi Trump on syytt\u00e4nyt Maduroa venezuelalaispakolaisten saapumisesta Yhdysvaltoihin ja puhunut h\u00e4nen syrj\u00e4ytt\u00e4misest\u00e4\u00e4n. <\/p>\n<p class=\"article-body mb-nof-24 px-nof-16\">Trump ja Maduro keskustelivat joulukuussa puhelimessa. Maduro on pyrkinyt <a class=\"underline underline-offset-[0.12em] [text-decoration-thickness:var(--generic-link-underline-thickness)] [text-decoration-color:var(--generic-link-underline-color)] [text-decoration-skip-ink:var(--generic-link-underline-skip-ink)] break-words\" href=\"https:\/\/www.hs.fi\/maailma\/art-2000011554234.html\" rel=\"nofollow noopener\" target=\"_blank\">liennytt\u00e4m\u00e4\u00e4n <\/a>maiden v\u00e4lisi\u00e4 suhteita.<\/p>\n<p><img decoding=\"async\" src=\"https:\/\/www.europesays.com\/fi\/wp-content\/uploads\/2026\/01\/1767443588_153_468.jpg\" alt=\"Helikoptereita Venezuelan p\u00e4\u00e4kaupunki Caracasissa. Ruutukaappaus uutistoimisto Reutersin haltuunsa saamalta videolta.\" class=\"_Img_1rerz_1\" style=\"aspect-ratio:1\" loading=\"eager\"\/><\/p>\n<p class=\"article-picture-caption\">Helikoptereita Venezuelan p\u00e4\u00e4kaupunki Caracasissa. Ruutukaappaus uutistoimisto Reutersin haltuunsa saamalta videolta.<\/p>\n<p class=\"article-body mb-nof-24 px-nof-16\">Sosialistipresidentti Maduro on hallinnut Venezuelaa yh\u00e4 rautaisemmalla otteella vuodesta 2013 l\u00e4htien.<\/p>\n<p class=\"article-body mb-nof-24 px-nof-16\">Maduro nousi Venezuelan johtoon varapresidentin asemasta, kun h\u00e4nen edelt\u00e4j\u00e4ns\u00e4 ja oppi-is\u00e4ns\u00e4 <a class=\"font-bold underline-offset-[0.12em] [text-decoration:var(--person-link-text-decoration)] ![text-decoration-color:var(--person-link-text-decoration-color)]\" href=\"https:\/\/www.hs.fi\/haku\/?query=Hugo%20Ch%C3%A1vez\" rel=\"nofollow noopener\" target=\"_blank\">Hugo Ch\u00e1vez<\/a> kuoli sy\u00f6p\u00e4\u00e4n 58-vuotiaana. Ch\u00e1vez oli johtanut maata runsaat 14 vuotta.<\/p>\n<p class=\"article-body mb-nof-24 px-nof-16\">Toissa vuoden presidentinvaalit Maduro <a class=\"underline underline-offset-[0.12em] [text-decoration-thickness:var(--generic-link-underline-thickness)] [text-decoration-color:var(--generic-link-underline-color)] [text-decoration-skip-ink:var(--generic-link-underline-skip-ink)] break-words\" href=\"https:\/\/www.hs.fi\/maailma\/art-2000011442120.html\" rel=\"nofollow noopener\" target=\"_blank\">v\u00e4\u00e4rensi <\/a>pysy\u00e4kseen vallassa. Oppositiojohtaja <a class=\"font-bold underline-offset-[0.12em] [text-decoration:var(--person-link-text-decoration)] ![text-decoration-color:var(--person-link-text-decoration-color)]\" href=\"https:\/\/www.hs.fi\/haku\/?query=Mar%C3%ADa%20Corina%20Machado\" rel=\"nofollow noopener\" target=\"_blank\">Mar\u00eda Corina Machado<\/a> olisi voittanut vaalit, jos h\u00e4nen olisi sallittu asettua ehdolle. Machado voitti viime vuonna Nobelin rauhanpalkinnon.<\/p>\n<p class=\"article-body mb-nof-24 px-nof-16\">Machadon sijasta opposition yhteinen ehdokas oli <a class=\"font-bold underline-offset-[0.12em] [text-decoration:var(--person-link-text-decoration)] ![text-decoration-color:var(--person-link-text-decoration-color)]\" href=\"https:\/\/www.hs.fi\/haku\/?query=Edmundo%20Gonz%C3%A1lez%20Urrutia\" rel=\"nofollow noopener\" target=\"_blank\">Edmundo Gonz\u00e1lez Urrutia<\/a>. Urrutia sai l\u00e4hes 70 prosenttia \u00e4\u00e4nist\u00e4. H\u00e4n pakeni syksyll\u00e4 2024 Venezuelasta Espanjaan.<\/p>\n<p class=\"article-body mb-nof-24 px-nof-16\">Viime vuodet Venezuela on k\u00e4rsinyt hyperinflaatiosta ja laajamittaisesta korruptiosta. Maasta on <a class=\"underline underline-offset-[0.12em] [text-decoration-thickness:var(--generic-link-underline-thickness)] [text-decoration-color:var(--generic-link-underline-color)] [text-decoration-skip-ink:var(--generic-link-underline-skip-ink)] break-words\" href=\"https:\/\/www.google.com\/search?q=veneuzela+miljoonat+pakolaiset+hs&amp;sca_esv=3cfbdfdccbb84d26&amp;rlz=1C1GCEA_enFI1195&amp;ei=d-ZYaeD5JfjywPAP5fqHqA8&amp;ved=0ahUKEwigkZuVjO-RAxV4ORAIHWX9AfUQ4dUDCBE&amp;uact=5&amp;oq=veneuzela+miljoonat+pakolaiset+hs&amp;gs_lp=Egxnd3Mtd2l6LXNlcnAiIXZlbmV1emVsYSBtaWxqb29uYXQgcGFrb2xhaXNldCBoc0j9BlDfA1jlBXAAeACQAQCYAXKgAaECqgEDMy4xuAEDyAEA-AEBmAIAoAIAmAMA4gMFEgExIECIBgGSBwCgB8gCsgcAuAcAwgcAyAcAgAgA&amp;sclient=gws-wiz-serp\" rel=\"nofollow noopener\" target=\"_blank\">paennut <\/a>miljoonia ihmisi\u00e4.<\/p>\n<p class=\"article-body mb-nof-24 px-nof-16\">Venezuelalla on maailman suurimmat todennetut \u00f6ljyvarat. Trump on aiemmin ilmoittanut, ett\u00e4 Venezuelaan matkaavia s\u00e4ili\u00f6laivoja on <a class=\"underline underline-offset-[0.12em] [text-decoration-thickness:var(--generic-link-underline-thickness)] [text-decoration-color:var(--generic-link-underline-color)] [text-decoration-skip-ink:var(--generic-link-underline-skip-ink)] break-words\" href=\"https:\/\/www.hs.fi\/maailma\/art-2000011697655.html\" rel=\"nofollow noopener\" target=\"_blank\">saarrettu<\/a>. Lis\u00e4ksi Yhdysvallat on ottanut s\u00e4ili\u00f6aluksia haltuunsa. Painostuksen alla Venezuela on <a class=\"underline underline-offset-[0.12em] [text-decoration-thickness:var(--generic-link-underline-thickness)] [text-decoration-color:var(--generic-link-underline-color)] [text-decoration-skip-ink:var(--generic-link-underline-skip-ink)] break-words\" href=\"https:\/\/www.hs.fi\/maailma\/art-2000011686866.html\" rel=\"nofollow noopener\" target=\"_blank\">hakenut <\/a>ja saanut tukeaKiinalta sek\u00e4 Ven\u00e4j\u00e4lt\u00e4.<\/p>\n<p class=\"article-body mb-nof-24 px-nof-16\">Venezuela sijaitsee pohjoisessa Etel\u00e4-Amerikassa. Maassa asuu noin 29 miljoonaa ihmist\u00e4.<\/p>\n<p><img decoding=\"async\" src=\"https:\/\/images.sanoma-sndp.fi\/8e831909480fcd198d10d21d1926f20a.svg\" alt=\"\" class=\"_Img_1rerz_1\" style=\"aspect-ratio:0.9866666666666667\" loading=\"eager\"\/><\/p>\n","protected":false},"excerpt":{"rendered":"Selitt\u00e4v\u00e4 juttu|Sosialistipresidentti Maduro on hallinnut Venezuelaa yh\u00e4 rautaisemmalla otteella vuodesta 2013 l\u00e4htien. Toissa vuoden presidentinvaalit h\u00e4n v\u00e4\u00e4rensi pysy\u00e4kseen&hellip;\n","protected":false},"author":2,"featured_media":132414,"comment_status":"","ping_status":"","sticky":false,"template":"","format":"standard","meta":{"footnotes":""},"categories":[5],"tags":[22,23,26,27,33,31,30,17,46,24,25,28,29,15,18,21,32,19,20,16],"class_list":{"0":"post-132413","1":"post","2":"type-post","3":"status-publish","4":"format-standard","5":"has-post-thumbnail","7":"category-otsikot","8":"tag-breaking-news","9":"tag-breakingnews","10":"tag-featured-news","11":"tag-featurednews","12":"tag-fi","13":"tag-finland","14":"tag-finnish","15":"tag-headlines","16":"tag-helsingin-sanomat","17":"tag-latest-news","18":"tag-latestnews","19":"tag-main-news","20":"tag-mainnews","21":"tag-news","22":"tag-otsikot","23":"tag-paauutiset","24":"tag-suomi","25":"tag-top-stories","26":"tag-topstories","27":"tag-uutiset"},"share_on_mastodon":{"url":"https:\/\/pubeurope.com\/@fi\/115831190489072582","error":""},"_links":{"self":[{"href":"https:\/\/www.europesays.com\/fi\/wp-json\/wp\/v2\/posts\/132413","targetHints":{"allow":["GET"]}}],"collection":[{"href":"https:\/\/www.europesays.com\/fi\/wp-json\/wp\/v2\/posts"}],"about":[{"href":"https:\/\/www.europesays.com\/fi\/wp-json\/wp\/v2\/types\/post"}],"author":[{"embeddable":true,"href":"https:\/\/www.europesays.com\/fi\/wp-json\/wp\/v2\/users\/2"}],"replies":[{"embeddable":true,"href":"https:\/\/www.europesays.com\/fi\/wp-json\/wp\/v2\/comments?post=132413"}],"version-history":[{"count":0,"href":"https:\/\/www.europesays.com\/fi\/wp-json\/wp\/v2\/posts\/132413\/revisions"}],"wp:featuredmedia":[{"embeddable":true,"href":"https:\/\/www.europesays.com\/fi\/wp-json\/wp\/v2\/media\/132414"}],"wp:attachment":[{"href":"https:\/\/www.europesays.com\/fi\/wp-json\/wp\/v2\/media?parent=132413"}],"wp:term":[{"taxonomy":"category","embeddable":true,"href":"https:\/\/www.europesays.com\/fi\/wp-json\/wp\/v2\/categories?post=132413"},{"taxonomy":"post_tag","embeddable":true,"href":"https:\/\/www.europesays.com\/fi\/wp-json\/wp\/v2\/tags?post=132413"}],"curies":[{"name":"wp","href":"https:\/\/api.w.org\/{rel}","templated":true}]}}