{"id":132418,"date":"2026-01-03T12:49:10","date_gmt":"2026-01-03T12:49:10","guid":{"rendered":"https:\/\/www.europesays.com\/fi\/132418\/"},"modified":"2026-01-03T12:49:10","modified_gmt":"2026-01-03T12:49:10","slug":"olga-temonen-ja-heikki-silvennoinen-ehdolla-kultaisen-venlan-saajaksi-aanestamaan-paaset-tasta","status":"publish","type":"post","link":"https:\/\/www.europesays.com\/fi\/132418\/","title":{"rendered":"Olga Temonen ja Heikki Silvennoinen ehdolla Kultaisen Venlan saajaksi \u2013 \u00e4\u00e4nest\u00e4m\u00e4\u00e4n p\u00e4\u00e4set t\u00e4st\u00e4"},"content":{"rendered":"<p>Televisioakatemian vuosittain j\u00e4rjest\u00e4m\u00e4n Kultainen Venla -kilpailun yleis\u00f6\u00e4\u00e4nestys on parasta aikaa k\u00e4ynniss\u00e4.<\/p>\n<p>Palkintojenjakotilaisuus Kultainen Venla -gaala j\u00e4rjestet\u00e4\u00e4n tammikuun 23. p\u00e4iv\u00e4 Suomen Kansallisoopperassa. Gaalan televisioi Yleisradio.<\/p>\n<p>Lue my\u00f6s: <a href=\"https:\/\/www.voice.fi\/viihde\/a-235537\" title=\"Suurmenestykseksi noussut suomalaissarja myyty jo yhdeks\u00e4\u00e4n maahan\" class=\"underline-custom !font-montserrat !font-bold !underline-offset-4 !decoration-4 !decoration-tilt-light !text-md\" rel=\"nofollow noopener\" target=\"_blank\">Suurmenestykseksi noussut suomalaissarja myyty jo yhdeks\u00e4\u00e4n maahan<\/a><\/p>\n<p>Lue my\u00f6s: <a href=\"https:\/\/www.voice.fi\/viihde\/a-234310\" title=\"Sami Kieksin tuottama uusi dokumenttisarja alkaa \u2013 nyt pureudutaan asunnottomien nuorten arkeen\" class=\"underline-custom !font-montserrat !font-bold !underline-offset-4 !decoration-4 !decoration-tilt-light !text-md\" rel=\"nofollow noopener\" target=\"_blank\">Sami Kieksin tuottama uusi dokumenttisarja alkaa \u2013 nyt pureudutaan asunnottomien nuorten arkeen<\/a><\/p>\n<p>\u00c4\u00e4nestett\u00e4vin\u00e4 esiintyj\u00e4ehdokkaina ovat t\u00e4n\u00e4 vuonna mukana muun muassa edesmenneet <strong>Olga Temonen<\/strong> sek\u00e4 <strong>Heikki Silvennoinen<\/strong>.<\/p>\n<p>Temonen on ehdolla roolistaan Harjunp\u00e4\u00e4-sarjassa ja Silvennoinen esiintymisest\u00e4\u00e4n Kummelin M\u00f6kkinaapurit-sarjassa.<\/p>\n<p>Muita ehdokkaita ovat esimerkiksi <strong>Christoffer Strandberg<\/strong> (Petolliset), <strong>Katja St\u00e5hl<\/strong> (El\u00e4m\u00e4ni biisi), <strong>Arman Alizad<\/strong> (Arman ja aikamme ilmi\u00f6t), <strong>Sointu Borg<\/strong> (Pirunpeli, Sointu Borg ja tyrkyt), <strong>Aku Hirviniemi<\/strong> (Aku, Kalle &amp; Euroopan ihmeet), <strong>Antti Holma<\/strong> (Haluatko Miljon\u00e4\u00e4riksi?), <strong>Pilvi H\u00e4m\u00e4l\u00e4inen<\/strong> (Suurmestari), <strong>Sami Kuronen<\/strong> (Temptation island) sek\u00e4 Salatut el\u00e4m\u00e4t -n\u00e4yttelij\u00e4t <strong>Hanna Kinnunen, Esko Kovero<\/strong> ja <strong>Tommi Taurula<\/strong>.<\/p>\n<p>Lue my\u00f6s: <a href=\"https:\/\/www.voice.fi\/viihde\/a-232601\" title=\"Suosikkipari palaa Sohvaperunoihin \u2013 ohjelma jatkuu uusin jaksoin\" class=\"underline-custom !font-montserrat !font-bold !underline-offset-4 !decoration-4 !decoration-tilt-light !text-md\" rel=\"nofollow noopener\" target=\"_blank\">Suosikkipari palaa Sohvaperunoihin \u2013 ohjelma jatkuu uusin jaksoin<\/a><\/p>\n<p>Lue my\u00f6s: <a href=\"https:\/\/www.voice.fi\/viihde\/a-229019\" title=\"Venla-gaalassa upeaa pukuloistoa \u2013 katso kuvat punaiselta matolta\" class=\"underline-custom !font-montserrat !font-bold !underline-offset-4 !decoration-4 !decoration-tilt-light !text-md\" rel=\"nofollow noopener\" target=\"_blank\">Venla-gaalassa upeaa pukuloistoa \u2013 katso kuvat punaiselta matolta<\/a><\/p>\n<p>Oman \u00e4\u00e4nesi suosikkiesiintyj\u00e4llesi p\u00e4\u00e4set antamaan <a href=\"https:\/\/www.kultainenvenla.fi\/kultainen-venla\/kultainen-venla-esiintyjaehdokkaat\/?fbclid=PAZXh0bgNhZW0CMTEAc3J0YwZhcHBfaWQMMjU2MjgxMDQwNTU4AAGnCJHuR9YURhQShvlrcpefUwvCJCCQ1vkeluZVZ7dfFs5c67lvETvEhGrZS3o_aem_eFf9zT7AwxbmTkkAnpkxEA\" target=\"_blank\" rel=\"noreferrer noopener nofollow\">t\u00e4st\u00e4 linkist\u00e4<\/a>.<\/p>\n<p>Suoraa tv-l\u00e4hetyst\u00e4 gaalasta voi seurata 23.1.2026 YleTV1-kanavalta klo 21-23.<\/p>\n","protected":false},"excerpt":{"rendered":"Televisioakatemian vuosittain j\u00e4rjest\u00e4m\u00e4n Kultainen Venla -kilpailun yleis\u00f6\u00e4\u00e4nestys on parasta aikaa k\u00e4ynniss\u00e4. Palkintojenjakotilaisuus Kultainen Venla -gaala j\u00e4rjestet\u00e4\u00e4n tammikuun 23.&hellip;\n","protected":false},"author":2,"featured_media":132419,"comment_status":"","ping_status":"","sticky":false,"template":"","format":"standard","meta":{"footnotes":""},"categories":[132],"tags":[137,33,31,30,5602,195,47,32,23366,109],"class_list":{"0":"post-132418","1":"post","2":"type-post","3":"status-publish","4":"format-standard","5":"has-post-thumbnail","7":"category-musiikki","8":"tag-entertainment","9":"tag-fi","10":"tag-finland","11":"tag-finnish","12":"tag-kultainen-venla","13":"tag-music","14":"tag-musiikki","15":"tag-suomi","16":"tag-u00e4u00e4nestys","17":"tag-viihde"},"share_on_mastodon":{"url":"https:\/\/pubeurope.com\/@fi\/115831253378354026","error":""},"_links":{"self":[{"href":"https:\/\/www.europesays.com\/fi\/wp-json\/wp\/v2\/posts\/132418","targetHints":{"allow":["GET"]}}],"collection":[{"href":"https:\/\/www.europesays.com\/fi\/wp-json\/wp\/v2\/posts"}],"about":[{"href":"https:\/\/www.europesays.com\/fi\/wp-json\/wp\/v2\/types\/post"}],"author":[{"embeddable":true,"href":"https:\/\/www.europesays.com\/fi\/wp-json\/wp\/v2\/users\/2"}],"replies":[{"embeddable":true,"href":"https:\/\/www.europesays.com\/fi\/wp-json\/wp\/v2\/comments?post=132418"}],"version-history":[{"count":0,"href":"https:\/\/www.europesays.com\/fi\/wp-json\/wp\/v2\/posts\/132418\/revisions"}],"wp:featuredmedia":[{"embeddable":true,"href":"https:\/\/www.europesays.com\/fi\/wp-json\/wp\/v2\/media\/132419"}],"wp:attachment":[{"href":"https:\/\/www.europesays.com\/fi\/wp-json\/wp\/v2\/media?parent=132418"}],"wp:term":[{"taxonomy":"category","embeddable":true,"href":"https:\/\/www.europesays.com\/fi\/wp-json\/wp\/v2\/categories?post=132418"},{"taxonomy":"post_tag","embeddable":true,"href":"https:\/\/www.europesays.com\/fi\/wp-json\/wp\/v2\/tags?post=132418"}],"curies":[{"name":"wp","href":"https:\/\/api.w.org\/{rel}","templated":true}]}}