{"id":132422,"date":"2026-01-03T12:53:10","date_gmt":"2026-01-03T12:53:10","guid":{"rendered":"https:\/\/www.europesays.com\/fi\/132422\/"},"modified":"2026-01-03T12:53:10","modified_gmt":"2026-01-03T12:53:10","slug":"rauman-valla-fiini-kukkakaupan-yrittaja-pauliina-hiukkamaki-kertoo-etta-kukkakaupan-pyorittaminen-ei-ole-aina-helppoa","status":"publish","type":"post","link":"https:\/\/www.europesays.com\/fi\/132422\/","title":{"rendered":"Rauman Valla Fiini -kukkakaupan yritt\u00e4j\u00e4 Pauliina Hiukkam\u00e4ki kertoo, ett\u00e4 kukkakaupan py\u00f6ritt\u00e4minen ei ole aina helppoa."},"content":{"rendered":"<p>Kukat ovat vieneet Hiukkam\u00e4en mukanaan niin isosti, ett\u00e4 er\u00e4\u00e4n illan muisteleminen tuo edelleen ilon kyyneleet silmiin. \u201dOlen ollut paljon rohkeampi kuin ajattelinkaan.\u201d<\/p>\n<p class=\"article-body mb-nof-24 px-nof-16\">Rauma<\/p>\n<p class=\"article-body mb-nof-24 px-nof-16\">Tuossa on ihminen, joka rakastaa ty\u00f6t\u00e4\u00e4n ja on hyv\u00e4 siin\u00e4. Kukkien keskell\u00e4 seisovasta ja keskittyneell\u00e4 ilmeell\u00e4 kimppua sitovasta <a class=\"font-bold underline-offset-[0.12em] [text-decoration:var(--person-link-text-decoration)] ![text-decoration-color:var(--person-link-text-decoration-color)]\" href=\"https:\/\/www.satakunnankansa.fi\/haku\/?query=Pauliina%20Hiukkam%C3%A4est%C3%A4\" rel=\"nofollow noopener\" target=\"_blank\">Pauliina Hiukkam\u00e4est\u00e4<\/a> n\u00e4kee jo kauas, ett\u00e4 h\u00e4n on hyv\u00e4ss\u00e4 ja oikeassa paikassa.<\/p>\n<p class=\"article-body mb-nof-24 px-nof-16\">\u201dMinulla ei ole koskaan aamulla sellainen olo, ett\u00e4 voi ei, onks pakko men t\u00f6ihi. En voisi edes kuvitella tekev\u00e4ni jotain muuta kuin t\u00e4t\u00e4.\u201d<\/p>\n","protected":false},"excerpt":{"rendered":"Kukat ovat vieneet Hiukkam\u00e4en mukanaan niin isosti, ett\u00e4 er\u00e4\u00e4n illan muisteleminen tuo edelleen ilon kyyneleet silmiin. \u201dOlen ollut&hellip;\n","protected":false},"author":2,"featured_media":132423,"comment_status":"","ping_status":"","sticky":false,"template":"","format":"standard","meta":{"footnotes":""},"categories":[130],"tags":[137,33,31,30,80,32,109],"class_list":{"0":"post-132422","1":"post","2":"type-post","3":"status-publish","4":"format-standard","5":"has-post-thumbnail","7":"category-viihde","8":"tag-entertainment","9":"tag-fi","10":"tag-finland","11":"tag-finnish","12":"tag-satakunnan-kansa","13":"tag-suomi","14":"tag-viihde"},"share_on_mastodon":{"url":"https:\/\/pubeurope.com\/@fi\/115831269171397870","error":""},"_links":{"self":[{"href":"https:\/\/www.europesays.com\/fi\/wp-json\/wp\/v2\/posts\/132422","targetHints":{"allow":["GET"]}}],"collection":[{"href":"https:\/\/www.europesays.com\/fi\/wp-json\/wp\/v2\/posts"}],"about":[{"href":"https:\/\/www.europesays.com\/fi\/wp-json\/wp\/v2\/types\/post"}],"author":[{"embeddable":true,"href":"https:\/\/www.europesays.com\/fi\/wp-json\/wp\/v2\/users\/2"}],"replies":[{"embeddable":true,"href":"https:\/\/www.europesays.com\/fi\/wp-json\/wp\/v2\/comments?post=132422"}],"version-history":[{"count":0,"href":"https:\/\/www.europesays.com\/fi\/wp-json\/wp\/v2\/posts\/132422\/revisions"}],"wp:featuredmedia":[{"embeddable":true,"href":"https:\/\/www.europesays.com\/fi\/wp-json\/wp\/v2\/media\/132423"}],"wp:attachment":[{"href":"https:\/\/www.europesays.com\/fi\/wp-json\/wp\/v2\/media?parent=132422"}],"wp:term":[{"taxonomy":"category","embeddable":true,"href":"https:\/\/www.europesays.com\/fi\/wp-json\/wp\/v2\/categories?post=132422"},{"taxonomy":"post_tag","embeddable":true,"href":"https:\/\/www.europesays.com\/fi\/wp-json\/wp\/v2\/tags?post=132422"}],"curies":[{"name":"wp","href":"https:\/\/api.w.org\/{rel}","templated":true}]}}