{"id":132427,"date":"2026-01-03T12:58:08","date_gmt":"2026-01-03T12:58:08","guid":{"rendered":"https:\/\/www.europesays.com\/fi\/132427\/"},"modified":"2026-01-03T12:58:08","modified_gmt":"2026-01-03T12:58:08","slug":"varoituskartta-hohkaa-keltaisena-ilta-sanomat","status":"publish","type":"post","link":"https:\/\/www.europesays.com\/fi\/132427\/","title":{"rendered":"Varoituskartta hohkaa keltaisena &#8211; Ilta-Sanomat"},"content":{"rendered":"<p>Ajos\u00e4\u00e4 on kurja.<\/p>\n<p>Katso videolta lauantain s\u00e4\u00e4ennuste. Video: Foreca<\/p>\n<p class=\"article-body mb-nof-24 px-nof-16\">Ajokeli on t\u00e4n\u00e4\u00e4n huono maan etel\u00e4- ja keskiosissa p\u00f6lly\u00e4v\u00e4n pakkaslumen vuoksi.<\/p>\n<p class=\"article-body mb-nof-24 px-nof-16\">\u2013 Etenkin maan etel\u00e4osissa on hajanaisia lumisadealueita. Lunta ei v\u00e4ltt\u00e4m\u00e4tt\u00e4 tule kovin paljon, mutta kevyt lumi p\u00f6lly\u00e4\u00e4 ja heikent\u00e4\u00e4 n\u00e4kyvyytt\u00e4, Forecan p\u00e4ivyst\u00e4v\u00e4 meteorologi <a class=\"font-bold underline-offset-[0.12em] [text-decoration:var(--person-link-text-decoration)] ![text-decoration-color:var(--person-link-text-decoration-color)]\" href=\"https:\/\/www.is.fi\/haku\/?query=Joonas%20Koskela\" rel=\"nofollow noopener\" target=\"_blank\">Joonas Koskela <\/a>kertoo.<\/p>\n<p class=\"article-body mb-nof-24 px-nof-16\">Ruotsissa on riehunut Anna-myrsky. Saman matalapaineen lumisateita on levinnyt my\u00f6s Suomeen, mutta ne eiv\u00e4t ylly l\u00e4hesk\u00e4\u00e4n yht\u00e4 voimakkaiksi kuin l\u00e4nsinaapurissa.<\/p>\n<p class=\"article-body mb-nof-24 px-nof-16\">Lue lis\u00e4\u00e4: <a class=\"underline underline-offset-[0.12em] [text-decoration-thickness:var(--generic-link-underline-thickness)] [text-decoration-color:var(--generic-link-underline-color)] [text-decoration-skip-ink:var(--generic-link-underline-skip-ink)] break-words\" href=\"https:\/\/www.is.fi\/ulkomaat\/art-2000011727563.html\" rel=\"nofollow noopener\" target=\"_blank\">400 autoa jumissa \u2013 Anna-myrsky murjoo Ruotsia<\/a><\/p>\n<p class=\"article-body mb-nof-24 px-nof-16\">Varoituskartta hohkaa silti Suomessakin keltaisena. Etel\u00e4ss\u00e4 liikennes\u00e4\u00e4 on huono ja onnettomuusriski kohonnut. Pohjois-Suomessa on voimassa puolestaan pakkasvaroitus.<\/p>\n<p class=\"article-body mb-nof-24 px-nof-16\">\u2013 Kylm\u00e4 pakkass\u00e4\u00e4 jatkuu yh\u00e4. Lapissa pakkanen kiristyy entisest\u00e4\u00e4n. En pid\u00e4 mahdottomana, etteik\u00f6 nelj\u00e4nkymmenen miinusasteen raja voisi rikkoutua sunnuntain ja maanantain v\u00e4lisen\u00e4 aikana Lapissa selkeill\u00e4 alueilla, Koskela ennustaa.<\/p>\n<p><img decoding=\"async\" src=\"https:\/\/www.europesays.com\/fi\/wp-content\/uploads\/2026\/01\/1767445088_757_468.jpg\" alt=\"Talvinen s\u00e4\u00e4 jatkuu.\" class=\"_Img_1rerz_1\" style=\"aspect-ratio:1.7518248175182483\" loading=\"eager\"\/><\/p>\n<p class=\"article-picture-caption\">Talvinen s\u00e4\u00e4 jatkuu. Kuva:\u00a0Ilkka M\u00e4kinen \/ IS<\/p>\n<p class=\"article-body mb-nof-24 px-nof-16\">My\u00f6s muualla maassa s\u00e4\u00e4 kylmenee edelleen.<\/p>\n<p class=\"article-body mb-nof-24 px-nof-16\">\u2013 Viikonlopun ja alkuviikon aikana l\u00e4mp\u00f6tila voi etel\u00e4ss\u00e4kin vajota viidentoista ja kahdenkymmenen miinusasteen tiet\u00e4mille.<\/p>\n<p class=\"article-body mb-nof-24 px-nof-16\">Ajokeli alkaa kohentua lauantain j\u00e4lkeen.<\/p>\n<p class=\"article-body mb-nof-24 px-nof-16\">\u2013 S\u00e4\u00e4 on paranemaan p\u00e4in. Lumisateet heikkenev\u00e4t ja keli kirkastuu monin paikoin.<\/p>\n<p class=\"article-body mb-nof-24 px-nof-16\">Pakkanen paukkuu koko maassa ainakin tulevan viikon ajan.<\/p>\n<p class=\"article-body mb-nof-24 px-nof-16\">\u2013 Kylm\u00e4 on t\u00e4m\u00e4 alkanut vuosi ollut, Koskela toteaa.<\/p>\n","protected":false},"excerpt":{"rendered":"Ajos\u00e4\u00e4 on kurja. Katso videolta lauantain s\u00e4\u00e4ennuste. Video: Foreca Ajokeli on t\u00e4n\u00e4\u00e4n huono maan etel\u00e4- ja keskiosissa p\u00f6lly\u00e4v\u00e4n&hellip;\n","protected":false},"author":2,"featured_media":132428,"comment_status":"","ping_status":"","sticky":false,"template":"","format":"standard","meta":{"footnotes":""},"categories":[12],"tags":[22,23,26,27,33,31,30,17,34,24,25,28,29,15,18,21,32,19,20,16],"class_list":{"0":"post-132427","1":"post","2":"type-post","3":"status-publish","4":"format-standard","5":"has-post-thumbnail","7":"category-suomi","8":"tag-breaking-news","9":"tag-breakingnews","10":"tag-featured-news","11":"tag-featurednews","12":"tag-fi","13":"tag-finland","14":"tag-finnish","15":"tag-headlines","16":"tag-ilta-sanomat","17":"tag-latest-news","18":"tag-latestnews","19":"tag-main-news","20":"tag-mainnews","21":"tag-news","22":"tag-otsikot","23":"tag-paauutiset","24":"tag-suomi","25":"tag-top-stories","26":"tag-topstories","27":"tag-uutiset"},"share_on_mastodon":{"url":"https:\/\/pubeurope.com\/@fi\/115831288981032029","error":""},"_links":{"self":[{"href":"https:\/\/www.europesays.com\/fi\/wp-json\/wp\/v2\/posts\/132427","targetHints":{"allow":["GET"]}}],"collection":[{"href":"https:\/\/www.europesays.com\/fi\/wp-json\/wp\/v2\/posts"}],"about":[{"href":"https:\/\/www.europesays.com\/fi\/wp-json\/wp\/v2\/types\/post"}],"author":[{"embeddable":true,"href":"https:\/\/www.europesays.com\/fi\/wp-json\/wp\/v2\/users\/2"}],"replies":[{"embeddable":true,"href":"https:\/\/www.europesays.com\/fi\/wp-json\/wp\/v2\/comments?post=132427"}],"version-history":[{"count":0,"href":"https:\/\/www.europesays.com\/fi\/wp-json\/wp\/v2\/posts\/132427\/revisions"}],"wp:featuredmedia":[{"embeddable":true,"href":"https:\/\/www.europesays.com\/fi\/wp-json\/wp\/v2\/media\/132428"}],"wp:attachment":[{"href":"https:\/\/www.europesays.com\/fi\/wp-json\/wp\/v2\/media?parent=132427"}],"wp:term":[{"taxonomy":"category","embeddable":true,"href":"https:\/\/www.europesays.com\/fi\/wp-json\/wp\/v2\/categories?post=132427"},{"taxonomy":"post_tag","embeddable":true,"href":"https:\/\/www.europesays.com\/fi\/wp-json\/wp\/v2\/tags?post=132427"}],"curies":[{"name":"wp","href":"https:\/\/api.w.org\/{rel}","templated":true}]}}