{"id":132429,"date":"2026-01-03T12:59:08","date_gmt":"2026-01-03T12:59:08","guid":{"rendered":"https:\/\/www.europesays.com\/fi\/132429\/"},"modified":"2026-01-03T12:59:08","modified_gmt":"2026-01-03T12:59:08","slug":"kerttu-niskanen-sairastui-ja-vetaytyi-tour-de-skilta-ylen-asiantuntijalta-huolestuttavaa-puhetta-urheilua-lyhyesti","status":"publish","type":"post","link":"https:\/\/www.europesays.com\/fi\/132429\/","title":{"rendered":"Kerttu Niskanen sairastui ja vet\u00e4ytyi Tour de Skilt\u00e4 \u2013 Ylen asiantuntijalta huolestuttavaa puhetta | Urheilua lyhyesti"},"content":{"rendered":"<p class=\"aw-1gybjub aw-5vja16 kEtdKx kmuxyA yle__article__paragraph\">Kerttu Niskanen vet\u00e4ytyi Tour de Skilt\u00e4 juuri ennen sprintti\u00adkarsinnan alkua.<\/p>\n<p><img decoding=\"async\" alt=\"Kerttu Niskanen Trondheimissa joulukuussa 2025.\" src=\"https:\/\/www.europesays.com\/fi\/wp-content\/uploads\/2026\/01\/39-157478369501db670696.jpeg\" class=\"aw-1l9m598 hKVVvP\"\/><\/p>\n<p>Avaa kuvien katselu<\/p>\n<p>Kerttu Niskasella on flunssaa. Kuva: Getty Images<\/p>\n<p class=\"aw-1gybjub aw-1p7kakr kEtdKx cEmitX yle__article__paragraph\"><a class=\"aw-iao6s4 iHOxEa yle__article__link\" href=\"https:\/\/areena.yle.fi\/1-4329207?t=tulevat-jaksot\" role=\"link\" rel=\"nofollow noopener\" target=\"_blank\">Yle n\u00e4ytt\u00e4\u00e4 kanavillaan Tour de Skin p\u00e4\u00e4t\u00f6sviikonlopun. Lauantaina perinteisen hiihtotavan sprintit ja sunnuntaina legendaarinen Alpe Cermisin loppunousu eli 10 kilometri\u00e4 vapaalla hiihtotavalla.<\/a><\/p>\n<p class=\"aw-1gybjub aw-1p7kakr kEtdKx cEmitX yle__article__paragraph\"><strong class=\"aw-ak79eh KyCXm yle__article__strong\">Kerttu Niskanen<\/strong> ei startannut lauantain perinteisen hiihtotavan sprinttiin Tour de Skill\u00e4 Val di Fiemmen olympialadulla.<\/p>\n<p class=\"aw-1gybjub aw-1p7kakr kEtdKx cEmitX yle__article__paragraph\">Niskanen oli Tourin kokonaistilanteessa seitsem\u00e4nten\u00e4.<\/p>\n<p class=\"aw-1gybjub aw-1p7kakr kEtdKx cEmitX yle__article__paragraph\">Perjantaina Yle Urheilun asiantuntija <strong class=\"aw-ak79eh KyCXm yle__article__strong\">Aino-Kaisa Saarinen<\/strong> <a class=\"aw-iao6s4 iHOxEa yle__article__link\" href=\"https:\/\/yle.fi\/a\/74-20202262\" role=\"link\" rel=\"nofollow noopener\" target=\"_blank\">toivoi<\/a>, ett\u00e4 Niskanen p\u00e4\u00e4sisi karsinnasta jatkoon ja hiiht\u00e4m\u00e4\u00e4n sprinttieri\u00e4. Se olisi ollut arvokasta niin Niskasen hiihdon ter\u00e4vyyden kuin Tourin kokonaiskisan kannalta.<\/p>\n<p class=\"aw-1gybjub aw-1p7kakr kEtdKx cEmitX yle__article__paragraph\">\u2013 Saa n\u00e4hd\u00e4. Toivottavasti, Niskanen totesi torstain kilpailun j\u00e4lkeen, kun h\u00e4nelt\u00e4 kysyttiin, jatkuuko Tour.<\/p>\n<p class=\"aw-1gybjub aw-1p7kakr kEtdKx cEmitX yle__article__paragraph\">Juuri ennen sprintin karsinnan alkua, Yle Urheilun toimittaja <strong class=\"aw-ak79eh KyCXm yle__article__strong\">Laura Arffman<\/strong> kertoi jutelleensa pikaisesti Val di Fiemmess\u00e4 Suomen p\u00e4\u00e4valmentajan <strong class=\"aw-ak79eh KyCXm yle__article__strong\">Teemu Pasasen<\/strong> kanssa. Pasasen mukaan Niskanen oli tehnyt vet\u00e4ytymisp\u00e4\u00e4t\u00f6ksens\u00e4 viime tingassa.<\/p>\n<p class=\"aw-1gybjub aw-1p7kakr kEtdKx cEmitX yle__article__paragraph\">Karsinnan k\u00e4ynnistytty\u00e4 Ylen selostaja <strong class=\"aw-ak79eh KyCXm yle__article__strong\">Kimmo Porttila<\/strong> kertoi saamansa lis\u00e4tiedon Niskasen tilanteesta:<\/p>\n<p class=\"aw-1gybjub aw-1p7kakr kEtdKx cEmitX yle__article__paragraph\">\u2013 Kerttu Niskasen poisj\u00e4\u00e4nnin syyn\u00e4 on sairastuminen, flunssa.<\/p>\n<p class=\"aw-1gybjub aw-1p7kakr kEtdKx cEmitX yle__article__paragraph\">\u2013 Joo, en mit\u00e4\u00e4n muuta uskonutkaan, ett\u00e4 h\u00e4n olisi ehdontahdoin luovuttanut. H\u00e4n taisteli nimenomaan palkintopallisijasta kokonaiskisassa. Ei olisi ollut mit\u00e4\u00e4n j\u00e4rke\u00e4 hyl\u00e4t\u00e4 hommaa t\u00e4ss\u00e4 vaiheessa, totesi asiantuntija <strong class=\"aw-ak79eh KyCXm yle__article__strong\">Ville Nousiainen<\/strong>.<\/p>\n<p><img decoding=\"async\" alt=\"Kerttu Niskanen ja Frida Karlsson kukituksessa.\" src=\"https:\/\/www.europesays.com\/fi\/wp-content\/uploads\/2026\/01\/39-157529869529f5eeebfc.jpeg\" loading=\"lazy\" class=\"aw-1l9m598 hKVVvP\"\/><\/p>\n<p>Avaa kuvien katselu<\/p>\n<p>Kerttu Niskanen ehti osoittaa Tourilla vahvaa nousukuntoa. H\u00e4n oli nelj\u00e4s 10 kilometrill\u00e4 (p). Kuva: Terje Pedersen\/NTB\/LehtikuvaKello tikitt\u00e4\u00e4 olympialaisiin<\/p>\n<p class=\"aw-1gybjub aw-1p7kakr kEtdKx cEmitX yle__article__paragraph\">Niskasen alkukausi maailmancupissa oli todella vaikea. Ennen Tourin alkua <a class=\"aw-iao6s4 iHOxEa yle__article__link\" href=\"https:\/\/yle.fi\/a\/74-20201569\" role=\"link\" rel=\"nofollow noopener\" target=\"_blank\">h\u00e4n kertoi<\/a> terveysmurheista tarkentamatta asiaa.<\/p>\n<p class=\"aw-1gybjub aw-1p7kakr kEtdKx cEmitX yle__article__paragraph\">Tourilla Niskanen kuitenkin osoitti vankkaa nousukuntoa ja oli muun muassa nelj\u00e4s 10 kilometrin perinteisell\u00e4. Nyt vaikuttaa tulleen uusi takaisku juuri, kun Niskanen oli saanut oikaistua kurssinsa.<\/p>\n<p class=\"aw-1gybjub aw-1p7kakr kEtdKx cEmitX yle__article__paragraph\">\u2013 Just t\u00e4m\u00e4. Oli vaikea alkukausi, mutta viimeiset kisat osoittivat, ett\u00e4 h\u00e4n on j\u00e4lleen sill\u00e4 tasolla, mill\u00e4 on viime vuodet pystynyt kilpailemaan, Ville Nousiainen harmitteli.<\/p>\n<p class=\"aw-1gybjub aw-1p7kakr kEtdKx cEmitX yle__article__paragraph\">\u2013 Jos on todella pieni flunssa, varmasti h\u00e4n toipuu siit\u00e4 olympialaisiin. Mutta jos tulee kova kuume tai vaikka influenssa, kyll\u00e4 siit\u00e4 on tiukkaa ja kiire aikataulu selvit\u00e4 olympialaisiin huippuiskuun.<\/p>\n<p class=\"aw-1gybjub aw-1p7kakr kEtdKx cEmitX yle__article__paragraph\">Suomen ensimm\u00e4iset hiihdon olympiavalinnat syyskuussa olivat <strong class=\"aw-ak79eh KyCXm yle__article__strong\">Jasmi Joensuu<\/strong>, <strong class=\"aw-ak79eh KyCXm yle__article__strong\">Iivo Niskanen<\/strong>, Kerttu Niskanen, <strong class=\"aw-ak79eh KyCXm yle__article__strong\">Krista P\u00e4rm\u00e4koski<\/strong> ja <strong class=\"aw-ak79eh KyCXm yle__article__strong\">Lauri Vuorinen<\/strong>.<\/p>\n<p class=\"aw-1gybjub aw-1p7kakr kEtdKx cEmitX yle__article__paragraph\">Iivo Niskanen osoitti Tourilla, ett\u00e4 olympialaisia ajatellen homma on kunnossa joulukuun sairastelujen j\u00e4lkeen.<\/p>\n<p class=\"aw-1gybjub aw-1p7kakr kEtdKx cEmitX yle__article__paragraph\">Joensuu on mainiossa iskussa.<\/p>\n<p class=\"aw-1gybjub aw-1p7kakr kEtdKx cEmitX yle__article__paragraph\">Vuorisen Tour oli hankala, sill\u00e4 h\u00e4n vet\u00e4ytyi kolmen osakilpailun j\u00e4lkeen, koska h\u00e4nen olonsa ei ollut \u201dihan normaali\u201d.<\/p>\n<p class=\"aw-1gybjub aw-1p7kakr kEtdKx cEmitX yle__article__paragraph\">Etenkin P\u00e4rm\u00e4kosken Tour meni t\u00e4ysin penkin alle. Joulukuussa koronan sairastanut P\u00e4rm\u00e4koski vet\u00e4ytyi torstain takaa-ajon j\u00e4lkeen. H\u00e4n valahti 20 kilometrin takaa-ajossa sijalle 46.<\/p>\n<p class=\"aw-1gybjub aw-1p7kakr kEtdKx cEmitX yle__article__paragraph\">\u2013 K\u00e4rkiporukalta, joka on jo viime vuosien n\u00e4ytt\u00f6jens\u00e4 perusteella aiemmin valittu olympialaisiin, ei ole ihan nappiin mennyt, Nousiainen tiivisti.<\/p>\n","protected":false},"excerpt":{"rendered":"Kerttu Niskanen vet\u00e4ytyi Tour de Skilt\u00e4 juuri ennen sprintti\u00adkarsinnan alkua. Avaa kuvien katselu Kerttu Niskasella on flunssaa. Kuva:&hellip;\n","protected":false},"author":2,"featured_media":132430,"comment_status":"","ping_status":"","sticky":false,"template":"","format":"standard","meta":{"footnotes":""},"categories":[5],"tags":[22,23,26,27,33,31,30,17,2095,12224,24,25,18916,28,29,15,18,21,2668,32,19,20,22116,160,16],"class_list":{"0":"post-132429","1":"post","2":"type-post","3":"status-publish","4":"format-standard","5":"has-post-thumbnail","7":"category-otsikot","8":"tag-breaking-news","9":"tag-breakingnews","10":"tag-featured-news","11":"tag-featurednews","12":"tag-fi","13":"tag-finland","14":"tag-finnish","15":"tag-headlines","16":"tag-hiihto","17":"tag-kerttu-niskanen","18":"tag-latest-news","19":"tag-latestnews","20":"tag-maastohiihdon-maailmancup","21":"tag-main-news","22":"tag-mainnews","23":"tag-news","24":"tag-otsikot","25":"tag-paauutiset","26":"tag-pohjoismaiset-hiihtolajit","27":"tag-suomi","28":"tag-top-stories","29":"tag-topstories","30":"tag-tour-de-ski","31":"tag-urheilu","32":"tag-uutiset"},"share_on_mastodon":{"url":"https:\/\/pubeurope.com\/@fi\/115831292728638444","error":""},"_links":{"self":[{"href":"https:\/\/www.europesays.com\/fi\/wp-json\/wp\/v2\/posts\/132429","targetHints":{"allow":["GET"]}}],"collection":[{"href":"https:\/\/www.europesays.com\/fi\/wp-json\/wp\/v2\/posts"}],"about":[{"href":"https:\/\/www.europesays.com\/fi\/wp-json\/wp\/v2\/types\/post"}],"author":[{"embeddable":true,"href":"https:\/\/www.europesays.com\/fi\/wp-json\/wp\/v2\/users\/2"}],"replies":[{"embeddable":true,"href":"https:\/\/www.europesays.com\/fi\/wp-json\/wp\/v2\/comments?post=132429"}],"version-history":[{"count":0,"href":"https:\/\/www.europesays.com\/fi\/wp-json\/wp\/v2\/posts\/132429\/revisions"}],"wp:featuredmedia":[{"embeddable":true,"href":"https:\/\/www.europesays.com\/fi\/wp-json\/wp\/v2\/media\/132430"}],"wp:attachment":[{"href":"https:\/\/www.europesays.com\/fi\/wp-json\/wp\/v2\/media?parent=132429"}],"wp:term":[{"taxonomy":"category","embeddable":true,"href":"https:\/\/www.europesays.com\/fi\/wp-json\/wp\/v2\/categories?post=132429"},{"taxonomy":"post_tag","embeddable":true,"href":"https:\/\/www.europesays.com\/fi\/wp-json\/wp\/v2\/tags?post=132429"}],"curies":[{"name":"wp","href":"https:\/\/api.w.org\/{rel}","templated":true}]}}