{"id":132431,"date":"2026-01-03T13:11:10","date_gmt":"2026-01-03T13:11:10","guid":{"rendered":"https:\/\/www.europesays.com\/fi\/132431\/"},"modified":"2026-01-03T13:11:10","modified_gmt":"2026-01-03T13:11:10","slug":"salakuva-remu-aaltonen-vietti-iltaa-yllattavassa-paikassa","status":"publish","type":"post","link":"https:\/\/www.europesays.com\/fi\/132431\/","title":{"rendered":"Salakuva: Remu Aaltonen vietti iltaa yll\u00e4tt\u00e4v\u00e4ss\u00e4 paikassa!"},"content":{"rendered":"<p>\n            20251127 HelsinkiLasse Norres hautajaiset. Kuvassa Remu AaltonenKuva: Tomi Natri<br \/>\n            Tomi Natri\n        <\/p>\n<p class=\"subtitle \">Remu Aaltonen ja Hurriganes ovat t\u00e4rke\u00e4 osa suomalaista rock-historiaa.<\/p>\n<p class=\"article-content article-content-width !bg-background\"> ohjaamaa klassikkoelokuvaa Casablancaa pidet\u00e4\u00e4n yhten\u00e4 historian parhaista elokuvista \u2013 ellei jopa parhaimpana.<\/p>\n<p class=\"article-content article-content-width !bg-background\">Elokuva sijoittuu toisen maailmansodan aikaiseen Casablancan kaupunkiin, ja unohtumattomat p\u00e4\u00e4roolit leffassa tekiv\u00e4t yhdysvaltalainen  ja ruotsalainen .<\/p>\n<p class=\"article-content article-content-width !bg-background\">Nyt ei kuitenkaan olla Marokon suurimmassa kaupungissa, vaan Atlasvuorten juurella sijaitsevassa Marrakechissa.<\/p>\n<p>        <a itemprop=\"url\" href=\"https:\/\/www.seiska.fi\/vain-seiskassa\/remu-aaltoselta-suoraa-puhetta-cisse-hakkisesta-1\/2003360\" rel=\"nofollow noopener\" target=\"_blank\"><\/p>\n<p>\nRemu Aaltonen muistelee Cisse\u00e4\n<\/p>\n<p class=\"section-date\">\n        <strong class=\"article-section\" data-section=\"vain seiskassa\"><br \/>\n            vain seiskassa<br \/>\n        <\/strong><br \/>\n        26.12.2025 11:00\n    <\/p>\n<p>Remu Aaltoselta suoraa puhetta Cisse H\u00e4kkisest\u00e4\n    <\/p>\n<p itemprop=\"description\" class=\"subtitle \">\n    Remu ei olisi Remu, ellei puheissa olisi melko filosofisiakin vertauksia, joita tuskin kukaan voi aivan t\u00e4ysin ymm\u00e4rt\u00e4\u00e4.\n<\/p>\n<p>        <\/a><\/p>\n<p>                <img decoding=\"async\" src=\"https:\/\/www.europesays.com\/fi\/wp-content\/uploads\/2026\/01\/2003354.webp.jpeg\" width=\"576\" height=\"620\" alt=\"Remu Aaltonen on oleellinen hahmo suomalaisessa rock-historiassa.\" loading=\"lazy\" \/>            <\/p>\n<p>\n            Remu Aaltonen on oleellinen hahmo suomalaisessa rock-historiassa.<br \/>\n            juhametso\n        <\/p>\n<p>Nautiskelemassa<\/p>\n<p class=\"article-content article-content-width !bg-background\">Paikalla oli tapaninp\u00e4iv\u00e4n\u00e4 Seiskan lukija, joka teki kaupungin sykkeess\u00e4 huomion: itse .<\/p>\n<p class=\"article-content article-content-width !bg-background\"> \u2013 Remu istuskeli hyv\u00e4ntuulisen n\u00e4k\u00f6isen\u00e4 istumassa iltaa ja nauttimassa, lukija kertoo.<\/p>\n<p class=\"article-content article-content-width !bg-background\"> \u2013 Lautasella oli paikallista ruokaa, ja Remu vaikutti olevan mieliss\u00e4\u00e4n kuunnellessaan paikallista musiikkia.<\/p>\n<p class=\"article-content article-content-width !bg-background\">Seiska ei tavoittanut el\u00e4v\u00e4\u00e4 Hurriganes-legendaa.<\/p>\n<p>        <a itemprop=\"url\" href=\"https:\/\/www.seiska.fi\/kotimaa\/remu-aaltonen-ikava-uutinen\/2003344\" rel=\"nofollow noopener\" target=\"_blank\"><\/p>\n<p>\nTuplasuru\n<\/p>\n<p class=\"section-date\">\n        <strong class=\"article-section\" data-section=\"kotimaa\"><br \/>\n            kotimaa<br \/>\n        <\/strong><br \/>\n        26.11.2025 12:05\n    <\/p>\n<p>Remu Aaltonen: Ik\u00e4v\u00e4 uutinen\n    <\/p>\n<p itemprop=\"description\" class=\"subtitle \">\n    Keikkaa Remu ei en\u00e4\u00e4 aktiivisesti tee, mutta jotain on silti edelleen j\u00e4ljell\u00e4: huumori ja rakkaus naisia kohtaan.\n<\/p>\n<p>        <\/a><\/p>\n<p>                <img decoding=\"async\" src=\"https:\/\/www.europesays.com\/fi\/wp-content\/uploads\/2026\/01\/2034488.webp.jpeg\" width=\"576\" height=\"639\" alt=\"Remu vaikutti kuuntelevan eritt\u00e4in tarkoin paikallista musiikkia.\" loading=\"lazy\" \/>            <\/p>\n<p>\n            Remu vaikutti kuuntelevan eritt\u00e4in tarkoin paikallista musiikkia.<br \/>\n            Lukijan kuva\n        <\/p>\n<p>Kehui taannoin afrikkalaisia rytmej\u00e4<\/p>\n<p class=\"article-content article-content-width !bg-background\">Lukijan puheet paikallisesta musiikista ja nauttimisesta on helppo uskoa, sill\u00e4 taannoin Remu hakkasi Seiskan haastattelussa lyttyyn nykyisen musiikkimaailman.<\/p>\n<p class=\"article-content article-content-width !bg-background\">\u2013 Kaikki ovat vain kopion kopion kopioita, Remu uhosi aiemmin joulukuussa.<\/p>\n<p class=\"article-content article-content-width !bg-background\">\u2013 Min\u00e4 kuuntelen nykyisin afrikkalaista ja latinoamerikkalaista musiikkia, niiss\u00e4 kun on viel\u00e4 rytmi\u00e4, Remu jatkoi.<\/p>\n<p>        <a itemprop=\"url\" href=\"https:\/\/www.seiska.fi\/katso\/remu-aaltonen-pinteessa-finnairin-kanssa\/1979114\" rel=\"nofollow noopener\" target=\"_blank\"><\/p>\n<p>\nRemu Aaltonen\n<\/p>\n<p class=\"section-date\">\n        <strong class=\"article-section\" data-section=\"katso\"><br \/>\n            katso<br \/>\n        <\/strong><br \/>\n        5.11.2025 11:16\n    <\/p>\n<p>Remu Aaltonen pinteess\u00e4 Finnairin kanssa\n    <\/p>\n<p itemprop=\"description\" class=\"subtitle \">\n    Remu Aaltonen muistelee Vain el\u00e4m\u00e4\u00e4 -ohjelmassa erikoista lentomatkaansa.\n<\/p>\n<p>        <\/a><\/p>\n<p class=\"article-content article-content-width !bg-background\">Lokakuussa Remu kertoi Seiskalle ik\u00e4v\u00e4st\u00e4 ajasta, sill\u00e4 kaksi l\u00e4heist\u00e4 yst\u00e4v\u00e4\u00e4, legendaarinen manageri  ja musiikkituottaja , menehtyiv\u00e4t lyhyen ajan sis\u00e4\u00e4n.<\/p>\n<p class=\"article-content article-content-width !bg-background\">\u2013 T\u00e4ss\u00e4 i\u00e4ss\u00e4 el\u00e4m\u00e4 on ottanut jo jonkin aikaa enemm\u00e4n kuin antanut, Remu totesi marraskuussa pari p\u00e4iv\u00e4\u00e4 ennen Lassen hautajaisia.<\/p>\n<p>                <img decoding=\"async\" src=\"https:\/\/www.europesays.com\/fi\/wp-content\/uploads\/2026\/01\/1993645.webp.jpeg\" width=\"576\" height=\"322\" alt=\"Lasse Norres oli Remu Aaltosen manageri aina viimeisiin p\u00e4iviin saakka.\" loading=\"lazy\" \/>            <\/p>\n<p>\n            Lasse Norres oli Remu Aaltosen manageri aina viimeisiin p\u00e4iviin saakka.<br \/>\n            Timo Korhonen\n        <\/p>\n<p>Sinkku<\/p>\n<p class=\"article-content article-content-width !bg-background\">Muuten Remu vaikutti olevan entisess\u00e4 ter\u00e4ss\u00e4\u00e4n ja kertoi olevansa sinkku, \u201drakastuen joka p\u00e4iv\u00e4 automaattisesti\u201d.<\/p>\n<p class=\"article-content article-content-width !bg-background\">\u2013 Ei ole ket\u00e4\u00e4n niin hyv\u00e4\u00e4!<\/p>\n<p class=\"article-content article-content-width !bg-background\">\u2013 Pit\u00e4\u00e4 olla peli auki, Remu huudahti marraskuussa j\u00e4tt\u00e4en tapansa mukaan totuuden lukijan varaan.<\/p>\n","protected":false},"excerpt":{"rendered":"20251127 HelsinkiLasse Norres hautajaiset. Kuvassa Remu AaltonenKuva: Tomi Natri Tomi Natri Remu Aaltonen ja Hurriganes ovat t\u00e4rke\u00e4 osa&hellip;\n","protected":false},"author":2,"featured_media":132432,"comment_status":"","ping_status":"","sticky":false,"template":"","format":"standard","meta":{"footnotes":""},"categories":[136],"tags":[23367,11909,407,137,33,31,30,5766,408,23368,1478,14519,32,109],"class_list":{"0":"post-132431","1":"post","2":"type-post","3":"status-publish","4":"format-standard","5":"has-post-thumbnail","7":"category-julkkikset","8":"tag-afrikkalainen-musiikki","9":"tag-casablanca","10":"tag-celebrities","11":"tag-entertainment","12":"tag-fi","13":"tag-finland","14":"tag-finnish","15":"tag-hurriganes","16":"tag-julkkikset","17":"tag-marrakech","18":"tag-matkailu","19":"tag-remu-aaltonen","20":"tag-suomi","21":"tag-viihde"},"share_on_mastodon":{"url":"https:\/\/pubeurope.com\/@fi\/115831339918672041","error":""},"_links":{"self":[{"href":"https:\/\/www.europesays.com\/fi\/wp-json\/wp\/v2\/posts\/132431","targetHints":{"allow":["GET"]}}],"collection":[{"href":"https:\/\/www.europesays.com\/fi\/wp-json\/wp\/v2\/posts"}],"about":[{"href":"https:\/\/www.europesays.com\/fi\/wp-json\/wp\/v2\/types\/post"}],"author":[{"embeddable":true,"href":"https:\/\/www.europesays.com\/fi\/wp-json\/wp\/v2\/users\/2"}],"replies":[{"embeddable":true,"href":"https:\/\/www.europesays.com\/fi\/wp-json\/wp\/v2\/comments?post=132431"}],"version-history":[{"count":0,"href":"https:\/\/www.europesays.com\/fi\/wp-json\/wp\/v2\/posts\/132431\/revisions"}],"wp:featuredmedia":[{"embeddable":true,"href":"https:\/\/www.europesays.com\/fi\/wp-json\/wp\/v2\/media\/132432"}],"wp:attachment":[{"href":"https:\/\/www.europesays.com\/fi\/wp-json\/wp\/v2\/media?parent=132431"}],"wp:term":[{"taxonomy":"category","embeddable":true,"href":"https:\/\/www.europesays.com\/fi\/wp-json\/wp\/v2\/categories?post=132431"},{"taxonomy":"post_tag","embeddable":true,"href":"https:\/\/www.europesays.com\/fi\/wp-json\/wp\/v2\/tags?post=132431"}],"curies":[{"name":"wp","href":"https:\/\/api.w.org\/{rel}","templated":true}]}}