{"id":132433,"date":"2026-01-03T13:16:06","date_gmt":"2026-01-03T13:16:06","guid":{"rendered":"https:\/\/www.europesays.com\/fi\/132433\/"},"modified":"2026-01-03T13:16:06","modified_gmt":"2026-01-03T13:16:06","slug":"evil-dead-burnista-julkaistiin-ensimmainen-kuva","status":"publish","type":"post","link":"https:\/\/www.europesays.com\/fi\/132433\/","title":{"rendered":"Evil Dead Burnista julkaistiin ensimm\u00e4inen kuva!"},"content":{"rendered":"<p>\u201dKunda, Estratta, Montoss\u00e9, Kanda.\u201d Sielt\u00e4 ne deaditet tulevat taas.<\/p>\n<p>Ohjaaja<strong> S\u00e9bastien Vani\u010dek<\/strong> on tehnyt Evil Dead Burnin, joka saa ensi-iltansa my\u00f6hemmin t\u00e4n\u00e4 vuonna.<\/p>\n<p>Lue my\u00f6s: <a href=\"https:\/\/www.episodi.fi\/uutiset\/tiesitko-tata-yksi-puhelinsoitto-stephen-kingilta-pelasti-evil-dead-elokuvat\/\" title=\"Tiesitk\u00f6 t\u00e4t\u00e4? Yksi puhelinsoitto Stephen Kingilt\u00e4 pelasti Evil Dead -elokuvat\" class=\"underline-custom !font-montserrat !font-bold !underline-offset-4 !decoration-4 !decoration-episodi-blue !text-md\" rel=\"nofollow noopener\" target=\"_blank\">Tiesitk\u00f6 t\u00e4t\u00e4? Yksi puhelinsoitto Stephen Kingilt\u00e4 pelasti Evil Dead -elokuvat<\/a><\/p>\n<p>Lue my\u00f6s: <a href=\"https:\/\/www.episodi.fi\/uutiset\/weapons-ohjaajan-uusi-elokuva-on-jumissa\/\" title=\"Weapons-ohjaajan uusi elokuva on jumissa\" class=\"underline-custom !font-montserrat !font-bold !underline-offset-4 !decoration-4 !decoration-episodi-blue !text-md\" rel=\"nofollow noopener\" target=\"_blank\">Weapons-ohjaajan uusi elokuva on jumissa<\/a><\/p>\n<p>Vani\u010dek julkaisi Instagramissa kuvan, jossa n\u00e4hd\u00e4\u00e4n sivu kammotusta Necronomiconista.<\/p>\n<p>Dyyni: Osa kaksi -n\u00e4yttelij\u00e4<strong> Souheila Yacoub <\/strong>t\u00e4hditt\u00e4\u00e4 elokuvaa <strong>Hunter Doohanin, Luciane Buchananin, Tandi Wrightin, Erroll Shandin, Edgar Pricen, Maude Daveyn, Keanu Karimin <\/strong>ja<strong> Victory Ndukwen<\/strong> kanssa.<\/p>\n<p>My\u00f6s <strong>Bruce Campbellin<\/strong> paluusta Ashiksi on huhuttu.<\/p>\n<p>Elokuvan on tuottanut <strong>Sam Raimi.<\/strong><\/p>\n<p>Alla kuva.<\/p>\n<p>Lue my\u00f6s: <a href=\"https:\/\/www.episodi.fi\/uutiskirje\/?uutiskirjemainos=tekstilinkkimainos\" title=\"Tilaa Episodin uutiskirje ja voit voittaa leffalippuja! Nappaa tv-vinkit suoraan s\u00e4hk\u00f6postiin t\u00e4st\u00e4.\" class=\"underline-custom !font-montserrat !font-bold !underline-offset-4 !decoration-4 !decoration-episodi-blue !text-md\" rel=\"nofollow noopener\" target=\"_blank\">Tilaa Episodin uutiskirje ja voit voittaa leffalippuja! Nappaa katseluvinkit suoraan s\u00e4hk\u00f6postiin t\u00e4st\u00e4.<\/a><\/p>\n","protected":false},"excerpt":{"rendered":"\u201dKunda, Estratta, Montoss\u00e9, Kanda.\u201d Sielt\u00e4 ne deaditet tulevat taas. Ohjaaja S\u00e9bastien Vani\u010dek on tehnyt Evil Dead Burnin, joka&hellip;\n","protected":false},"author":2,"featured_media":132434,"comment_status":"","ping_status":"","sticky":false,"template":"","format":"standard","meta":{"footnotes":""},"categories":[131],"tags":[155,137,23369,33,173,31,30,3057,172,4754,23370,32,109],"class_list":{"0":"post-132433","1":"post","2":"type-post","3":"status-publish","4":"format-standard","5":"has-post-thumbnail","7":"category-elokuvat","8":"tag-elokuvat","9":"tag-entertainment","10":"tag-evil-dead-burn","11":"tag-fi","12":"tag-film","13":"tag-finland","14":"tag-finnish","15":"tag-kauhu","16":"tag-movies","17":"tag-sam-raimi","18":"tag-sebastien-vanicek","19":"tag-suomi","20":"tag-viihde"},"share_on_mastodon":{"url":"https:\/\/pubeurope.com\/@fi\/115831359571090763","error":""},"_links":{"self":[{"href":"https:\/\/www.europesays.com\/fi\/wp-json\/wp\/v2\/posts\/132433","targetHints":{"allow":["GET"]}}],"collection":[{"href":"https:\/\/www.europesays.com\/fi\/wp-json\/wp\/v2\/posts"}],"about":[{"href":"https:\/\/www.europesays.com\/fi\/wp-json\/wp\/v2\/types\/post"}],"author":[{"embeddable":true,"href":"https:\/\/www.europesays.com\/fi\/wp-json\/wp\/v2\/users\/2"}],"replies":[{"embeddable":true,"href":"https:\/\/www.europesays.com\/fi\/wp-json\/wp\/v2\/comments?post=132433"}],"version-history":[{"count":0,"href":"https:\/\/www.europesays.com\/fi\/wp-json\/wp\/v2\/posts\/132433\/revisions"}],"wp:featuredmedia":[{"embeddable":true,"href":"https:\/\/www.europesays.com\/fi\/wp-json\/wp\/v2\/media\/132434"}],"wp:attachment":[{"href":"https:\/\/www.europesays.com\/fi\/wp-json\/wp\/v2\/media?parent=132433"}],"wp:term":[{"taxonomy":"category","embeddable":true,"href":"https:\/\/www.europesays.com\/fi\/wp-json\/wp\/v2\/categories?post=132433"},{"taxonomy":"post_tag","embeddable":true,"href":"https:\/\/www.europesays.com\/fi\/wp-json\/wp\/v2\/tags?post=132433"}],"curies":[{"name":"wp","href":"https:\/\/api.w.org\/{rel}","templated":true}]}}