{"id":132448,"date":"2026-01-03T13:44:07","date_gmt":"2026-01-03T13:44:07","guid":{"rendered":"https:\/\/www.europesays.com\/fi\/132448\/"},"modified":"2026-01-03T13:44:07","modified_gmt":"2026-01-03T13:44:07","slug":"pyrinnon-tahtipelaajan-kausi-ohi-ja-jatko-optio-kaytetty","status":"publish","type":"post","link":"https:\/\/www.europesays.com\/fi\/132448\/","title":{"rendered":"Pyrinn\u00f6n t\u00e4htipelaajan kausi ohi ja jatko-optio k\u00e4ytetty"},"content":{"rendered":"<p>Topias Jokela jatkaa Tampereen Pyrinn\u00f6ss\u00e4 kaudella 2026\u201327.<\/p>\n<p class=\"article-body mb-nof-24 px-nof-16\">Aamulehti<\/p>\n<p class=\"article-body mb-nof-24 px-nof-16\">Tampereen Pyrinn\u00f6n pitk\u00e4nhuiskean sentterin <a class=\"font-bold underline-offset-[0.12em] [text-decoration:var(--person-link-text-decoration)] ![text-decoration-color:var(--person-link-text-decoration-color)]\" href=\"https:\/\/www.aamulehti.fi\/haku\/?query=Topias%20Jokelan\" rel=\"nofollow noopener\" target=\"_blank\">Topias Jokelan<\/a> kausi on ohi Miesten Korisliigassa. Seura kertoo asiasta tiedotteessaan.<\/p>\n<p class=\"article-body mb-nof-24 px-nof-16\">Jokela k\u00e4rsi ennen joulua alaraajavamman, jonka takia h\u00e4n joutui leikkausp\u00f6yd\u00e4lle. Kyseisest\u00e4 vammasta ja leikkauksesta toipuminen ottaa sen verran aikaa, ett\u00e4 pelaajaa ei n\u00e4hd\u00e4 pelikent\u00e4ll\u00e4 en\u00e4\u00e4 kuluvan kauden aikana.<\/p>\n<p class=\"article-body mb-nof-24 px-nof-16\">\u201dTopiaksen ik\u00e4v\u00e4 loukkaantuminen toi tummia pilvi\u00e4 hyvin alkaneeseen kauteen, mutta se on osa t\u00e4t\u00e4 touhua\u201d, Pyrinn\u00f6n p\u00e4\u00e4valmentaja <a class=\"font-bold underline-offset-[0.12em] [text-decoration:var(--person-link-text-decoration)] ![text-decoration-color:var(--person-link-text-decoration-color)]\" href=\"https:\/\/www.aamulehti.fi\/haku\/?query=Tero%20Hassinen\" rel=\"nofollow noopener\" target=\"_blank\">Tero Hassinen<\/a> toteaa tiedotteessa.<\/p>\n<p class=\"article-body mb-nof-24 px-nof-16\">Loukkaantumisesta huolimatta pelit Pyrinn\u00f6n paidassa eiv\u00e4t ole loppumassa. Seura tiedotti samalla, ett\u00e4 he ovat sopineet Jokelan optiovuoden k\u00e4yt\u00f6st\u00e4 kaudelle 2026\u20132027.<\/p>\n<p class=\"article-body mb-nof-24 px-nof-16\">\u201dJatko on positiivinen uutinen sek\u00e4 Topiakselle ett\u00e4 meille. Nyt vaan kovaa kuntoutusta ja mies takaisin toimintaan\u201d, Hassinen lausui tiedotteessa.<\/p>\n<p class=\"article-body mb-nof-24 px-nof-16\">Jokela siirtyi viime kes\u00e4n\u00e4 Pyrinn\u00f6n riveihin. Aiemmin urallaan h\u00e4n on edustanut kasvattajaseuraansa Tapiolan Honkaa, vuodet 2022\u201323 Helsinki Basketball Academya ja vuodet 2023\u20132025 Kouvolan Kouvoja.<\/p>\n","protected":false},"excerpt":{"rendered":"Topias Jokela jatkaa Tampereen Pyrinn\u00f6ss\u00e4 kaudella 2026\u201327. Aamulehti Tampereen Pyrinn\u00f6n pitk\u00e4nhuiskean sentterin Topias Jokelan kausi on ohi Miesten&hellip;\n","protected":false},"author":2,"featured_media":132449,"comment_status":"","ping_status":"","sticky":false,"template":"","format":"standard","meta":{"footnotes":""},"categories":[158],"tags":[157,33,31,30,159,32,160],"class_list":{"0":"post-132448","1":"post","2":"type-post","3":"status-publish","4":"format-standard","5":"has-post-thumbnail","7":"category-urheilu","8":"tag-aamulehti","9":"tag-fi","10":"tag-finland","11":"tag-finnish","12":"tag-sports","13":"tag-suomi","14":"tag-urheilu"},"share_on_mastodon":{"url":"https:\/\/pubeurope.com\/@fi\/115831470052004291","error":""},"_links":{"self":[{"href":"https:\/\/www.europesays.com\/fi\/wp-json\/wp\/v2\/posts\/132448","targetHints":{"allow":["GET"]}}],"collection":[{"href":"https:\/\/www.europesays.com\/fi\/wp-json\/wp\/v2\/posts"}],"about":[{"href":"https:\/\/www.europesays.com\/fi\/wp-json\/wp\/v2\/types\/post"}],"author":[{"embeddable":true,"href":"https:\/\/www.europesays.com\/fi\/wp-json\/wp\/v2\/users\/2"}],"replies":[{"embeddable":true,"href":"https:\/\/www.europesays.com\/fi\/wp-json\/wp\/v2\/comments?post=132448"}],"version-history":[{"count":0,"href":"https:\/\/www.europesays.com\/fi\/wp-json\/wp\/v2\/posts\/132448\/revisions"}],"wp:featuredmedia":[{"embeddable":true,"href":"https:\/\/www.europesays.com\/fi\/wp-json\/wp\/v2\/media\/132449"}],"wp:attachment":[{"href":"https:\/\/www.europesays.com\/fi\/wp-json\/wp\/v2\/media?parent=132448"}],"wp:term":[{"taxonomy":"category","embeddable":true,"href":"https:\/\/www.europesays.com\/fi\/wp-json\/wp\/v2\/categories?post=132448"},{"taxonomy":"post_tag","embeddable":true,"href":"https:\/\/www.europesays.com\/fi\/wp-json\/wp\/v2\/tags?post=132448"}],"curies":[{"name":"wp","href":"https:\/\/api.w.org\/{rel}","templated":true}]}}