{"id":132454,"date":"2026-01-03T13:49:06","date_gmt":"2026-01-03T13:49:06","guid":{"rendered":"https:\/\/www.europesays.com\/fi\/132454\/"},"modified":"2026-01-03T13:49:06","modified_gmt":"2026-01-03T13:49:06","slug":"eurooppaan-pyrkinyt-alus-upposi-atlantilla-kymmenia-edelleen-kateissa-uutisia-lyhyesti","status":"publish","type":"post","link":"https:\/\/www.europesays.com\/fi\/132454\/","title":{"rendered":"Eurooppaan pyrkinyt alus upposi Atlantilla \u2013 kymmeni\u00e4 edelleen kateissa | Uutisia lyhyesti"},"content":{"rendered":"<p class=\"aw-1gybjub aw-1p7kakr kEtdKx cEmitX yle__article__paragraph\">Kymmenien ihmisten pel\u00e4t\u00e4\u00e4n hukkuneen Atlantin valtamerell\u00e4, kun yli 200 siirtolaista kuljettanut alus upposi L\u00e4nsi-Afrikan edustalla uudenvuodenaattona, <a class=\"aw-iao6s4 iHOxEa yle__article__link\" href=\"https:\/\/www.bbc.com\/news\/articles\/clynvkwglx4o\" role=\"link\" rel=\"nofollow noopener\" target=\"_blank\">BBC uutisoi.<\/a><\/p>\n<p class=\"aw-1gybjub aw-1p7kakr kEtdKx cEmitX yle__article__paragraph\">Gambian viranomaisten mukaan alus oli matkalla Eurooppaan.<\/p>\n<p class=\"aw-1gybjub aw-1p7kakr kEtdKx cEmitX yle__article__paragraph\">Lauantaihin menness\u00e4 102 ihmist\u00e4 pelastettiin vedest\u00e4. Seitsem\u00e4n ihmisen on vahvistettu kuolleen. Loput aluksen matkustajista ovat yh\u00e4 kateissa.<\/p>\n<p class=\"aw-1gybjub aw-1p7kakr kEtdKx cEmitX yle__article__paragraph\">Tuhannet afrikkalaiset yritt\u00e4v\u00e4t p\u00e4\u00e4st\u00e4 Eurooppaan vuosittain, mutta V\u00e4limeren valvonnan tiukennuttua yh\u00e4 useammat suuntaavat Atlantille.<\/p>\n<p class=\"aw-1gybjub aw-1p7kakr kEtdKx cEmitX yle__article__paragraph\">Espanjalaisen kansalaisj\u00e4rjest\u00f6n Caminando Fronterasin mukaan vuonna 2024 yli 47 000 siirtolaista rantautui Espanjan Kanariansaarille. Yli 9000 ihmist\u00e4 kuoli matkalla Espanjaan.<\/p>\n<p class=\"aw-1gybjub aw-1p7kakr kEtdKx cEmitX yle__article__paragraph\">L\u00e4hde: AP<\/p>\n","protected":false},"excerpt":{"rendered":"Kymmenien ihmisten pel\u00e4t\u00e4\u00e4n hukkuneen Atlantin valtamerell\u00e4, kun yli 200 siirtolaista kuljettanut alus upposi L\u00e4nsi-Afrikan edustalla uudenvuodenaattona, BBC uutisoi.&hellip;\n","protected":false},"author":2,"featured_media":74,"comment_status":"","ping_status":"","sticky":false,"template":"","format":"standard","meta":{"footnotes":""},"categories":[14],"tags":[8630,23372,22,23,1819,26,27,33,31,30,23373,17,19016,24,25,28,29,3686,15,837,18,21,32,19,20,56,16,59,60,61],"class_list":{"0":"post-132454","1":"post","2":"type-post","3":"status-publish","4":"format-standard","5":"has-post-thumbnail","7":"category-ulkomaat","8":"tag-afrikka","9":"tag-atlantin-valtameri","10":"tag-breaking-news","11":"tag-breakingnews","12":"tag-espanja","13":"tag-featured-news","14":"tag-featurednews","15":"tag-fi","16":"tag-finland","17":"tag-finnish","18":"tag-gambia","19":"tag-headlines","20":"tag-lansi-afrikka","21":"tag-latest-news","22":"tag-latestnews","23":"tag-main-news","24":"tag-mainnews","25":"tag-muuttoliike","26":"tag-news","27":"tag-onnettomuudet","28":"tag-otsikot","29":"tag-paauutiset","30":"tag-suomi","31":"tag-top-stories","32":"tag-topstories","33":"tag-ulkomaat","34":"tag-uutiset","35":"tag-world","36":"tag-world-news","37":"tag-worldnews"},"share_on_mastodon":{"url":"https:\/\/pubeurope.com\/@fi\/115831489432839017","error":""},"_links":{"self":[{"href":"https:\/\/www.europesays.com\/fi\/wp-json\/wp\/v2\/posts\/132454","targetHints":{"allow":["GET"]}}],"collection":[{"href":"https:\/\/www.europesays.com\/fi\/wp-json\/wp\/v2\/posts"}],"about":[{"href":"https:\/\/www.europesays.com\/fi\/wp-json\/wp\/v2\/types\/post"}],"author":[{"embeddable":true,"href":"https:\/\/www.europesays.com\/fi\/wp-json\/wp\/v2\/users\/2"}],"replies":[{"embeddable":true,"href":"https:\/\/www.europesays.com\/fi\/wp-json\/wp\/v2\/comments?post=132454"}],"version-history":[{"count":0,"href":"https:\/\/www.europesays.com\/fi\/wp-json\/wp\/v2\/posts\/132454\/revisions"}],"wp:featuredmedia":[{"embeddable":true,"href":"https:\/\/www.europesays.com\/fi\/wp-json\/wp\/v2\/media\/74"}],"wp:attachment":[{"href":"https:\/\/www.europesays.com\/fi\/wp-json\/wp\/v2\/media?parent=132454"}],"wp:term":[{"taxonomy":"category","embeddable":true,"href":"https:\/\/www.europesays.com\/fi\/wp-json\/wp\/v2\/categories?post=132454"},{"taxonomy":"post_tag","embeddable":true,"href":"https:\/\/www.europesays.com\/fi\/wp-json\/wp\/v2\/tags?post=132454"}],"curies":[{"name":"wp","href":"https:\/\/api.w.org\/{rel}","templated":true}]}}