{"id":132455,"date":"2026-01-03T13:50:08","date_gmt":"2026-01-03T13:50:08","guid":{"rendered":"https:\/\/www.europesays.com\/fi\/132455\/"},"modified":"2026-01-03T13:50:08","modified_gmt":"2026-01-03T13:50:08","slug":"tiettavasti-ensimmainen-retkiluistelujaa-avautui-pirkanmaalla","status":"publish","type":"post","link":"https:\/\/www.europesays.com\/fi\/132455\/","title":{"rendered":"Tiett\u00e4v\u00e4sti ensimm\u00e4inen retkiluisteluj\u00e4\u00e4 avautui Pirkanmaalla"},"content":{"rendered":"<p>Tohlopin luisteluj\u00e4\u00e4 on aurattu lumesta. Vuokraamo ja kioski avaavat t\u00e4ll\u00e4 tietoa ensi viikolla.<\/p>\n<p class=\"article-body mb-nof-24 px-nof-16\">Aamulehti<\/p>\n<p class=\"article-body mb-nof-24 px-nof-16\">Tohlopin luistelurata avautui lauantaina aamup\u00e4iv\u00e4ll\u00e4 luistelijoiden k\u00e4ytt\u00f6\u00f6n Tampereella. Auraaja <a class=\"font-bold underline-offset-[0.12em] [text-decoration:var(--person-link-text-decoration)] ![text-decoration-color:var(--person-link-text-decoration-color)]\" href=\"https:\/\/www.aamulehti.fi\/haku\/?query=Tuukka%20Tuomisen\" rel=\"nofollow noopener\" target=\"_blank\">Tuukka Tuomisen<\/a> mukaan luistelurata on Pirkanmaan ensimm\u00e4inen t\u00e4n\u00e4 talvena avattu retkiluistelurata.<\/p>\n<p class=\"article-body mb-nof-24 px-nof-16\">J\u00e4\u00e4n paksuus oli lauantaina 10\u201315 senttimetri\u00e4. Rata on aurattu lumesta, muttei viel\u00e4 h\u00f6yl\u00e4tty, koska j\u00e4\u00e4 ei viel\u00e4 kest\u00e4 h\u00f6yl\u00e4n painoa.<\/p>\n","protected":false},"excerpt":{"rendered":"Tohlopin luisteluj\u00e4\u00e4 on aurattu lumesta. Vuokraamo ja kioski avaavat t\u00e4ll\u00e4 tietoa ensi viikolla. Aamulehti Tohlopin luistelurata avautui lauantaina&hellip;\n","protected":false},"author":2,"featured_media":132456,"comment_status":"","ping_status":"","sticky":false,"template":"","format":"standard","meta":{"footnotes":""},"categories":[12],"tags":[157,22,23,26,27,33,31,30,17,24,25,28,29,15,18,21,32,19,20,16],"class_list":{"0":"post-132455","1":"post","2":"type-post","3":"status-publish","4":"format-standard","5":"has-post-thumbnail","7":"category-suomi","8":"tag-aamulehti","9":"tag-breaking-news","10":"tag-breakingnews","11":"tag-featured-news","12":"tag-featurednews","13":"tag-fi","14":"tag-finland","15":"tag-finnish","16":"tag-headlines","17":"tag-latest-news","18":"tag-latestnews","19":"tag-main-news","20":"tag-mainnews","21":"tag-news","22":"tag-otsikot","23":"tag-paauutiset","24":"tag-suomi","25":"tag-top-stories","26":"tag-topstories","27":"tag-uutiset"},"share_on_mastodon":{"url":"https:\/\/pubeurope.com\/@fi\/115831493354491986","error":""},"_links":{"self":[{"href":"https:\/\/www.europesays.com\/fi\/wp-json\/wp\/v2\/posts\/132455","targetHints":{"allow":["GET"]}}],"collection":[{"href":"https:\/\/www.europesays.com\/fi\/wp-json\/wp\/v2\/posts"}],"about":[{"href":"https:\/\/www.europesays.com\/fi\/wp-json\/wp\/v2\/types\/post"}],"author":[{"embeddable":true,"href":"https:\/\/www.europesays.com\/fi\/wp-json\/wp\/v2\/users\/2"}],"replies":[{"embeddable":true,"href":"https:\/\/www.europesays.com\/fi\/wp-json\/wp\/v2\/comments?post=132455"}],"version-history":[{"count":0,"href":"https:\/\/www.europesays.com\/fi\/wp-json\/wp\/v2\/posts\/132455\/revisions"}],"wp:featuredmedia":[{"embeddable":true,"href":"https:\/\/www.europesays.com\/fi\/wp-json\/wp\/v2\/media\/132456"}],"wp:attachment":[{"href":"https:\/\/www.europesays.com\/fi\/wp-json\/wp\/v2\/media?parent=132455"}],"wp:term":[{"taxonomy":"category","embeddable":true,"href":"https:\/\/www.europesays.com\/fi\/wp-json\/wp\/v2\/categories?post=132455"},{"taxonomy":"post_tag","embeddable":true,"href":"https:\/\/www.europesays.com\/fi\/wp-json\/wp\/v2\/tags?post=132455"}],"curies":[{"name":"wp","href":"https:\/\/api.w.org\/{rel}","templated":true}]}}