{"id":132457,"date":"2026-01-03T13:51:07","date_gmt":"2026-01-03T13:51:07","guid":{"rendered":"https:\/\/www.europesays.com\/fi\/132457\/"},"modified":"2026-01-03T13:51:07","modified_gmt":"2026-01-03T13:51:07","slug":"laaja-sahkokatko-berliinissa-poliisi-epailee-tuhopolttoa-uutisia-lyhyesti","status":"publish","type":"post","link":"https:\/\/www.europesays.com\/fi\/132457\/","title":{"rendered":"Laaja s\u00e4hk\u00f6katko Berliiniss\u00e4 \u2013 poliisi ep\u00e4ilee tuhopolttoa | Uutisia lyhyesti"},"content":{"rendered":"<p class=\"aw-1gybjub aw-1p7kakr kEtdKx cEmitX yle__article__paragraph\">Ainakin 45 000 kotitaloutta ja 2 200 yrityst\u00e4 j\u00e4i ilman s\u00e4hk\u00f6\u00e4 Lounais-Berliiniss\u00e4 lauantaina, kun s\u00e4hk\u00f6kaapelit vaurioituivat tulipalossa, verkko-operaattori Stromnetz Berlin kertoo <a class=\"aw-iao6s4 iHOxEa yle__article__link\" href=\"https:\/\/www.bild.de\/regional\/berlin\/stromausfall-in-berlin-tausende-haushalte-betroffen-6958cd71fb77630dac2760d9\" role=\"link\" rel=\"nofollow noopener\" target=\"_blank\">saksalaismedian mukaan. <\/a><\/p>\n<p class=\"aw-1gybjub aw-1p7kakr kEtdKx cEmitX yle__article__paragraph\">Yhti\u00f6n tiedottaja <strong class=\"aw-ak79eh KyCXm yle__article__strong\">Henrik Beusterin<\/strong> mukaan korjaust\u00f6iden odotetaan jatkuvan koko p\u00e4iv\u00e4n.<\/p>\n<p class=\"aw-1gybjub aw-1p7kakr kEtdKx cEmitX yle__article__paragraph\">H\u00e4t\u00e4keskus sai ilmoituksen palavista s\u00e4hk\u00f6kaapeleista varhain aamulla. Kaapelit syttyiv\u00e4t tuleen l\u00e4hell\u00e4 Berliinin voimalaitosta.<\/p>\n<p class=\"aw-1gybjub aw-1p7kakr kEtdKx cEmitX yle__article__paragraph\">Poliisi <a class=\"aw-iao6s4 iHOxEa yle__article__link\" href=\"https:\/\/x.com\/polizeiberlin\/status\/2007344671253553285\" role=\"link\" rel=\"nofollow\">tutkii tapausta<\/a> tuhopolttona. Aamulla poliisi l\u00e4hetti alueelle 160 poliisia.<\/p>\n<p class=\"aw-1gybjub aw-1p7kakr kEtdKx cEmitX yle__article__paragraph\">Nimet\u00f6n anarkistiryhm\u00e4 on ilmoittanut verkossa olevansa tuhopolton takana.<\/p>\n<p class=\"aw-1gybjub aw-1p7kakr kEtdKx cEmitX yle__article__paragraph\">My\u00f6s syyskuussa s\u00e4hk\u00f6pylv\u00e4\u00e4t joutuivat ilkivallan kohteeksi Berliiniss\u00e4.<\/p>\n<p class=\"aw-1gybjub aw-1p7kakr kEtdKx cEmitX yle__article__paragraph\">L\u00e4hde: AFP<\/p>\n","protected":false},"excerpt":{"rendered":"Ainakin 45 000 kotitaloutta ja 2 200 yrityst\u00e4 j\u00e4i ilman s\u00e4hk\u00f6\u00e4 Lounais-Berliiniss\u00e4 lauantaina, kun s\u00e4hk\u00f6kaapelit vaurioituivat tulipalossa, verkko-operaattori&hellip;\n","protected":false},"author":2,"featured_media":74,"comment_status":"","ping_status":"","sticky":false,"template":"","format":"standard","meta":{"footnotes":""},"categories":[5],"tags":[12663,22,23,26,27,33,31,30,17,24,25,28,29,15,18,21,52,1263,4059,32,19,20,1266,16],"class_list":{"0":"post-132457","1":"post","2":"type-post","3":"status-publish","4":"format-standard","5":"has-post-thumbnail","7":"category-otsikot","8":"tag-berliini","9":"tag-breaking-news","10":"tag-breakingnews","11":"tag-featured-news","12":"tag-featurednews","13":"tag-fi","14":"tag-finland","15":"tag-finnish","16":"tag-headlines","17":"tag-latest-news","18":"tag-latestnews","19":"tag-main-news","20":"tag-mainnews","21":"tag-news","22":"tag-otsikot","23":"tag-paauutiset","24":"tag-poliisi","25":"tag-rikosepailyt","26":"tag-sahkokatkot","27":"tag-suomi","28":"tag-top-stories","29":"tag-topstories","30":"tag-tuhotyo","31":"tag-uutiset"},"share_on_mastodon":{"url":"https:\/\/pubeurope.com\/@fi\/115831497170924195","error":""},"_links":{"self":[{"href":"https:\/\/www.europesays.com\/fi\/wp-json\/wp\/v2\/posts\/132457","targetHints":{"allow":["GET"]}}],"collection":[{"href":"https:\/\/www.europesays.com\/fi\/wp-json\/wp\/v2\/posts"}],"about":[{"href":"https:\/\/www.europesays.com\/fi\/wp-json\/wp\/v2\/types\/post"}],"author":[{"embeddable":true,"href":"https:\/\/www.europesays.com\/fi\/wp-json\/wp\/v2\/users\/2"}],"replies":[{"embeddable":true,"href":"https:\/\/www.europesays.com\/fi\/wp-json\/wp\/v2\/comments?post=132457"}],"version-history":[{"count":0,"href":"https:\/\/www.europesays.com\/fi\/wp-json\/wp\/v2\/posts\/132457\/revisions"}],"wp:featuredmedia":[{"embeddable":true,"href":"https:\/\/www.europesays.com\/fi\/wp-json\/wp\/v2\/media\/74"}],"wp:attachment":[{"href":"https:\/\/www.europesays.com\/fi\/wp-json\/wp\/v2\/media?parent=132457"}],"wp:term":[{"taxonomy":"category","embeddable":true,"href":"https:\/\/www.europesays.com\/fi\/wp-json\/wp\/v2\/categories?post=132457"},{"taxonomy":"post_tag","embeddable":true,"href":"https:\/\/www.europesays.com\/fi\/wp-json\/wp\/v2\/tags?post=132457"}],"curies":[{"name":"wp","href":"https:\/\/api.w.org\/{rel}","templated":true}]}}