{"id":132458,"date":"2026-01-03T13:55:08","date_gmt":"2026-01-03T13:55:08","guid":{"rendered":"https:\/\/www.europesays.com\/fi\/132458\/"},"modified":"2026-01-03T13:55:08","modified_gmt":"2026-01-03T13:55:08","slug":"tana-iltana-voi-taivaalla-nakya-jotain-kaunista","status":"publish","type":"post","link":"https:\/\/www.europesays.com\/fi\/132458\/","title":{"rendered":"T\u00e4n\u00e4 iltana voi taivaalla n\u00e4ky\u00e4 jotain kaunista"},"content":{"rendered":"<p><strong class=\"typography-bold\">Paras aika taivaalle t\u00e4hyilemiseen on Ursan mukaan yhdelt\u00e4toista illalla.<\/strong><\/p>\n<p>My\u00f6h\u00e4\u00e4n lauantai-iltana kannattaa t\u00e4hyill\u00e4 taivaalle t\u00e4hdenlentojen n\u00e4kemisen toivossa. Hyv\u00e4ll\u00e4 onnella voi n\u00e4hd\u00e4 meteoreja kvadrantidien t\u00e4hdenlentoparvesta.<\/p>\n<p>Paras aika t\u00e4hdenlentojen bongaukseen on noin yhdentoista aikaan illalla, kertoo T\u00e4htitieteellinen yhdistys Ursa. My\u00f6s sunnuntain vastaisena y\u00f6n\u00e4 on mahdollisuus n\u00e4hd\u00e4 harvakseltaan parveen kuuluvia meteoreja.<\/p>\n<p>Y\u00f6lle osuva t\u00e4ysikuu ja sen kirkkaus voi Ursan mukaan kuitenkin heikent\u00e4\u00e4 t\u00e4hdenlentojen n\u00e4kymist\u00e4 merkitt\u00e4v\u00e4sti.<\/p>\n<p>\u2013\u2009T\u00e4ysikuun suuri kirkkaus peitt\u00e4\u00e4 taakseen kaikki v\u00e4h\u00e4\u00e4k\u00e4\u00e4n himme\u00e4mm\u00e4t t\u00e4hdenlennot, kerrotaan Ursan tiedotteessa.<\/p>\n<p>T\u00e4hdenlentoja kannattaa Ursan mukaan t\u00e4hyill\u00e4 taivaanlaen tai luoteen suunnasta. Katse kannattaa suunnata niin, ett\u00e4 Kuu ei ole n\u00e4k\u00f6kent\u00e4ss\u00e4.<\/p>\n<p>Kvadrantidien t\u00e4hdenlentoparvi on Ursan mukaan parhaimmillaan yksi vuoden n\u00e4ytt\u00e4vimmist\u00e4 meteoriparvista.<\/p>\n<p>Kvadrantidit syntyv\u00e4t muiden toistuvien t\u00e4hdenlentoparvien tapaan tomuvanasta, jonka aurinkokunnassa kiert\u00e4v\u00e4 komeetta on kylv\u00e4nyt radalleen. Kvadrantidit aiheuttava tomuvana osuu Maapallon kohdalle aina tammikuun alussa.<\/p>\n<blockquote class=\"space-y-600 rounded-md bg-primary-100 px-600 py-1000 sub-theme-makuja:bg-makuja-100 sub-theme-makuja:text-primary-800 dark:bg-primary-500 sub-theme-makuja:dark:bg-makuja-900 sub-theme-makuja:dark:text-primary-100\">\n<p><strong class=\"typography-bold\">Otitko kuvan tai videon t\u00e4hdenlennosta? L\u00e4het\u00e4 se meille WhatsAppilla numeroon 040 578 5504!<\/strong><\/p>\n<\/blockquote>\n","protected":false},"excerpt":{"rendered":"Paras aika taivaalle t\u00e4hyilemiseen on Ursan mukaan yhdelt\u00e4toista illalla. My\u00f6h\u00e4\u00e4n lauantai-iltana kannattaa t\u00e4hyill\u00e4 taivaalle t\u00e4hdenlentojen n\u00e4kemisen toivossa. Hyv\u00e4ll\u00e4&hellip;\n","protected":false},"author":2,"featured_media":56423,"comment_status":"","ping_status":"","sticky":false,"template":"","format":"standard","meta":{"footnotes":""},"categories":[114],"tags":[453,33,31,30,118,452,32,119],"class_list":{"0":"post-132458","1":"post","2":"type-post","3":"status-publish","4":"format-standard","5":"has-post-thumbnail","7":"category-avaruus","8":"tag-avaruus","9":"tag-fi","10":"tag-finland","11":"tag-finnish","12":"tag-science","13":"tag-space","14":"tag-suomi","15":"tag-tiede"},"share_on_mastodon":{"url":"https:\/\/pubeurope.com\/@fi\/115831512947245536","error":""},"_links":{"self":[{"href":"https:\/\/www.europesays.com\/fi\/wp-json\/wp\/v2\/posts\/132458","targetHints":{"allow":["GET"]}}],"collection":[{"href":"https:\/\/www.europesays.com\/fi\/wp-json\/wp\/v2\/posts"}],"about":[{"href":"https:\/\/www.europesays.com\/fi\/wp-json\/wp\/v2\/types\/post"}],"author":[{"embeddable":true,"href":"https:\/\/www.europesays.com\/fi\/wp-json\/wp\/v2\/users\/2"}],"replies":[{"embeddable":true,"href":"https:\/\/www.europesays.com\/fi\/wp-json\/wp\/v2\/comments?post=132458"}],"version-history":[{"count":0,"href":"https:\/\/www.europesays.com\/fi\/wp-json\/wp\/v2\/posts\/132458\/revisions"}],"wp:featuredmedia":[{"embeddable":true,"href":"https:\/\/www.europesays.com\/fi\/wp-json\/wp\/v2\/media\/56423"}],"wp:attachment":[{"href":"https:\/\/www.europesays.com\/fi\/wp-json\/wp\/v2\/media?parent=132458"}],"wp:term":[{"taxonomy":"category","embeddable":true,"href":"https:\/\/www.europesays.com\/fi\/wp-json\/wp\/v2\/categories?post=132458"},{"taxonomy":"post_tag","embeddable":true,"href":"https:\/\/www.europesays.com\/fi\/wp-json\/wp\/v2\/tags?post=132458"}],"curies":[{"name":"wp","href":"https:\/\/api.w.org\/{rel}","templated":true}]}}