{"id":132459,"date":"2026-01-03T14:03:12","date_gmt":"2026-01-03T14:03:12","guid":{"rendered":"https:\/\/www.europesays.com\/fi\/132459\/"},"modified":"2026-01-03T14:03:12","modified_gmt":"2026-01-03T14:03:12","slug":"mr-lordin-ja-kaarijan-yllattava-euroviisu-ehdotus-elamani-biisissa","status":"publish","type":"post","link":"https:\/\/www.europesays.com\/fi\/132459\/","title":{"rendered":"Mr. Lordin ja K\u00e4\u00e4rij\u00e4n yll\u00e4tt\u00e4v\u00e4 Euroviisu-ehdotus El\u00e4m\u00e4ni biisiss\u00e4"},"content":{"rendered":"<p>\n            Mr. Lordi saa El\u00e4m\u00e4ni biisi -ohjelman euroviisujaksossa melkoisen idean.<br \/>\n            Atte M\u00e4l\u00e4sk\u00e4\/Yle\n        <\/p>\n<p class=\"subtitle \">N\u00e4hd\u00e4\u00e4nk\u00f6 Euroviisuissa K\u00e4\u00e4rij\u00e4n ja Lordin yhteisesitys?<\/p>\n<p class=\"article-content article-content-width !bg-background\">Ylen El\u00e4m\u00e4ni biisi -ohjelman 3.1. esitett\u00e4v\u00e4ss\u00e4 Euroviisut-erikoisjaksossa kuullaan tyrm\u00e4\u00e4v\u00e4 ehdotus.<\/p>\n<p class=\"font-weight-bold m-font-weight-bold article-content article-content-width !bg-background\">Video: Seela Sella hehkuttaa Erika Vikmania.<\/p>\n<p class=\"article-content article-content-width !bg-background\">Sairauslomalla jakson kuvausten aikaan ollutta\u00a0 tuuraava viisuselostaja  utelee viisukonkareilta, olisivatko n\u00e4m\u00e4 valmiita l\u00e4htem\u00e4\u00e4n viel\u00e4 uudelleen kisaan mukaan.<\/p>\n<p class=\"article-content article-content-width !bg-background\">Suomen tuorein viisuedustaja  ei viel\u00e4 ole valmis ottamaan kantaa suuntaan eik\u00e4 toiseen.<\/p>\n<p class=\"article-content article-content-width !bg-background\">\u2013\u00a0Mun psykoterapeutti sanoi, ett\u00e4 \u00e4l\u00e4 vaan vastaa mihink\u00e4\u00e4n euroviisuaiheisiin kysymyksiin ennenkuin olet toipunut. L\u00e4\u00e4k\u00e4rin m\u00e4\u00e4r\u00e4yksest\u00e4 en vastaa, Erika tokaisee.<\/p>\n<p class=\"article-content article-content-width !bg-background\">Suomen t\u00e4h\u00e4n menness\u00e4 ainoan viisuvoiton tuoneella  sen sijaan on vastaus valmiina.<\/p>\n<p class=\"article-content article-content-width !bg-background\">\u2013\u00a0En l\u00e4htis, koska ei j\u00e4\u00e4ny parantamisen varaa, Mr. Lordi eli \u00a0paukauttaa.<\/p>\n<p>        <a itemprop=\"url\" href=\"https:\/\/www.seiska.fi\/katso\/yksi-henkilo-sai-elamani-biisin-katsojat-sekaisin\/2033264\" rel=\"nofollow noopener\" target=\"_blank\"><\/p>\n<p>\nEl\u00e4m\u00e4ni biisi\n<\/p>\n<p class=\"section-date\">\n        <strong class=\"article-section\" data-section=\"katso\"><br \/>\n            katso<br \/>\n        <\/strong><br \/>\n        29.12.2025 15:15\n    <\/p>\n<p>Yksi henkil\u00f6 sai El\u00e4m\u00e4ni biisin katsojat sekaisin\n    <\/p>\n<p itemprop=\"description\" class=\"subtitle \">\n    El\u00e4m\u00e4ni biisin erikoisjakso ilahdutti ohjelman fanit.\n<\/p>\n<p>        <\/a><\/p>\n<p>                <img decoding=\"async\" src=\"https:\/\/www.europesays.com\/fi\/wp-content\/uploads\/2026\/01\/2033964.webp.jpeg\" width=\"576\" height=\"274\" title=\"K\u00e4\u00e4rij\u00e4 pohtii El\u00e4m\u00e4ni biisiss\u00e4 mahdollista uutta osallistumista Euroviisuihin.\" alt=\"K\u00e4\u00e4rij\u00e4 istuu vihre\u00e4ll\u00e4 sohvalla.\" loading=\"lazy\" \/>            <\/p>\n<p>\n            K\u00e4\u00e4rij\u00e4 pohtii El\u00e4m\u00e4ni biisiss\u00e4 mahdollista uutta osallistumista Euroviisuihin.<br \/>\n            Atte M\u00e4l\u00e4sk\u00e4\n        <\/p>\n<p>Euroviisut kiinnostavat K\u00e4\u00e4rij\u00e4\u00e4<\/p>\n<p class=\"article-content article-content-width !bg-background\">Euroviisuissa hopealle j\u00e4\u00e4nytt\u00e4  uusintaottelu saattaa hieman kiinnostaa.<\/p>\n<p class=\"article-content article-content-width !bg-background\">\u2013\u00a0Mun tekis mieli l\u00e4hte\u00e4 kiusaks Mr. Lordin takia, K\u00e4\u00e4rij\u00e4 tuumailee.<\/p>\n<p class=\"article-content article-content-width !bg-background\">\u2013\u00a0Sulla j\u00e4i pikkasen parantamisen varaa, niin ehk\u00e4 kannattaisi k\u00e4yd\u00e4, Mr. Lordi h\u00e4rn\u00e4\u00e4.<\/p>\n<p class=\"article-content article-content-width !bg-background\">\u2013\u00a0Aika kaukainen haave, mutta ikin\u00e4 ei tied\u00e4, K\u00e4\u00e4rij\u00e4 jatkaa pohdintaansa.<\/p>\n<p class=\"article-content article-content-width !bg-background\">T\u00e4ss\u00e4 vaiheessa Mr. Lordi t\u00e4r\u00e4ytt\u00e4\u00e4 melkoisen ehdotuksen K\u00e4\u00e4rij\u00e4lle.<\/p>\n<p class=\"article-content article-content-width !bg-background\">\u2013\u00a0L\u00e4het\u00e4\u00e4np\u00e4 yhdess\u00e4.<\/p>\n<p class=\"article-content article-content-width !bg-background\">\u2013\u00a0Ja Silvennoisella just r\u00e4j\u00e4hti p\u00e4\u00e4, Mr. Lordi nauraa, kun juontaja-Mikko ei meinaa pysy\u00e4 tuolissaan K\u00e4\u00e4rij\u00e4n ja Lordin yhteisnumeroa ajatellessaan.<\/p>\n<p>        <a itemprop=\"url\" href=\"https:\/\/www.seiska.fi\/katso\/tommy-franti-kertoo-turvattomasta-lapsuudestaan\/2029642\" rel=\"nofollow noopener\" target=\"_blank\"><\/p>\n<p>\nTommy Fr\u00e4nti\n<\/p>\n<p class=\"section-date\">\n        <strong class=\"article-section\" data-section=\"katso\"><br \/>\n            katso<br \/>\n        <\/strong><br \/>\n        27.12.2025 06:15\n    <\/p>\n<p>Tommy Fr\u00e4nti kertoo turvattomasta lapsuudestaan\n    <\/p>\n<p itemprop=\"description\" class=\"subtitle \">\n    El\u00e4m\u00e4ni biisin klassisen musiikin erikoisjaksossa Tommy Fr\u00e4nti tekee my\u00f6s treffipaljastuksen.\n<\/p>\n<p>        <\/a><\/p>\n<p>                <img decoding=\"async\" src=\"https:\/\/www.europesays.com\/fi\/wp-content\/uploads\/2026\/01\/2033327.webp.jpeg\" width=\"576\" height=\"274\" title=\"El\u00e4m\u00e4ni biisi -ohjelmassa ovat 3.1. mukana Ka\u0308a\u0308rija\u0308 (vas.), Erika Vikman, juontaja Mikko Silvennoinen, Mr Lordi, Marion Rung ja Teemu Keisteri eli Windows95man.\" alt=\"El\u00e4m\u00e4ni biisi\" loading=\"lazy\" \/>            <\/p>\n<p>\n            El\u00e4m\u00e4ni biisi -ohjelmassa ovat 3.1. mukana Ka\u0308a\u0308rija\u0308 (vas.), Erika Vikman, juontaja Mikko Silvennoinen, Mr Lordi, Marion Rung ja Teemu Keisteri eli Windows95man.<br \/>\n            Atte M\u00e4l\u00e4sk\u00e4 \/ Yle\n        <\/p>\n<p class=\"article-content article-content-width !bg-background\">Duettosuunnitelma j\u00e4\u00e4 ohjelmassa idean asteelle, mutta K\u00e4\u00e4rij\u00e4 ep\u00e4ilee, ett\u00e4 jo tunti h\u00e4nen seurassaan saattoi olla liikaa Mr. Lordille.<\/p>\n<p class=\"article-content article-content-width !bg-background\">El\u00e4m\u00e4ni biisiss\u00e4 n\u00e4hd\u00e4\u00e4n K\u00e4\u00e4rij\u00e4n, Mr. Lordin ja Erika Vikmanin ohella  ja  eli .<\/p>\n<p class=\"italic m-italic article-content article-content-width !bg-background\">Euroviisuedustajien El\u00e4m\u00e4ni biisi -jakso TV1:ss\u00e4 ja Yle Areenassa 3.1. kello 21.00.<\/p>\n<p>        <a itemprop=\"url\" href=\"https:\/\/www.seiska.fi\/katso\/raakel-lignell-koskettava-avautuminen-perhetragediasta\/2029126\" rel=\"nofollow noopener\" target=\"_blank\"><\/p>\n<p>\nRaakel Lignell\n<\/p>\n<p class=\"section-date\">\n        <strong class=\"article-section\" data-section=\"katso\"><br \/>\n            katso<br \/>\n        <\/strong><br \/>\n        27.12.2025 08:15\n    <\/p>\n<p>Raakel Lignell: Koskettava avautuminen perhetragediasta\n    <\/p>\n<p itemprop=\"description\" class=\"subtitle \">\n    Raakel kertoo El\u00e4m\u00e4ni biisi -ohjelmassa perheens\u00e4 surusta.\n<\/p>\n<p>        <\/a><\/p>\n","protected":false},"excerpt":{"rendered":"Mr. Lordi saa El\u00e4m\u00e4ni biisi -ohjelman euroviisujaksossa melkoisen idean. Atte M\u00e4l\u00e4sk\u00e4\/Yle N\u00e4hd\u00e4\u00e4nk\u00f6 Euroviisuissa K\u00e4\u00e4rij\u00e4n ja Lordin yhteisesitys? Ylen&hellip;\n","protected":false},"author":2,"featured_media":132460,"comment_status":"","ping_status":"","sticky":false,"template":"","format":"standard","meta":{"footnotes":""},"categories":[136],"tags":[407,2632,137,11144,909,33,31,30,408,4559,23374,32,109,913,2588],"class_list":{"0":"post-132459","1":"post","2":"type-post","3":"status-publish","4":"format-standard","5":"has-post-thumbnail","7":"category-julkkikset","8":"tag-celebrities","9":"tag-elamani-biisi","10":"tag-entertainment","11":"tag-erika-vikman","12":"tag-euroviisut","13":"tag-fi","14":"tag-finland","15":"tag-finnish","16":"tag-julkkikset","17":"tag-kaarija","18":"tag-mr-lordi","19":"tag-suomi","20":"tag-viihde","21":"tag-yle-areena","22":"tag-yle-tv1"},"share_on_mastodon":{"url":"https:\/\/pubeurope.com\/@fi\/115831544388021515","error":""},"_links":{"self":[{"href":"https:\/\/www.europesays.com\/fi\/wp-json\/wp\/v2\/posts\/132459","targetHints":{"allow":["GET"]}}],"collection":[{"href":"https:\/\/www.europesays.com\/fi\/wp-json\/wp\/v2\/posts"}],"about":[{"href":"https:\/\/www.europesays.com\/fi\/wp-json\/wp\/v2\/types\/post"}],"author":[{"embeddable":true,"href":"https:\/\/www.europesays.com\/fi\/wp-json\/wp\/v2\/users\/2"}],"replies":[{"embeddable":true,"href":"https:\/\/www.europesays.com\/fi\/wp-json\/wp\/v2\/comments?post=132459"}],"version-history":[{"count":0,"href":"https:\/\/www.europesays.com\/fi\/wp-json\/wp\/v2\/posts\/132459\/revisions"}],"wp:featuredmedia":[{"embeddable":true,"href":"https:\/\/www.europesays.com\/fi\/wp-json\/wp\/v2\/media\/132460"}],"wp:attachment":[{"href":"https:\/\/www.europesays.com\/fi\/wp-json\/wp\/v2\/media?parent=132459"}],"wp:term":[{"taxonomy":"category","embeddable":true,"href":"https:\/\/www.europesays.com\/fi\/wp-json\/wp\/v2\/categories?post=132459"},{"taxonomy":"post_tag","embeddable":true,"href":"https:\/\/www.europesays.com\/fi\/wp-json\/wp\/v2\/tags?post=132459"}],"curies":[{"name":"wp","href":"https:\/\/api.w.org\/{rel}","templated":true}]}}