{"id":132468,"date":"2026-01-03T14:14:09","date_gmt":"2026-01-03T14:14:09","guid":{"rendered":"https:\/\/www.europesays.com\/fi\/132468\/"},"modified":"2026-01-03T14:14:09","modified_gmt":"2026-01-03T14:14:09","slug":"k-ryhma-ja-s-ryhma-tarjoavat-pirkanmaalla-yli-1000-kesatyopaikkaa","status":"publish","type":"post","link":"https:\/\/www.europesays.com\/fi\/132468\/","title":{"rendered":"K-ryhm\u00e4 ja S-ryhm\u00e4 tarjoavat Pirkanmaalla yli 1000 kes\u00e4ty\u00f6paikkaa"},"content":{"rendered":"<p>K-ryhm\u00e4 ja S-ryhm\u00e4 tarjoavat tulevana kes\u00e4n\u00e4 Pirkanmaalla yli tuhat kes\u00e4ty\u00f6paikkaa. S-ryhm\u00e4n kes\u00e4ty\u00f6paikkojen haku on nyt auki, ja K-ryhm\u00e4n haku aukeaa 7. tammikuuta.<\/p>\n<p>Lue tiivistelm\u00e4<\/p>\n<p class=\"article-body mb-nof-24 px-nof-16 sndp-summary-bullet-point-font\">K-ryhm\u00e4 ja S-ryhm\u00e4 tarjoavat tulevana kes\u00e4n\u00e4 Pirkanmaalla yhteens\u00e4 yli tuhat kes\u00e4ty\u00f6paikkaa nuorille.<\/p>\n<p class=\"article-body mb-nof-24 px-nof-16 sndp-summary-bullet-point-font\">K-ryhm\u00e4ll\u00e4 on tarjolla 530 paikkaa muun muassa ruokakaupoissa ja rautakaupoissa, ja haku aukeaa 7. tammikuuta.<\/p>\n<p class=\"article-body mb-nof-24 px-nof-16 sndp-summary-bullet-point-font\">S-ryhm\u00e4n haku on jo auki, ja Pirkanmaan Osuuskauppa tarjoaa noin 450 paikkaa yli 18-vuotiaille sek\u00e4 150 Kes\u00e4p\u00e4tk\u00e4-paikkaa 15\u201317-vuotiaille.<\/p>\n<p class=\"article-body mb-nof-24 px-nof-16\">K-ryhm\u00e4 ja S-ryhm\u00e4 tarjoavat tulevana kes\u00e4n\u00e4 Pirkanmaalla yli tuhat kes\u00e4ty\u00f6paikkaa.<\/p>\n<p class=\"article-body mb-nof-24 px-nof-16\">K-ryhm\u00e4ll\u00e4 on tarjolla Pirkanmaalla 530 kes\u00e4ty\u00f6paikkaa. Alle 18-vuotiaille nuorille paikkoja on Pirkanmaalla tarjolla arviolta 115.<\/p>\n<p class=\"article-body mb-nof-24 px-nof-16\">Ty\u00f6paikkoja on tarjolla K-ryhm\u00e4n ruokakaupoissa sek\u00e4 muun muassa K-Raudoissa, Onninen Express -myym\u00e4l\u00f6iss\u00e4 ja vapaa-ajan kaupoissa. Alle 18-vuotiaita ty\u00f6llist\u00e4v\u00e4t erityisesti K-ruokakaupat.<\/p>\n<p class=\"article-body mb-nof-24 px-nof-16\">My\u00f6s Keskon Tampereella sijaitsevat talous- ja HR-palvelut ty\u00f6llist\u00e4v\u00e4t tulevana kes\u00e4n\u00e4 noin 20 kes\u00e4ty\u00f6ntekij\u00e4\u00e4 muun muassa palkanlaskentaan ja laskutukseen.<\/p>\n<p class=\"article-body mb-nof-24 px-nof-16\">Paikat sopivat esimerkiksi korkeakouluopiskelijoille. Keskon L\u00e4nsi-Suomen aluejohtaja <a class=\"font-bold underline-offset-[0.12em] [text-decoration:var(--person-link-text-decoration)] ![text-decoration-color:var(--person-link-text-decoration-color)]\" href=\"https:\/\/www.valkeakoskensanomat.fi\/haku\/?query=Jari%20Alasen\" rel=\"nofollow noopener\" target=\"_blank\">Jari Alasen<\/a> mukaan opiskelijat ovat yritykselle t\u00e4rkeit\u00e4 tulevaisuuden osaajia.<\/p>\n<p class=\"article-body mb-nof-24 px-nof-16\">\u201dK-ryhm\u00e4 on yksi suurimmista ty\u00f6llist\u00e4jist\u00e4 niin valtakunnallisesti kuin alueellisesti ymp\u00e4ri Suomen. Todella monelle kaupan ala on ensimm\u00e4inen ty\u00f6paikka ja olemme iloisia, ett\u00e4 pystymme t\u00e4n\u00e4kin vuonna tarjoamaan nuorille mahdollisuuksia p\u00e4\u00e4st\u00e4 kiinni ty\u00f6el\u00e4m\u00e4\u00e4n\u201d, Alanen sanoo.<\/p>\n<p>S-ryhm\u00e4n haut auki<\/p>\n<p class=\"article-body mb-nof-24 px-nof-16\">S-ryhm\u00e4n kes\u00e4ty\u00f6paikkojen haku aukesi perjantaina 2. tammikuuta. Pirkanmaan Osuuskauppa tarjoaa kes\u00e4ty\u00f6t\u00e4 asiakaspalveluteht\u00e4viss\u00e4 noin 450:lle yli 18-vuotiaalle.<\/p>\n<p class=\"article-body mb-nof-24 px-nof-16\">S-ryhm\u00e4 ty\u00f6llist\u00e4\u00e4 kes\u00e4ll\u00e4 2026 noin 17\u202f000 nuorta eri puolilla Suomea. Noin puolet kes\u00e4ty\u00f6paikoista on tarkoitettu pidempiaikaisiin ty\u00f6suhteisiin. Toinen puoli on varattu alle 18-vuotiaille nuorille ja lyhytkestoisiin harjoittelujaksoihin.<\/p>\n<p class=\"article-body mb-nof-24 px-nof-16\">15\u201317-vuotiaille tarkoitettuja Kes\u00e4p\u00e4tk\u00e4-paikkoja Pirkanmaan Osuuskaupalla on haettavana noin 150. Lis\u00e4ksi S-ryhm\u00e4ll\u00e4 on Tutustu ty\u00f6el\u00e4m\u00e4\u00e4n ja tienaa -paikkoja.<\/p>\n<p class=\"article-body mb-nof-24 px-nof-16\">SOK:n henkil\u00f6st\u00f6johtaja <a class=\"font-bold underline-offset-[0.12em] [text-decoration:var(--person-link-text-decoration)] ![text-decoration-color:var(--person-link-text-decoration-color)]\" href=\"https:\/\/www.valkeakoskensanomat.fi\/haku\/?query=Hanne%20Lehtovuori\" rel=\"nofollow noopener\" target=\"_blank\">Hanne Lehtovuori <\/a>pit\u00e4\u00e4 ilahduttavana, ett\u00e4 yritys pystyy tarjomaan n\u00e4in paljon ty\u00f6el\u00e4m\u00e4kokemusta aikana, jolloin monet nuoret kaipaavat my\u00f6nteisi\u00e4 uutisia.<\/p>\n<p>Rohkaistaan hakemaan<\/p>\n<p class=\"article-body mb-nof-24 px-nof-16\">K-ryhm\u00e4n rekrytoinneista vastaava <a class=\"font-bold underline-offset-[0.12em] [text-decoration:var(--person-link-text-decoration)] ![text-decoration-color:var(--person-link-text-decoration-color)]\" href=\"https:\/\/www.valkeakoskensanomat.fi\/haku\/?query=Ilona%20Castr%C3%A9n\" rel=\"nofollow noopener\" target=\"_blank\">Ilona Castr\u00e9n<\/a> rohkaisee my\u00f6s sellaisia nuoria hakemaan paikkoja, joilla ei viel\u00e4 ole ty\u00f6kokemusta. Kaupan kes\u00e4t\u00f6ihin voi p\u00e4\u00e4st\u00e4, vaikka kokemusta ja osaamista ei viel\u00e4 olisikaan kertynyt.<\/p>\n<p class=\"article-body mb-nof-24 px-nof-16\">Castr\u00e9n muistuttaa, ett\u00e4 vaikka ty\u00f6llisyystilanne on Suomessa nyt haastava, kaupan ty\u00f6ss\u00e4 usein asenne ratkaisee.<\/p>\n<p class=\"article-body mb-nof-24 px-nof-16\">Kes\u00e4t\u00f6iden lis\u00e4ksi K-kaupoista voi kysy\u00e4 Tutustu ty\u00f6el\u00e4m\u00e4\u00e4n ja tienaa -paikkoja, eli kahden viikon kes\u00e4harjoittelujaksoja. Paikat on erityisesti tarkoitettu sellaisille nuorille, joilla ei ole aikaisempaa ty\u00f6kokemusta kaupan alalta.<\/p>\n<p class=\"article-body mb-nof-24 px-nof-16\">K-ryhm\u00e4n kes\u00e4ty\u00f6paikkojen haku aukeaa keskiviikkona 7. tammikuuta. Yhteens\u00e4 K-ryhm\u00e4 tarjoaa koko maassa tulevana kes\u00e4n\u00e4 noin 5\u202f000 kes\u00e4ty\u00f6paikkaa.<\/p>\n","protected":false},"excerpt":{"rendered":"K-ryhm\u00e4 ja S-ryhm\u00e4 tarjoavat tulevana kes\u00e4n\u00e4 Pirkanmaalla yli tuhat kes\u00e4ty\u00f6paikkaa. S-ryhm\u00e4n kes\u00e4ty\u00f6paikkojen haku on nyt auki, ja K-ryhm\u00e4n&hellip;\n","protected":false},"author":2,"featured_media":132469,"comment_status":"","ping_status":"","sticky":false,"template":"","format":"standard","meta":{"footnotes":""},"categories":[76],"tags":[79,77,33,31,30,32,78,3856],"class_list":{"0":"post-132468","1":"post","2":"type-post","3":"status-publish","4":"format-standard","5":"has-post-thumbnail","7":"category-talous","8":"tag-business","9":"tag-economy","10":"tag-fi","11":"tag-finland","12":"tag-finnish","13":"tag-suomi","14":"tag-talous","15":"tag-valkeakosken-sanomat"},"share_on_mastodon":{"url":"https:\/\/pubeurope.com\/@fi\/115831587692478346","error":""},"_links":{"self":[{"href":"https:\/\/www.europesays.com\/fi\/wp-json\/wp\/v2\/posts\/132468","targetHints":{"allow":["GET"]}}],"collection":[{"href":"https:\/\/www.europesays.com\/fi\/wp-json\/wp\/v2\/posts"}],"about":[{"href":"https:\/\/www.europesays.com\/fi\/wp-json\/wp\/v2\/types\/post"}],"author":[{"embeddable":true,"href":"https:\/\/www.europesays.com\/fi\/wp-json\/wp\/v2\/users\/2"}],"replies":[{"embeddable":true,"href":"https:\/\/www.europesays.com\/fi\/wp-json\/wp\/v2\/comments?post=132468"}],"version-history":[{"count":0,"href":"https:\/\/www.europesays.com\/fi\/wp-json\/wp\/v2\/posts\/132468\/revisions"}],"wp:featuredmedia":[{"embeddable":true,"href":"https:\/\/www.europesays.com\/fi\/wp-json\/wp\/v2\/media\/132469"}],"wp:attachment":[{"href":"https:\/\/www.europesays.com\/fi\/wp-json\/wp\/v2\/media?parent=132468"}],"wp:term":[{"taxonomy":"category","embeddable":true,"href":"https:\/\/www.europesays.com\/fi\/wp-json\/wp\/v2\/categories?post=132468"},{"taxonomy":"post_tag","embeddable":true,"href":"https:\/\/www.europesays.com\/fi\/wp-json\/wp\/v2\/tags?post=132468"}],"curies":[{"name":"wp","href":"https:\/\/api.w.org\/{rel}","templated":true}]}}