{"id":132470,"date":"2026-01-03T14:15:06","date_gmt":"2026-01-03T14:15:06","guid":{"rendered":"https:\/\/www.europesays.com\/fi\/132470\/"},"modified":"2026-01-03T14:15:06","modified_gmt":"2026-01-03T14:15:06","slug":"meksikon-maanjaristyksessa-uhreja-uutisia-lyhyesti","status":"publish","type":"post","link":"https:\/\/www.europesays.com\/fi\/132470\/","title":{"rendered":"Meksikon maanj\u00e4ristyksess\u00e4 uhreja | Uutisia lyhyesti"},"content":{"rendered":"<p class=\"aw-1gybjub aw-1p7kakr kEtdKx cEmitX yle__article__paragraph\">Ainakin kaksi ihmist\u00e4 kuoli perjantaina maanj\u00e4ristyksess\u00e4 Meksikossa.<\/p>\n<p class=\"aw-1gybjub aw-1p7kakr kEtdKx cEmitX yle__article__paragraph\">Meksikon etel\u00e4osassa sijaitsevassa Guerrerossa sattui perjantaina voimakas maanj\u00e4ristys.<\/p>\n<p class=\"aw-1gybjub aw-1p7kakr kEtdKx cEmitX yle__article__paragraph\">Meksikon kansallisen seismologisen laitoksen mukaan maanj\u00e4ristyksen magnitudi oli 6,5. Saksan geotieteiden tutkimuskeskuksen mukaan j\u00e4ristys tapahtui 10 kilometrin syvyydess\u00e4.<\/p>\n<p class=\"aw-1gybjub aw-1p7kakr kEtdKx cEmitX yle__article__paragraph\">J\u00e4ristys tuntui my\u00f6s maan keskiosissa ja laukaisi h\u00e4lytyksen Meksikon p\u00e4\u00e4kaupungissa.<\/p>\n<p class=\"aw-1gybjub aw-1p7kakr kEtdKx cEmitX yle__article__paragraph\">Guerreron osavaltiossa maanj\u00e4ristys aiheutti kohtalaisia vahinkoja, viranomaiset kertoivat lauantaina.<\/p>\n<p class=\"aw-1gybjub aw-1p7kakr kEtdKx cEmitX yle__article__paragraph\">L\u00e4hde: AP<\/p>\n","protected":false},"excerpt":{"rendered":"Ainakin kaksi ihmist\u00e4 kuoli perjantaina maanj\u00e4ristyksess\u00e4 Meksikossa. Meksikon etel\u00e4osassa sijaitsevassa Guerrerossa sattui perjantaina voimakas maanj\u00e4ristys. Meksikon kansallisen seismologisen&hellip;\n","protected":false},"author":2,"featured_media":74,"comment_status":"","ping_status":"","sticky":false,"template":"","format":"standard","meta":{"footnotes":""},"categories":[14],"tags":[22,23,26,27,33,31,30,18590,23384,17,24,25,4074,74,28,29,2764,23383,15,837,18,21,7502,32,19,20,56,16,59,60,61],"class_list":{"0":"post-132470","1":"post","2":"type-post","3":"status-publish","4":"format-standard","5":"has-post-thumbnail","7":"category-ulkomaat","8":"tag-breaking-news","9":"tag-breakingnews","10":"tag-featured-news","11":"tag-featurednews","12":"tag-fi","13":"tag-finland","14":"tag-finnish","15":"tag-geologia","16":"tag-guerrero","17":"tag-headlines","18":"tag-latest-news","19":"tag-latestnews","20":"tag-luonnononnettomuudet","21":"tag-maanjaristykset","22":"tag-main-news","23":"tag-mainnews","24":"tag-meksiko","25":"tag-mexico","26":"tag-news","27":"tag-onnettomuudet","28":"tag-otsikot","29":"tag-paauutiset","30":"tag-seismologia","31":"tag-suomi","32":"tag-top-stories","33":"tag-topstories","34":"tag-ulkomaat","35":"tag-uutiset","36":"tag-world","37":"tag-world-news","38":"tag-worldnews"},"share_on_mastodon":{"url":"https:\/\/pubeurope.com\/@fi\/115831591635740121","error":""},"_links":{"self":[{"href":"https:\/\/www.europesays.com\/fi\/wp-json\/wp\/v2\/posts\/132470","targetHints":{"allow":["GET"]}}],"collection":[{"href":"https:\/\/www.europesays.com\/fi\/wp-json\/wp\/v2\/posts"}],"about":[{"href":"https:\/\/www.europesays.com\/fi\/wp-json\/wp\/v2\/types\/post"}],"author":[{"embeddable":true,"href":"https:\/\/www.europesays.com\/fi\/wp-json\/wp\/v2\/users\/2"}],"replies":[{"embeddable":true,"href":"https:\/\/www.europesays.com\/fi\/wp-json\/wp\/v2\/comments?post=132470"}],"version-history":[{"count":0,"href":"https:\/\/www.europesays.com\/fi\/wp-json\/wp\/v2\/posts\/132470\/revisions"}],"wp:featuredmedia":[{"embeddable":true,"href":"https:\/\/www.europesays.com\/fi\/wp-json\/wp\/v2\/media\/74"}],"wp:attachment":[{"href":"https:\/\/www.europesays.com\/fi\/wp-json\/wp\/v2\/media?parent=132470"}],"wp:term":[{"taxonomy":"category","embeddable":true,"href":"https:\/\/www.europesays.com\/fi\/wp-json\/wp\/v2\/categories?post=132470"},{"taxonomy":"post_tag","embeddable":true,"href":"https:\/\/www.europesays.com\/fi\/wp-json\/wp\/v2\/tags?post=132470"}],"curies":[{"name":"wp","href":"https:\/\/api.w.org\/{rel}","templated":true}]}}