{"id":132474,"date":"2026-01-03T14:30:08","date_gmt":"2026-01-03T14:30:08","guid":{"rendered":"https:\/\/www.europesays.com\/fi\/132474\/"},"modified":"2026-01-03T14:30:08","modified_gmt":"2026-01-03T14:30:08","slug":"paula-joukasen-venezuelalainen-puoliso-herasi-keskella-yota-valtavaan-uutiseen-tallainen-oli-reaktio","status":"publish","type":"post","link":"https:\/\/www.europesays.com\/fi\/132474\/","title":{"rendered":"Paula Joukasen venezuelalainen puoliso her\u00e4si keskell\u00e4 y\u00f6t\u00e4 valtavaan uutiseen \u2013 T\u00e4llainen oli reaktio"},"content":{"rendered":"<p>Paula Joukasen poikayst\u00e4v\u00e4 on kotoisin Venezuelasta. Nacho her\u00e4si lauantaiaamuna iloisiin uutisiin. <\/p>\n<p><img decoding=\"async\" class=\"image image-show image-preview\" src=\"https:\/\/www.europesays.com\/fi\/wp-content\/uploads\/2026\/01\/b93b6688980b0e9d39c70370160afe33c74dbf649f645ade0b776cb324370c48.jpg\" alt=\"\"\/><img decoding=\"async\" class=\"image image-show\" src=\"https:\/\/www.europesays.com\/fi\/wp-content\/uploads\/2026\/01\/1767450608_523_b93b6688980b0e9d39c70370160afe33c74dbf649f645ade0b776cb324370c48.jpg\" alt=\"\"\/><\/p>\n<p>Paula Joukasen Nacho-poikayst\u00e4v\u00e4 on kotoisin Venezuelasta. Kuva vuoden 2023 Miss Suomi -kilpailusta. Jussi Eskola<\/p>\n<p class=\"paragraph\">Miss Suomi 2023 <strong>Paula Joukanen<\/strong> on h\u00e4keltynyt Venezuelan tapahtumista. Lauantaina 3. tammikuuta Yhdysvaltain presidentti <strong>Donald Trump<\/strong> ilmoitti Yhdysvaltojen hy\u00f6k\u00e4nneen Venezuelaan ja kaapanneen maan presidenttiparin. Yhdysvaltain varaulkoministeri <strong>Christopher Landau<\/strong> sanoi tapauksen olevan \u201duusi aamu\u201d Venezuelalle ja ett\u00e4 presidentti <strong>Nicol\u00e1s Maduro<\/strong> \u201djoutuu vihdoin oikeuteen rikoksistaan\u201d.<\/p>\n<p class=\"paragraph\">Paula Joukasen poikayst\u00e4v\u00e4 <strong>Nacho<\/strong> on kotoisin Venezuelasta, joten lauantain hy\u00f6kk\u00e4ys her\u00e4tti Joukasessa paljon tunteita. Nacho perheineen pakeni Venezuelan Caracasista yli kymmenen vuotta sitten. He asuvat t\u00e4t\u00e4 nyky\u00e4 Miamissa Floridassa.<\/p>\n<p class=\"paragraph\">Iltalehti tavoitti Suomessa olevan Joukasen lauantaina. Joukanen oli hetke\u00e4 aiemmin saanut poikayst\u00e4v\u00e4ns\u00e4 puhelimitse kiinni. Nacho oli vasta her\u00e4nnyt uuteen p\u00e4iv\u00e4\u00e4n Miamissa. Suomen ja Floridan v\u00e4lill\u00e4 on seitsem\u00e4n tunnin aikaero.<\/p>\n<p class=\"paragraph\">\u2013 Nacho kertoi her\u00e4nneens\u00e4 keskell\u00e4 y\u00f6t\u00e4 siihen, kun h\u00e4nen vanhempansa olivat huutaneet kotona ilosta. Jotkut heid\u00e4n sukulaisensa soittivat heille keskell\u00e4 y\u00f6t\u00e4 ja kertoivat tilanteesta, Joukanen kertoo Iltalehdelle.<\/p>\n<p class=\"paragraph\">Nachon sukulaisia asuu edelleen Venezuelan p \u00e4\u00e4kaupungissa Caracasissa, miss\u00e4 hy\u00f6kk\u00e4ys tapahtui.<\/p>\n<p class=\"paragraph\">\u2013 Nachon mummi ja t\u00e4ti ovat Caracasissa. He olivat her\u00e4nneet y\u00f6ll\u00e4 lentokoneiden \u00e4\u00e4niin. He meniv\u00e4t ulos katsomaan ja siell\u00e4 soivat sireenit. Ihmiset huusivat, itkiv\u00e4t ulkona, Joukanen jatkaa.<\/p>\n<p class=\"paragraph\">Nacho sukulaisineen on seurannut erityisesti l\u00e4nsimaisten uutismedioiden tiedottamista tilanteesta, sill\u00e4 he eiv\u00e4t luota venezuelalaisiin medioihin t\u00e4ll\u00e4 hetkell\u00e4.<\/p>\n<p class=\"paragraph\">\u2013 Perhe ei uskalla toistaiseksi laittaa sosiaaliseen mediaan mit\u00e4\u00e4n iloitsemista, sill\u00e4 jos vallassa on viel\u00e4 jotain rippeit\u00e4 Maduron kannattajista ja olet julkisesti Maduroa vastaan, joudut vankilaan. Useimmat venezuelalaiset eiv\u00e4t uskalla viel\u00e4 juhlia julkisesti, Joukanen summaa.<\/p>\n<p class=\"paragraph\">Kaikkinensa Nacho ja h\u00e4nen perheens\u00e4 ovat onnellisia tilanteesta. He joutuivat pakenemaan Venezuelasta Maduron poliittisten ajatusten takia, joten Maduron kaappaaminen oli heid\u00e4n mielest\u00e4\u00e4n oikein tehty.<\/p>\n<p class=\"paragraph\">\u2013 Nacho sanoi, ett\u00e4 t\u00e4m\u00e4 on paras p\u00e4iv\u00e4 ikin\u00e4. Heid\u00e4n perheens\u00e4 odotti t\u00e4m\u00e4n tapahtuvan loppusyksyst\u00e4, ja kun sit\u00e4 ei tapahtunut, he menettiv\u00e4t toivonsa. T\u00e4m\u00e4 oli paras mahdollinen alku vuodelle 2026, Joukanen p\u00e4\u00e4tt\u00e4\u00e4.<\/p>\n<p class=\"paragraph\">Iltalehti seuraa Venezuelan tilannetta hetki hetkelt\u00e4. Voit k\u00e4yd\u00e4 lukemassa tuoreimmat tiedot <a href=\"https:\/\/www.iltalehti.fi\/ulkomaat\/507838d7-d75d-45a4-b1a9-89165698c6bc\" rel=\"nofollow noopener\" target=\"_blank\">t\u00e4st\u00e4 jutusta.<\/a><\/p>\n","protected":false},"excerpt":{"rendered":"Paula Joukasen poikayst\u00e4v\u00e4 on kotoisin Venezuelasta. Nacho her\u00e4si lauantaiaamuna iloisiin uutisiin. Paula Joukasen Nacho-poikayst\u00e4v\u00e4 on kotoisin Venezuelasta. Kuva&hellip;\n","protected":false},"author":2,"featured_media":132475,"comment_status":"","ping_status":"","sticky":false,"template":"","format":"standard","meta":{"footnotes":""},"categories":[136],"tags":[35,1074,407,137,33,31,30,101,408,99,98,142,32,109],"class_list":{"0":"post-132474","1":"post","2":"type-post","3":"status-publish","4":"format-standard","5":"has-post-thumbnail","7":"category-julkkikset","8":"tag-24h","9":"tag-avioliitto-ja-parisuhde","10":"tag-celebrities","11":"tag-entertainment","12":"tag-fi","13":"tag-finland","14":"tag-finnish","15":"tag-ihmissuhteet","16":"tag-julkkikset","17":"tag-lapset","18":"tag-perhe","19":"tag-poliitikot","20":"tag-suomi","21":"tag-viihde"},"share_on_mastodon":{"url":"https:\/\/pubeurope.com\/@fi\/115831650573116166","error":""},"_links":{"self":[{"href":"https:\/\/www.europesays.com\/fi\/wp-json\/wp\/v2\/posts\/132474","targetHints":{"allow":["GET"]}}],"collection":[{"href":"https:\/\/www.europesays.com\/fi\/wp-json\/wp\/v2\/posts"}],"about":[{"href":"https:\/\/www.europesays.com\/fi\/wp-json\/wp\/v2\/types\/post"}],"author":[{"embeddable":true,"href":"https:\/\/www.europesays.com\/fi\/wp-json\/wp\/v2\/users\/2"}],"replies":[{"embeddable":true,"href":"https:\/\/www.europesays.com\/fi\/wp-json\/wp\/v2\/comments?post=132474"}],"version-history":[{"count":0,"href":"https:\/\/www.europesays.com\/fi\/wp-json\/wp\/v2\/posts\/132474\/revisions"}],"wp:featuredmedia":[{"embeddable":true,"href":"https:\/\/www.europesays.com\/fi\/wp-json\/wp\/v2\/media\/132475"}],"wp:attachment":[{"href":"https:\/\/www.europesays.com\/fi\/wp-json\/wp\/v2\/media?parent=132474"}],"wp:term":[{"taxonomy":"category","embeddable":true,"href":"https:\/\/www.europesays.com\/fi\/wp-json\/wp\/v2\/categories?post=132474"},{"taxonomy":"post_tag","embeddable":true,"href":"https:\/\/www.europesays.com\/fi\/wp-json\/wp\/v2\/tags?post=132474"}],"curies":[{"name":"wp","href":"https:\/\/api.w.org\/{rel}","templated":true}]}}