{"id":132484,"date":"2026-01-03T14:42:08","date_gmt":"2026-01-03T14:42:08","guid":{"rendered":"https:\/\/www.europesays.com\/fi\/132484\/"},"modified":"2026-01-03T14:42:08","modified_gmt":"2026-01-03T14:42:08","slug":"uutissuomalainen-lahes-kaksi-kolmesta-kieltaisi-sosiaalisen-median-alle-15-vuotiailta-uutisia-lyhyesti","status":"publish","type":"post","link":"https:\/\/www.europesays.com\/fi\/132484\/","title":{"rendered":"Uutissuomalainen: L\u00e4hes kaksi kolmesta kielt\u00e4isi sosiaalisen median alle 15-vuotiailta | Uutisia lyhyesti"},"content":{"rendered":"<p class=\"aw-1gybjub aw-5vja16 kEtdKx kmuxyA yle__article__paragraph\">Tietoykk\u00f6sen toteuttamaan kyselyyn vastasi tuhat suomalaista joulukuun alussa.<\/p>\n<p class=\"aw-1gybjub aw-1p7kakr kEtdKx cEmitX yle__article__paragraph\">Selv\u00e4 enemmist\u00f6 eli 62 prosenttia suomalaisista kannattaa sosiaalisen median kielt\u00e4mist\u00e4 alle 15-vuotiailta, k\u00e4y ilmi Uutissuomalaisen teett\u00e4m\u00e4st\u00e4 kyselyst\u00e4.<\/p>\n<p class=\"aw-1gybjub aw-1p7kakr kEtdKx cEmitX yle__article__paragraph\">Kieltoa vastustaa 19 prosenttia kyselyn vastaajista. Loput 19 prosenttia eiv\u00e4t osanneet kertoa kantaansa.<\/p>\n<p class=\"aw-1gybjub aw-1p7kakr kEtdKx cEmitX yle__article__paragraph\">P\u00e4\u00e4ministeri <strong class=\"aw-ak79eh KyCXm yle__article__strong\">Petteri Orpo<\/strong> (kok.) ja sosiaaliturvaministeri <strong class=\"aw-ak79eh KyCXm yle__article__strong\">Sanni Grahn-Laasone<\/strong>n (kok.) kertoivat marraskuun lopulla kannattavansa sosiaalisen median rajoituksia alle 15-vuotiaille. Orpo kertoi k\u00e4ynnist\u00e4v\u00e4ns\u00e4 selvitysty\u00f6n sosiaalisen median ik\u00e4rajan toteuttamisesta.<\/p>\n<p class=\"aw-1gybjub aw-1p7kakr kEtdKx cEmitX yle__article__paragraph\">Lapsiasiavaltuutettu <strong class=\"aw-ak79eh KyCXm yle__article__strong\">Elina Pekkarisen<\/strong> mukaan kyselyn tulos on signaali siit\u00e4, ett\u00e4 suomalaiset ovat huolissaan sosiaalisen median runsaan k\u00e4yt\u00f6n vaikutuksista lapsiin ja nuoriin.<\/p>\n<p class=\"aw-1gybjub aw-1p7kakr kEtdKx cEmitX yle__article__paragraph\">\u2013 Yleinen ilmapiiri on sellainen, ett\u00e4 lasten ja nuorten somen k\u00e4ytt\u00f6\u00e4 pit\u00e4isi rajoittaa, Pekkarinen sanoi Uutissuomalaiselle.<\/p>\n<p class=\"aw-1gybjub aw-1p7kakr kEtdKx cEmitX yle__article__paragraph\">Tietoykk\u00f6sen toteuttamaan kyselyyn vastasi tuhat suomalaista joulukuun alussa. Kokonaistuloksen virhemarginaali on 3,1 prosenttiyksikk\u00f6\u00e4 suuntaansa.<\/p>\n","protected":false},"excerpt":{"rendered":"Tietoykk\u00f6sen toteuttamaan kyselyyn vastasi tuhat suomalaista joulukuun alussa. Selv\u00e4 enemmist\u00f6 eli 62 prosenttia suomalaisista kannattaa sosiaalisen median kielt\u00e4mist\u00e4&hellip;\n","protected":false},"author":2,"featured_media":74,"comment_status":"","ping_status":"","sticky":false,"template":"","format":"standard","meta":{"footnotes":""},"categories":[14],"tags":[22,23,26,27,33,31,30,17,16055,71,2585,100,24,25,28,29,20922,15,814,18,21,637,1028,888,885,887,32,23391,19,20,56,16,59,60,61],"class_list":{"0":"post-132484","1":"post","2":"type-post","3":"status-publish","4":"format-standard","5":"has-post-thumbnail","7":"category-ulkomaat","8":"tag-breaking-news","9":"tag-breakingnews","10":"tag-featured-news","11":"tag-featurednews","12":"tag-fi","13":"tag-finland","14":"tag-finnish","15":"tag-headlines","16":"tag-ikarajat","17":"tag-kotimaa","18":"tag-kyselytutkimus","19":"tag-lapset-ja-nuoret","20":"tag-latest-news","21":"tag-latestnews","22":"tag-main-news","23":"tag-mainnews","24":"tag-mielipidemittaukset-markkinatutkimukset","25":"tag-news","26":"tag-nuoret","27":"tag-otsikot","28":"tag-paauutiset","29":"tag-politiikka","30":"tag-sosiaalinen-media","31":"tag-suomalaiset-poliitikot","32":"tag-suomen-poliittiset-puolueet","33":"tag-suomen-politiikka","34":"tag-suomi","35":"tag-tietoykkonen","36":"tag-top-stories","37":"tag-topstories","38":"tag-ulkomaat","39":"tag-uutiset","40":"tag-world","41":"tag-world-news","42":"tag-worldnews"},"share_on_mastodon":{"url":"","error":"Validation failed: Text character limit of 500 exceeded"},"_links":{"self":[{"href":"https:\/\/www.europesays.com\/fi\/wp-json\/wp\/v2\/posts\/132484","targetHints":{"allow":["GET"]}}],"collection":[{"href":"https:\/\/www.europesays.com\/fi\/wp-json\/wp\/v2\/posts"}],"about":[{"href":"https:\/\/www.europesays.com\/fi\/wp-json\/wp\/v2\/types\/post"}],"author":[{"embeddable":true,"href":"https:\/\/www.europesays.com\/fi\/wp-json\/wp\/v2\/users\/2"}],"replies":[{"embeddable":true,"href":"https:\/\/www.europesays.com\/fi\/wp-json\/wp\/v2\/comments?post=132484"}],"version-history":[{"count":0,"href":"https:\/\/www.europesays.com\/fi\/wp-json\/wp\/v2\/posts\/132484\/revisions"}],"wp:featuredmedia":[{"embeddable":true,"href":"https:\/\/www.europesays.com\/fi\/wp-json\/wp\/v2\/media\/74"}],"wp:attachment":[{"href":"https:\/\/www.europesays.com\/fi\/wp-json\/wp\/v2\/media?parent=132484"}],"wp:term":[{"taxonomy":"category","embeddable":true,"href":"https:\/\/www.europesays.com\/fi\/wp-json\/wp\/v2\/categories?post=132484"},{"taxonomy":"post_tag","embeddable":true,"href":"https:\/\/www.europesays.com\/fi\/wp-json\/wp\/v2\/tags?post=132484"}],"curies":[{"name":"wp","href":"https:\/\/api.w.org\/{rel}","templated":true}]}}