{"id":132493,"date":"2026-01-03T15:00:09","date_gmt":"2026-01-03T15:00:09","guid":{"rendered":"https:\/\/www.europesays.com\/fi\/132493\/"},"modified":"2026-01-03T15:00:09","modified_gmt":"2026-01-03T15:00:09","slug":"illalla-tvssa-rock-ikoni-tapetilla-dokumentissa-sukelletaan-suomalaisen-musiikkitahden-elamaan","status":"publish","type":"post","link":"https:\/\/www.europesays.com\/fi\/132493\/","title":{"rendered":"Illalla tv:ss\u00e4: Rock-ikoni tapetilla \u2013 dokumentissa sukelletaan suomalaisen musiikkit\u00e4hden el\u00e4m\u00e4\u00e4n"},"content":{"rendered":"<p>Illan tv-tarjonnassa on Michael Monroe -dokumenttielokuva vuodelta 2022. Elokuva l\u00f6ytyy my\u00f6s suoratoistopalvelusta Ruutu Plus.<\/p>\n<p>Dokumentti seuraa <strong>Michael Monroen<\/strong> eli Matti Fagerholmin matkaa kotikaduilta kansainv\u00e4lisille rock-areenoille. Monroe kuuluu Suomen tunnetuimpiin rockt\u00e4htiin ja on esiintynyt vuosikymmenten aikana valtaville yleis\u00f6ille ymp\u00e4ri maailmaa.<\/p>\n<p>Episodin nelj\u00e4n t\u00e4hden arvostelussa dokumentin sanotaan olevan \u201dhieno sukellus palvotun rokkikurkon el\u00e4m\u00e4\u00e4n\u201d:  <a href=\"https:\/\/www.episodi.fi\/elokuvat\/michael-monroe-dokumenttielokuva\/\" target=\"_blank\" rel=\"noreferrer noopener nofollow\">Arvostelussa<\/a> kirjoitettiin my\u00f6s seuraavasti:<\/p>\n<p>\u201dYll\u00e4tyin melkoisesti dokkarin laadusta.\u00a0<strong>Pete Eklundin<\/strong>,\u00a0<strong>Jussi Lehtom\u00e4en<\/strong>\u00a0ja\u00a0<strong>Patrik Sigmudtin<\/strong>\u00a0k\u00e4sikirjoittamassa ja ohjaamassa leffassa n\u00e4hd\u00e4\u00e4n rokki- ja metallilegendojen lyhyit\u00e4 haastatteluita aina\u00a0Slashista\u00a0ja edesmenneest\u00e4\u00a0<strong>Lemmyst\u00e4<\/strong>\u00a0<strong>Alice Cooperiin<\/strong>\u00a0ja\u00a0<strong>Steven van Zandtiin<\/strong>. On melko hurjaa, kuinka n\u00e4in moni iso stara idolisoi ja ylist\u00e4\u00e4 Michael Monroeta.\u201d<\/p>\n<p>Tulevat l\u00e4hetykset:<\/p>\n<ul class=\"wp-block-list\">\n<li>Pe 2.1.2026 klo 23.15, Nelonen<\/li>\n<li>Ma 5.1.2026 klo 01.05 \u00b7 Nelonen<\/li>\n<\/ul>\n<p>Alla traileri.<\/p>\n<p>Lue my\u00f6s: <a href=\"https:\/\/www.episodi.fi\/uutiset\/judas-priest-u2-phil-collins-suoratoistoon-lisattiin-dokkareita-klassikoalbumien-teosta\/\" title=\"Judas Priest, U2, Phil Collins\u2026 \u2013 suoratoistoon lis\u00e4ttiin dokkareita klassikkoalbumien teosta\" class=\"underline-custom !font-montserrat !font-bold !underline-offset-4 !decoration-4 !decoration-episodi-blue !text-md\" rel=\"nofollow noopener\" target=\"_blank\">Judas Priest, U2, Phil Collins\u2026 \u2013 suoratoistoon lis\u00e4ttiin dokkareita klassikkoalbumien teosta<\/a><\/p>\n<p><img loading=\"lazy\" decoding=\"async\" alt=\"YouTube video\" width=\"480\" height=\"360\" data-pin-nopin=\"true\" nopin=\"nopin\" class=\"perfmatters-lazy\" src=\"https:\/\/www.europesays.com\/fi\/wp-content\/uploads\/2026\/01\/1767452409_635_hqdefault.jpg\"\/><\/p>\n<p>Lue my\u00f6s: <a href=\"https:\/\/www.episodi.fi\/uutiskirje\/?uutiskirjemainos=tekstilinkkimainos\" title=\"Tilaa Episodin uutiskirje ja voit voittaa leffalippuja! Nappaa tv-vinkit suoraan s\u00e4hk\u00f6postiin t\u00e4st\u00e4.\" class=\"underline-custom !font-montserrat !font-bold !underline-offset-4 !decoration-4 !decoration-episodi-blue !text-md\" rel=\"nofollow noopener\" target=\"_blank\">Tilaa Episodin uutiskirje ja voit voittaa leffalippuja! Nappaa katseluvinkit suoraan s\u00e4hk\u00f6postiin t\u00e4st\u00e4.<\/a><\/p>\n","protected":false},"excerpt":{"rendered":"Illan tv-tarjonnassa on Michael Monroe -dokumenttielokuva vuodelta 2022. Elokuva l\u00f6ytyy my\u00f6s suoratoistopalvelusta Ruutu Plus. Dokumentti seuraa Michael Monroen&hellip;\n","protected":false},"author":2,"featured_media":113970,"comment_status":"","ping_status":"","sticky":false,"template":"","format":"standard","meta":{"footnotes":""},"categories":[132],"tags":[137,33,31,30,195,47,32,139,109],"class_list":{"0":"post-132493","1":"post","2":"type-post","3":"status-publish","4":"format-standard","5":"has-post-thumbnail","7":"category-musiikki","8":"tag-entertainment","9":"tag-fi","10":"tag-finland","11":"tag-finnish","12":"tag-music","13":"tag-musiikki","14":"tag-suomi","15":"tag-tv-ohjelmat","16":"tag-viihde"},"share_on_mastodon":{"url":"https:\/\/pubeurope.com\/@fi\/115831768552694194","error":""},"_links":{"self":[{"href":"https:\/\/www.europesays.com\/fi\/wp-json\/wp\/v2\/posts\/132493","targetHints":{"allow":["GET"]}}],"collection":[{"href":"https:\/\/www.europesays.com\/fi\/wp-json\/wp\/v2\/posts"}],"about":[{"href":"https:\/\/www.europesays.com\/fi\/wp-json\/wp\/v2\/types\/post"}],"author":[{"embeddable":true,"href":"https:\/\/www.europesays.com\/fi\/wp-json\/wp\/v2\/users\/2"}],"replies":[{"embeddable":true,"href":"https:\/\/www.europesays.com\/fi\/wp-json\/wp\/v2\/comments?post=132493"}],"version-history":[{"count":0,"href":"https:\/\/www.europesays.com\/fi\/wp-json\/wp\/v2\/posts\/132493\/revisions"}],"wp:featuredmedia":[{"embeddable":true,"href":"https:\/\/www.europesays.com\/fi\/wp-json\/wp\/v2\/media\/113970"}],"wp:attachment":[{"href":"https:\/\/www.europesays.com\/fi\/wp-json\/wp\/v2\/media?parent=132493"}],"wp:term":[{"taxonomy":"category","embeddable":true,"href":"https:\/\/www.europesays.com\/fi\/wp-json\/wp\/v2\/categories?post=132493"},{"taxonomy":"post_tag","embeddable":true,"href":"https:\/\/www.europesays.com\/fi\/wp-json\/wp\/v2\/tags?post=132493"}],"curies":[{"name":"wp","href":"https:\/\/api.w.org\/{rel}","templated":true}]}}