{"id":132494,"date":"2026-01-03T15:03:09","date_gmt":"2026-01-03T15:03:09","guid":{"rendered":"https:\/\/www.europesays.com\/fi\/132494\/"},"modified":"2026-01-03T15:03:09","modified_gmt":"2026-01-03T15:03:09","slug":"otteluennakko-kiekkovuosi-2026-startataan-oulussa","status":"publish","type":"post","link":"https:\/\/www.europesays.com\/fi\/132494\/","title":{"rendered":"Otteluennakko: Kiekkovuosi 2026 startataan Oulussa"},"content":{"rendered":"<p>                        <a href=\"https:\/\/lh3.googleusercontent.com\/fSljOFSc68E1eOY09MDugiIPWnvnWXPpUFUVGUZVWFulxE4LXOlZnxAXnYDQf1weRdqyxRWL5Kq26n6ecZH85pLxfHZXOMSG_ZJn7w=s1600\" rel=\"lightbox[content] nofollow noopener\" title=\"Kuva: Henri Korhonen\" target=\"_blank\"><\/p>\n<p>                        <img class=\"img-responsive\"  alt=\"\" onerror=\"this.style.display='none'\" style=\"max-width: 100%;\"\/><\/p>\n<p>                        <\/a><\/p>\n<p>Vaasan Sportin vuosi 2026 k\u00e4ynnistyy pelien osalta t\u00e4n\u00e4\u00e4n Oulussa K\u00e4rppien vieraana. Kiekko j\u00e4\u00e4h\u00e4n Raksilassa kello 17:00.<\/p>\n<p>Sport p\u00e4\u00e4tti vuoden 2025 tyylikk\u00e4\u00e4sti voittaen Kasitien Derbyss\u00e4 \u00c4ss\u00e4t lukemin 2\u20131. Yli 4000 vaasalaiskatsojalle tarjottiin huippuj\u00e4nnitt\u00e4v\u00e4 ottelu, jonka ratkaisijaksi nousi ylivoimamaalillaan Johan Sundstr\u00f6m alle viisi minuuttia ennen pelin p\u00e4\u00e4t\u00f6st\u00e4. J\u00e4lleen j\u00e4\u00e4ll\u00e4 n\u00e4htiin loppuun asti taisteleva Sport, joka on parantanut varsinkin puolustuspelaamista viime otteluissa selv\u00e4sti. Maalinteko sen sijaan on viel\u00e4 t\u00f6kkinyt \u2013 tuoko uusi vuosi siihen helpotusta?<\/p>\n<p>Oulun K\u00e4rppien syyskausi oli Sportin tapaan eritt\u00e4in haastava ja ep\u00e4tasaisuus vaivaa edelleen joukkueen otteita. Oululaisten joulukuu ja vuosi 2025 p\u00e4\u00e4ttyi kolmen ottelun tappioputkeen, joista viimeisin oli jatkoaikatappio Ilvest\u00e4 vastaan Tampereella. Vahva alku ja kahden maalin johtoasema kuivui lopulta kasaan huippuvireisen Ilveksen tullessa rinnalle ja ohi.<\/p>\n<p>Lauantaina Raksilassa n\u00e4hd\u00e4\u00e4n taisto t\u00e4rkeist\u00e4 pisteist\u00e4. Kaksikon ero sarjassa on kuusi pistett\u00e4 K\u00e4rppien hyv\u00e4ksi, mutta Sportilla on yksi peli v\u00e4hemm\u00e4n pelattuna. K\u00e4rppien tehokkaimpana pelaajana h\u00e4\u00e4rii Aku R\u00e4ty tehoin 14+16 \u2013 Sportin kultakyp\u00e4r\u00e4n\u00e4 jatkaa Sebastian St\u00e5lberg (9+14).<\/p>\n<p>                                                                    <a href=\"https:\/\/vaasansport.fi\/fi-fi\/article\/uutinen\/uusi-vuosi-sama-ajaton-klassikko-ottelu-jukurit-kylaan-lauantaina-101\/8692\/\" target=\"_self\" rel=\"nofollow noopener\"><img decoding=\"async\" src=\"https:\/\/www.europesays.com\/fi\/wp-content\/uploads\/2026\/01\/4OpungMhX-U9vewF693iBHwL7HX6f22clsmQBH4YmLkjtVikTHk6rbH71MSYTDgnkgTSKQIJ2ZzfUwLqdc9PzvQLbwY9ILOJBIyf.jpeg\" alt=\"\"\/><\/a><\/p>\n<p class=\"article-date\"> 02.01.2026 17:02<\/p>\n<p class=\"article-link\">\n                                                                    <a href=\"https:\/\/vaasansport.fi\/fi-fi\/article\/uutinen\/uusi-vuosi-sama-ajaton-klassikko-ottelu-jukurit-kylaan-lauantaina-101\/8692\/\" target=\"_self\" data-articleid=\"8692\" class=\"btn btn-primary\" rel=\"nofollow noopener\">Lue lis\u00e4\u00e4<\/a>\n                                                                <\/p>\n","protected":false},"excerpt":{"rendered":"Vaasan Sportin vuosi 2026 k\u00e4ynnistyy pelien osalta t\u00e4n\u00e4\u00e4n Oulussa K\u00e4rppien vieraana. Kiekko j\u00e4\u00e4h\u00e4n Raksilassa kello 17:00. Sport p\u00e4\u00e4tti&hellip;\n","protected":false},"author":2,"featured_media":132495,"comment_status":"","ping_status":"","sticky":false,"template":"","format":"standard","meta":{"footnotes":""},"categories":[158],"tags":[33,31,30,159,32,160],"class_list":{"0":"post-132494","1":"post","2":"type-post","3":"status-publish","4":"format-standard","5":"has-post-thumbnail","7":"category-urheilu","8":"tag-fi","9":"tag-finland","10":"tag-finnish","11":"tag-sports","12":"tag-suomi","13":"tag-urheilu"},"share_on_mastodon":{"url":"https:\/\/pubeurope.com\/@fi\/115831780368287103","error":""},"_links":{"self":[{"href":"https:\/\/www.europesays.com\/fi\/wp-json\/wp\/v2\/posts\/132494","targetHints":{"allow":["GET"]}}],"collection":[{"href":"https:\/\/www.europesays.com\/fi\/wp-json\/wp\/v2\/posts"}],"about":[{"href":"https:\/\/www.europesays.com\/fi\/wp-json\/wp\/v2\/types\/post"}],"author":[{"embeddable":true,"href":"https:\/\/www.europesays.com\/fi\/wp-json\/wp\/v2\/users\/2"}],"replies":[{"embeddable":true,"href":"https:\/\/www.europesays.com\/fi\/wp-json\/wp\/v2\/comments?post=132494"}],"version-history":[{"count":0,"href":"https:\/\/www.europesays.com\/fi\/wp-json\/wp\/v2\/posts\/132494\/revisions"}],"wp:featuredmedia":[{"embeddable":true,"href":"https:\/\/www.europesays.com\/fi\/wp-json\/wp\/v2\/media\/132495"}],"wp:attachment":[{"href":"https:\/\/www.europesays.com\/fi\/wp-json\/wp\/v2\/media?parent=132494"}],"wp:term":[{"taxonomy":"category","embeddable":true,"href":"https:\/\/www.europesays.com\/fi\/wp-json\/wp\/v2\/categories?post=132494"},{"taxonomy":"post_tag","embeddable":true,"href":"https:\/\/www.europesays.com\/fi\/wp-json\/wp\/v2\/tags?post=132494"}],"curies":[{"name":"wp","href":"https:\/\/api.w.org\/{rel}","templated":true}]}}