{"id":132496,"date":"2026-01-03T15:04:07","date_gmt":"2026-01-03T15:04:07","guid":{"rendered":"https:\/\/www.europesays.com\/fi\/132496\/"},"modified":"2026-01-03T15:04:07","modified_gmt":"2026-01-03T15:04:07","slug":"kotimaisia-elokuvia-ennatykselliset-seitseman-kymmenen-suomen-katsotuimman-elokuvan-joukossa","status":"publish","type":"post","link":"https:\/\/www.europesays.com\/fi\/132496\/","title":{"rendered":"Kotimaisia elokuvia enn\u00e4tykselliset seitsem\u00e4n kymmenen Suomen katsotuimman elokuvan joukossa"},"content":{"rendered":"<p>Kotimaisen elokuvan arvostus on pysynyt korkealla Hollywood-tuotantojen k\u00e4rsiess\u00e4 ongelmista.<\/p>\n<p class=\"article-body mb-nof-24 px-nof-16\">Vuonna 2025 elokuvateattereissa k\u00e4ytiin Suomessa yhteens\u00e4 l\u00e4hes 6,3 miljoonaa kertaa. Vuosi oli kotimaiselle elokuvalle poikkeuksellisen vahva, sill\u00e4 kotimaiset elokuvat ker\u00e4siv\u00e4t yli 2 miljoonaa katsojaa eli 32 prosenttia kaikista elokuvateatterik\u00e4ynneist\u00e4.<\/p>\n","protected":false},"excerpt":{"rendered":"Kotimaisen elokuvan arvostus on pysynyt korkealla Hollywood-tuotantojen k\u00e4rsiess\u00e4 ongelmista. Vuonna 2025 elokuvateattereissa k\u00e4ytiin Suomessa yhteens\u00e4 l\u00e4hes 6,3 miljoonaa&hellip;\n","protected":false},"author":2,"featured_media":132497,"comment_status":"","ping_status":"","sticky":false,"template":"","format":"standard","meta":{"footnotes":""},"categories":[130],"tags":[137,33,31,30,801,32,109],"class_list":{"0":"post-132496","1":"post","2":"type-post","3":"status-publish","4":"format-standard","5":"has-post-thumbnail","7":"category-viihde","8":"tag-entertainment","9":"tag-fi","10":"tag-finland","11":"tag-finnish","12":"tag-kmv-lehti","13":"tag-suomi","14":"tag-viihde"},"share_on_mastodon":{"url":"https:\/\/pubeurope.com\/@fi\/115831784350942195","error":""},"_links":{"self":[{"href":"https:\/\/www.europesays.com\/fi\/wp-json\/wp\/v2\/posts\/132496","targetHints":{"allow":["GET"]}}],"collection":[{"href":"https:\/\/www.europesays.com\/fi\/wp-json\/wp\/v2\/posts"}],"about":[{"href":"https:\/\/www.europesays.com\/fi\/wp-json\/wp\/v2\/types\/post"}],"author":[{"embeddable":true,"href":"https:\/\/www.europesays.com\/fi\/wp-json\/wp\/v2\/users\/2"}],"replies":[{"embeddable":true,"href":"https:\/\/www.europesays.com\/fi\/wp-json\/wp\/v2\/comments?post=132496"}],"version-history":[{"count":0,"href":"https:\/\/www.europesays.com\/fi\/wp-json\/wp\/v2\/posts\/132496\/revisions"}],"wp:featuredmedia":[{"embeddable":true,"href":"https:\/\/www.europesays.com\/fi\/wp-json\/wp\/v2\/media\/132497"}],"wp:attachment":[{"href":"https:\/\/www.europesays.com\/fi\/wp-json\/wp\/v2\/media?parent=132496"}],"wp:term":[{"taxonomy":"category","embeddable":true,"href":"https:\/\/www.europesays.com\/fi\/wp-json\/wp\/v2\/categories?post=132496"},{"taxonomy":"post_tag","embeddable":true,"href":"https:\/\/www.europesays.com\/fi\/wp-json\/wp\/v2\/tags?post=132496"}],"curies":[{"name":"wp","href":"https:\/\/api.w.org\/{rel}","templated":true}]}}