{"id":132504,"date":"2026-01-03T15:09:10","date_gmt":"2026-01-03T15:09:10","guid":{"rendered":"https:\/\/www.europesays.com\/fi\/132504\/"},"modified":"2026-01-03T15:09:10","modified_gmt":"2026-01-03T15:09:10","slug":"helsinkiin-ennustetaan-hirmupakkasta-tama-on-kylmin-hetki","status":"publish","type":"post","link":"https:\/\/www.europesays.com\/fi\/132504\/","title":{"rendered":"Helsinkiin ennustetaan hirmupakkasta \u2013 T\u00e4m\u00e4 on kylmin hetki"},"content":{"rendered":"<p>Foreca ennustaa Helsinkiin maanantaiksi hyyt\u00e4v\u00e4\u00e4 s\u00e4\u00e4t\u00e4.<\/p>\n<p><img decoding=\"async\" class=\"image image-show image-preview\" src=\"https:\/\/www.europesays.com\/fi\/wp-content\/uploads\/2026\/01\/0709a784f064a15461aa9ecd69156d2e5e5cc8a17cbce4ee1d4623639b07ec26.jpg\" alt=\"\"\/><img decoding=\"async\" class=\"image image-show\" src=\"https:\/\/www.europesays.com\/fi\/wp-content\/uploads\/2026\/01\/1767452949_21_0709a784f064a15461aa9ecd69156d2e5e5cc8a17cbce4ee1d4623639b07ec26.jpg\" alt=\"\"\/><\/p>\n<p>P\u00e4\u00e4kaupungissa pakastaa pian oikein kunnolla. Kuva on tammikuulta 2021. Mikko Huisko<\/p>\n<p class=\"paragraph\">S\u00e4\u00e4palveluyritys Foreca povaa Helsinkiin maanantaiksi jopa 20 asteen pakkasta.<\/p>\n<p class=\"paragraph\">Tuoreen <a href=\"https:\/\/www.foreca.fi\/Finland\/Helsinki\/10vrk\" target=\"_blank\" rel=\"noopener nofollow\">ennusteen<\/a> mukaan viikonloppu on Helsingiss\u00e4 pilvist\u00e4 pakkass\u00e4\u00e4t\u00e4, mutta maanantaina pilvipeite rakoilee, ja aurinkokin p\u00e4\u00e4see pilkahtamaan.<\/p>\n<p class=\"paragraph\">Selke\u00e4mpi s\u00e4\u00e4 saa l\u00e4mp\u00f6tilan putoamaan entisest\u00e4\u00e4n, ja maanantai-iltana Helsingiss\u00e4 l\u00e4mp\u00f6tila laskee reilusti yli 15 pakkasasteeseen. Kylmimm\u00e4n hetken povataan olevan iltakahdeksan maissa, jolloin pakkasta on ennusteen mukaan 20 astetta ja ilma tuntuu kuin miinusasteita olisi 27.<\/p>\n<p class=\"paragraph\">Maanantain j\u00e4lkeen Helsingin taivaalle lupaillaan j\u00e4lleen pilvi\u00e4, eik\u00e4 pakkasen pit\u00e4isi laskea samanlaisiin lukemiin kuin maanantai-iltana.<\/p>\n<p>Maanantaista on tulossa pirtsakka pakkasp\u00e4iv\u00e4. kuvakaappaus Forecan verkkosivuilta<\/p>\n<p class=\"paragraph\">Yli 20 asteen pakkaset ovat Helsingiss\u00e4 verrattain harvinaisia. Esimerkiksi tammikuun 2024 alussa viikon pakkasjakson keskiarvo oli Kaisaniemen mittausasemalla 16,6 pakkasastetta. <a href=\"https:\/\/www.hs.fi\/suomi\/art-2000010106033.html\" target=\"_blank\" rel=\"noopener nofollow\">Helsingin Sanomien<\/a> mukaan t\u00e4m\u00e4 oli p\u00e4\u00e4kaupungin mittaushistorian kolmanneksi kylmin kylmin seitsem\u00e4n p\u00e4iv\u00e4n keskiarvo.<\/p>\n<p><a href=\"https:\/\/www.iltalehti.fi\/parassaa?storeCampaign=ArticleBottomBanner\" rel=\"nofollow noopener\" target=\"_blank\"><img decoding=\"async\" src=\"https:\/\/www.europesays.com\/fi\/wp-content\/uploads\/2025\/08\/d0fd7860228df4fdd5fd0367e49d769aa09b08189080ddc5ccdd8c31ad63aca9.png\" alt=\"IL Paras S\u00e4\u00e4 - S\u00e4\u00e4tiedot ja s\u00e4\u00e4ennusteet\"\/><\/a><\/p>\n","protected":false},"excerpt":{"rendered":"Foreca ennustaa Helsinkiin maanantaiksi hyyt\u00e4v\u00e4\u00e4 s\u00e4\u00e4t\u00e4. P\u00e4\u00e4kaupungissa pakastaa pian oikein kunnolla. Kuva on tammikuulta 2021. Mikko Huisko S\u00e4\u00e4palveluyritys&hellip;\n","protected":false},"author":2,"featured_media":132505,"comment_status":"","ping_status":"","sticky":false,"template":"","format":"standard","meta":{"footnotes":""},"categories":[12],"tags":[35,22,23,26,27,33,31,30,17,713,24,25,28,29,715,15,18,21,710,714,32,10305,19,20,16],"class_list":{"0":"post-132504","1":"post","2":"type-post","3":"status-publish","4":"format-standard","5":"has-post-thumbnail","7":"category-suomi","8":"tag-24h","9":"tag-breaking-news","10":"tag-breakingnews","11":"tag-featured-news","12":"tag-featurednews","13":"tag-fi","14":"tag-finland","15":"tag-finnish","16":"tag-headlines","17":"tag-lampotila-saa","18":"tag-latest-news","19":"tag-latestnews","20":"tag-main-news","21":"tag-mainnews","22":"tag-meteorologia","23":"tag-news","24":"tag-otsikot","25":"tag-paauutiset","26":"tag-saa","27":"tag-saaennustus","28":"tag-suomi","29":"tag-talvisaa","30":"tag-top-stories","31":"tag-topstories","32":"tag-uutiset"},"share_on_mastodon":{"url":"https:\/\/pubeurope.com\/@fi\/115831804027386713","error":""},"_links":{"self":[{"href":"https:\/\/www.europesays.com\/fi\/wp-json\/wp\/v2\/posts\/132504","targetHints":{"allow":["GET"]}}],"collection":[{"href":"https:\/\/www.europesays.com\/fi\/wp-json\/wp\/v2\/posts"}],"about":[{"href":"https:\/\/www.europesays.com\/fi\/wp-json\/wp\/v2\/types\/post"}],"author":[{"embeddable":true,"href":"https:\/\/www.europesays.com\/fi\/wp-json\/wp\/v2\/users\/2"}],"replies":[{"embeddable":true,"href":"https:\/\/www.europesays.com\/fi\/wp-json\/wp\/v2\/comments?post=132504"}],"version-history":[{"count":0,"href":"https:\/\/www.europesays.com\/fi\/wp-json\/wp\/v2\/posts\/132504\/revisions"}],"wp:featuredmedia":[{"embeddable":true,"href":"https:\/\/www.europesays.com\/fi\/wp-json\/wp\/v2\/media\/132505"}],"wp:attachment":[{"href":"https:\/\/www.europesays.com\/fi\/wp-json\/wp\/v2\/media?parent=132504"}],"wp:term":[{"taxonomy":"category","embeddable":true,"href":"https:\/\/www.europesays.com\/fi\/wp-json\/wp\/v2\/categories?post=132504"},{"taxonomy":"post_tag","embeddable":true,"href":"https:\/\/www.europesays.com\/fi\/wp-json\/wp\/v2\/tags?post=132504"}],"curies":[{"name":"wp","href":"https:\/\/api.w.org\/{rel}","templated":true}]}}