{"id":132506,"date":"2026-01-03T15:10:08","date_gmt":"2026-01-03T15:10:08","guid":{"rendered":"https:\/\/www.europesays.com\/fi\/132506\/"},"modified":"2026-01-03T15:10:08","modified_gmt":"2026-01-03T15:10:08","slug":"poliisi-esittaa-yhta-fitburg-aluksen-miehistosta-vangittavaksi-uutisia-lyhyesti","status":"publish","type":"post","link":"https:\/\/www.europesays.com\/fi\/132506\/","title":{"rendered":"Poliisi esitt\u00e4\u00e4 yht\u00e4 Fitburg-aluksen miehist\u00f6st\u00e4 vangittavaksi | Uutisia lyhyesti"},"content":{"rendered":"<p class=\"aw-1gybjub aw-5vja16 kEtdKx kmuxyA yle__article__paragraph\">Aluksen miehist\u00f6st\u00e4 kolme on t\u00e4ll\u00e4 hetkell\u00e4 matkustuskiellossa.<\/p>\n<p><img decoding=\"async\" alt=\"Fitburg-nimisen laivan per\u00e4osa. Taustalla n\u00e4kyy rantaa ja mets\u00e4\u00e4.\" src=\"https:\/\/www.europesays.com\/fi\/wp-content\/uploads\/2026\/01\/39-15766156957c98ab6984.jpeg\" class=\"aw-1l9m598 hKVVvP\"\/><\/p>\n<p>Avaa kuvien katselu<\/p>\n<p>Fitburg-rahtilaiva on tutkittavana Kantvikin satamassa Kirkkonummella. Kuva: Sasha Silvala \/ Yle<\/p>\n<p>14:12\u2022P\u00e4ivitetty 14:35<\/p>\n<p class=\"aw-1gybjub aw-1p7kakr kEtdKx cEmitX yle__article__paragraph\">Poliisi esitt\u00e4\u00e4 yht\u00e4 Fitburg-rahtialuksen pid\u00e4tetty\u00e4 miehist\u00f6n j\u00e4sent\u00e4 vangittavaksi. Lis\u00e4ksi yksi pid\u00e4tetty on m\u00e4\u00e4r\u00e4tty t\u00e4n\u00e4\u00e4n matkuskieltoon, poliisi <a class=\"aw-iao6s4 iHOxEa yle__article__link\" href=\"https:\/\/poliisi.fi\/-\/poliisi-esittaa-fitburg-rahtialuksen-miehiston-jasenta-vangittavaksi\" role=\"link\" rel=\"nofollow noopener\" target=\"_blank\">tiedottaa<\/a>.<\/p>\n<p class=\"aw-1gybjub aw-1p7kakr kEtdKx cEmitX yle__article__paragraph\">Pid\u00e4tetty on Azerbaid\u017eanin kansalainen ja matkuskieltoon m\u00e4\u00e4r\u00e4tty Ven\u00e4j\u00e4n kansalainen.<\/p>\n<p class=\"aw-1gybjub aw-1p7kakr kEtdKx cEmitX yle__article__paragraph\">Fitburg-rahtialuksen miehist\u00f6n 14 j\u00e4senest\u00e4 kaikkiaan kolme on t\u00e4ll\u00e4 hetkell\u00e4 matkustuskiellossa. Aiemmin poliisi <a class=\"aw-iao6s4 iHOxEa yle__article__link\" href=\"https:\/\/yle.fi\/a\/74-20202166\" role=\"link\" rel=\"nofollow noopener\" target=\"_blank\">oli kertonut<\/a> kahden miehist\u00f6n j\u00e4senen pid\u00e4tt\u00e4misest\u00e4 ja kahden m\u00e4\u00e4r\u00e4\u00e4misest\u00e4 matkustuskieltoon.<\/p>\n<p class=\"aw-1gybjub aw-1p7kakr kEtdKx cEmitX yle__article__paragraph\">Fitburg-alus otettiin kiinni Suomenlahdella uudenvuodenaattona. Ven\u00e4j\u00e4lt\u00e4 Israeliin matkalla olleen aluksen ep\u00e4ill\u00e4\u00e4n vaurioittaneen ankkurillaan tietoliikennekaapelia Suomenlahdella.<\/p>\n<p class=\"aw-1gybjub aw-1p7kakr kEtdKx cEmitX yle__article__paragraph\">Asiaa tutkii Keskusrikospoliisi. Poliisin mukaan esitutkinta tulee kest\u00e4m\u00e4\u00e4n useita viikkoja.<\/p>\n","protected":false},"excerpt":{"rendered":"Aluksen miehist\u00f6st\u00e4 kolme on t\u00e4ll\u00e4 hetkell\u00e4 matkustuskiellossa. Avaa kuvien katselu Fitburg-rahtilaiva on tutkittavana Kantvikin satamassa Kirkkonummella. Kuva: Sasha&hellip;\n","protected":false},"author":2,"featured_media":132507,"comment_status":"","ping_status":"","sticky":false,"template":"","format":"standard","meta":{"footnotes":""},"categories":[5],"tags":[22,23,26,27,33,31,30,17,71,55,24,25,28,29,23394,15,18,21,5970,581,1263,32,19,20,16],"class_list":{"0":"post-132506","1":"post","2":"type-post","3":"status-publish","4":"format-standard","5":"has-post-thumbnail","7":"category-otsikot","8":"tag-breaking-news","9":"tag-breakingnews","10":"tag-featured-news","11":"tag-featurednews","12":"tag-fi","13":"tag-finland","14":"tag-finnish","15":"tag-headlines","16":"tag-kotimaa","17":"tag-lainvalvonta","18":"tag-latest-news","19":"tag-latestnews","20":"tag-main-news","21":"tag-mainnews","22":"tag-merenkulkuhenkilosto","23":"tag-news","24":"tag-otsikot","25":"tag-paauutiset","26":"tag-rahtilaivat","27":"tag-rikokset","28":"tag-rikosepailyt","29":"tag-suomi","30":"tag-top-stories","31":"tag-topstories","32":"tag-uutiset"},"share_on_mastodon":{"url":"https:\/\/pubeurope.com\/@fi\/115831807832430943","error":""},"_links":{"self":[{"href":"https:\/\/www.europesays.com\/fi\/wp-json\/wp\/v2\/posts\/132506","targetHints":{"allow":["GET"]}}],"collection":[{"href":"https:\/\/www.europesays.com\/fi\/wp-json\/wp\/v2\/posts"}],"about":[{"href":"https:\/\/www.europesays.com\/fi\/wp-json\/wp\/v2\/types\/post"}],"author":[{"embeddable":true,"href":"https:\/\/www.europesays.com\/fi\/wp-json\/wp\/v2\/users\/2"}],"replies":[{"embeddable":true,"href":"https:\/\/www.europesays.com\/fi\/wp-json\/wp\/v2\/comments?post=132506"}],"version-history":[{"count":0,"href":"https:\/\/www.europesays.com\/fi\/wp-json\/wp\/v2\/posts\/132506\/revisions"}],"wp:featuredmedia":[{"embeddable":true,"href":"https:\/\/www.europesays.com\/fi\/wp-json\/wp\/v2\/media\/132507"}],"wp:attachment":[{"href":"https:\/\/www.europesays.com\/fi\/wp-json\/wp\/v2\/media?parent=132506"}],"wp:term":[{"taxonomy":"category","embeddable":true,"href":"https:\/\/www.europesays.com\/fi\/wp-json\/wp\/v2\/categories?post=132506"},{"taxonomy":"post_tag","embeddable":true,"href":"https:\/\/www.europesays.com\/fi\/wp-json\/wp\/v2\/tags?post=132506"}],"curies":[{"name":"wp","href":"https:\/\/api.w.org\/{rel}","templated":true}]}}