{"id":132508,"date":"2026-01-03T15:22:09","date_gmt":"2026-01-03T15:22:09","guid":{"rendered":"https:\/\/www.europesays.com\/fi\/132508\/"},"modified":"2026-01-03T15:22:09","modified_gmt":"2026-01-03T15:22:09","slug":"nayttelija-mickey-rourke-jarkyttaa-jalleen-muodonmuutoksellaan-kuvat","status":"publish","type":"post","link":"https:\/\/www.europesays.com\/fi\/132508\/","title":{"rendered":"N\u00e4yttelij\u00e4 Mickey Rourke j\u00e4rkytt\u00e4\u00e4 j\u00e4lleen muodonmuutoksellaan &#8211; kuvat!"},"content":{"rendered":"<p>            All Over Press\n        <\/p>\n<p class=\"subtitle \">Kasarit\u00e4hden ulkon\u00e4k\u00f6 on muuttunut vuosien varrella runsaasti. Tuoreista kuvista Mickey\u00e4 on kuitenkin l\u00e4hes mahdoton tunnistaa.<\/p>\n<p class=\"article-content article-content-width !bg-background\">N\u00e4yttelij\u00e4 , 73, oli 1980-luvulla yksi valkokankaiden kuumimmista komistuksista.\u00a0<\/p>\n<p class=\"article-content article-content-width !bg-background\">Elokuvista Taistelukala (1983) ja Noiduttu syd\u00e4n (1987) tunnetuksi tullut kasarihottis on jatkanut n\u00e4yttelemist\u00e4 aina n\u00e4ihin p\u00e4iviin asti. Mickey on napannut leffarooleja tasaiseen tahtiin, mutta suurempaa huomiota ovat valitettavasti saaneet miehen vastoink\u00e4ymiset.\u00a0<\/p>\n<p>P\u00e4ihteit\u00e4 ja plastiikkakirurgiaa<\/p>\n<p class=\"article-content article-content-width !bg-background\">Mickey on monien esiintyvien taiteilijoiden tapaan kamppaillut p\u00e4ihdeongelman kanssa. N\u00e4yttelij\u00e4 piipahti kev\u00e4\u00e4ll\u00e4 2025 brittien Big Brother -ohjelman julkkisversiossa. H\u00e4n kuitenkin p<a href=\"https:\/\/www.dailymail.co.uk\/tvshowbiz\/article-14584053\/Mickey-Rourkes-health-battles-battled-addiction-surgery-Big-Brother.html\" target=\"_blank\" rel=\"nofollow noopener\">oistui talosta aiheutettuaan h\u00e4mmennyst\u00e4<\/a> uhkaavalla ja seksuaaliss\u00e4vytteisell\u00e4 k\u00e4yt\u00f6ksell\u00e4\u00e4n.\u00a0<\/p>\n<p>                <img decoding=\"async\" src=\"https:\/\/www.europesays.com\/fi\/wp-content\/uploads\/2026\/01\/2036780.webp.jpeg\" width=\"576\" height=\"730\" alt=\"Mickey ja Kim Basinger vuosimallia 1987.\" loading=\"lazy\" \/>            <\/p>\n<p>\n            Mickey ja Kim Basinger vuosimallia 1987.<br \/>\n            AOP\n        <\/p>\n<p class=\"article-content article-content-width !bg-background\">The Wrestler-elokuvastakin (2008) muistettava Mickey on saanut vuosien varrella kauhistuneita reaktioita aikaan my\u00f6s ulkon\u00e4\u00f6ll\u00e4\u00e4n.<\/p>\n<p>        <a itemprop=\"url\" href=\"https:\/\/www.seiska.fi\/ulkomaat\/ex-lapsitahti-ajautui-syoksykierteeseen-surullinen-video-jarkyttaa\/2029706\" rel=\"nofollow noopener\" target=\"_blank\"><\/p>\n<p>\nVideo!\n<\/p>\n<p class=\"section-date\">\n        <strong class=\"article-section\" data-section=\"ulkomaat\"><br \/>\n            ulkomaat<br \/>\n        <\/strong><br \/>\n        28.12.2025 12:30\n    <\/p>\n<p>Ex-lapsit\u00e4hti ajautui sy\u00f6ksykierteeseen \u2013 surullinen video j\u00e4rkytt\u00e4\u00e4\n    <\/p>\n<p itemprop=\"description\" class=\"subtitle \">\n    J\u00e4lleen yksi lapsit\u00e4hti on kohdannut viihdealan nurjan puolen.\n<\/p>\n<p>        <\/a><\/p>\n<p class=\"article-content article-content-width !bg-background\">Nyrkkeilyuraakin aikoinaan tehnyt stara on k\u00e4ynyt korjailemassa kasvojaan plastiikkakirurgin vastaanotolla useaan otteeseen. Vuonna 2009 h\u00e4n my\u00f6nsi muuttuneen ulkon\u00e4k\u00f6ns\u00e4 olevan seurausta pieleen menneist\u00e4 operaatioista.\u00a0<\/p>\n<p>                <img decoding=\"async\" src=\"https:\/\/www.europesays.com\/fi\/wp-content\/uploads\/2026\/01\/2036782.webp.jpeg\" width=\"576\" height=\"663\" alt=\"T\u00e4lt\u00e4 Mickey n\u00e4ytti 2017.\" loading=\"lazy\" \/>            <\/p>\n<p>\n            T\u00e4lt\u00e4 Mickey n\u00e4ytti 2017.<br \/>\n            Broadimage\/Shutterstock\/All Over Press\n        <\/p>\n<p>Kuin varjo itsest\u00e4\u00e4n<\/p>\n<p class=\"article-content article-content-width !bg-background\">Nyt Mickeyn ulkomuoto on muuttunut j\u00e4lleen. Aiempaa selv\u00e4sti harvahiuksisempaa n\u00e4yttelij\u00e4\u00e4 ei ole tunnistaa tuoreista paparazzikuvista.\u00a0\u00a0<\/p>\n<p>        <a itemprop=\"url\" href=\"https:\/\/www.seiska.fi\/ulkomaat\/surullinen-syoksykierre-suosikkisarjan-tahti-riehui-keskella-tieta-kuvat\/1909186\" rel=\"nofollow noopener\" target=\"_blank\"><\/p>\n<p>\nSurullinen sy\u00f6ksykierre\n<\/p>\n<p class=\"section-date\">\n        <strong class=\"article-section\" data-section=\"ulkomaat\"><br \/>\n            ulkomaat<br \/>\n        <\/strong><br \/>\n        25.8.2025 20:00\n    <\/p>\n<p>Surullinen sy\u00f6ksykierre! Suosikkisarjan t\u00e4hti riehui keskell\u00e4 tiet\u00e4 \u2013 kuvat!\n    <\/p>\n<p itemprop=\"description\" class=\"subtitle \">\n    N\u00e4yttelij\u00e4 on kamppaillut p\u00e4ihdeongelman kanssa.\n<\/p>\n<p>        <\/a><\/p>\n<p class=\"article-content article-content-width !bg-background\">Uudenvuodenp\u00e4iv\u00e4n\u00e4 Los Angelesissa napattujen otosten perusteella Mickey vaikuttaa olevan heiver\u00f6isess\u00e4 kunnossa.  mukaan miest\u00e4 uhkaa h\u00e4\u00e4t\u00f6, sill\u00e4 h\u00e4nell\u00e4 on <a href=\"https:\/\/www.dailymail.co.uk\/tvshowbiz\/article-15423849\/Mickey-Rourke-eviction-LA-home-unpaid-rent.html\" target=\"_blank\" rel=\"nofollow noopener\">vuokria r\u00e4stiss\u00e4 60 000 dollarin edest\u00e4<\/a>.\u00a0<\/p>\n<p>                <img decoding=\"async\" src=\"https:\/\/www.europesays.com\/fi\/wp-content\/uploads\/2026\/01\/2036784.webp.jpeg\" width=\"576\" height=\"720\" alt=\"Tavaramerkiksi muodostunut paksu tukka on kadonnut Mickeyn p\u00e4\u00e4st\u00e4.\" loading=\"lazy\" \/>            <\/p>\n<p>\n            Tavaramerkiksi muodostunut paksu tukka on kadonnut Mickeyn p\u00e4\u00e4st\u00e4.<br \/>\n            AOP\n        <\/p>\n<p class=\"article-content article-content-width !bg-background\">T\u00e4ysin rahaton Mickey ei ilmeisesti kuitenkaan ole. Kuvat osoittavat h\u00e4nen tilanneen ruokaostokset kotiin. Mukana on my\u00f6s herkkuja pikaruokaravintola Taco bellist\u00e4.\u00a0<\/p>\n<p>                <img decoding=\"async\" src=\"https:\/\/www.europesays.com\/fi\/wp-content\/uploads\/2026\/01\/2036786.webp.jpeg\" width=\"576\" height=\"720\" alt=\"Vastoink\u00e4ymisi\u00e4 riitt\u00e4\u00e4 jopa omalla kotiovella!\" loading=\"lazy\" \/>            <\/p>\n<p>\n            Vastoink\u00e4ymisi\u00e4 riitt\u00e4\u00e4 jopa omalla kotiovella!<br \/>\n            AOP\n        <\/p>\n","protected":false},"excerpt":{"rendered":"All Over Press Kasarit\u00e4hden ulkon\u00e4k\u00f6 on muuttunut vuosien varrella runsaasti. Tuoreista kuvista Mickey\u00e4 on kuitenkin l\u00e4hes mahdoton tunnistaa.&hellip;\n","protected":false},"author":2,"featured_media":132509,"comment_status":"","ping_status":"","sticky":false,"template":"","format":"standard","meta":{"footnotes":""},"categories":[136],"tags":[3275,407,137,33,31,30,408,23395,4436,6180,4084,32,9112,109],"class_list":{"0":"post-132508","1":"post","2":"type-post","3":"status-publish","4":"format-standard","5":"has-post-thumbnail","7":"category-julkkikset","8":"tag-big-brother","9":"tag-celebrities","10":"tag-entertainment","11":"tag-fi","12":"tag-finland","13":"tag-finnish","14":"tag-julkkikset","15":"tag-mickey-rourke","16":"tag-muodonmuutos","17":"tag-paihdeongelma","18":"tag-plastiikkakirurgia","19":"tag-suomi","20":"tag-velka","21":"tag-viihde"},"share_on_mastodon":{"url":"https:\/\/pubeurope.com\/@fi\/115831855069584814","error":""},"_links":{"self":[{"href":"https:\/\/www.europesays.com\/fi\/wp-json\/wp\/v2\/posts\/132508","targetHints":{"allow":["GET"]}}],"collection":[{"href":"https:\/\/www.europesays.com\/fi\/wp-json\/wp\/v2\/posts"}],"about":[{"href":"https:\/\/www.europesays.com\/fi\/wp-json\/wp\/v2\/types\/post"}],"author":[{"embeddable":true,"href":"https:\/\/www.europesays.com\/fi\/wp-json\/wp\/v2\/users\/2"}],"replies":[{"embeddable":true,"href":"https:\/\/www.europesays.com\/fi\/wp-json\/wp\/v2\/comments?post=132508"}],"version-history":[{"count":0,"href":"https:\/\/www.europesays.com\/fi\/wp-json\/wp\/v2\/posts\/132508\/revisions"}],"wp:featuredmedia":[{"embeddable":true,"href":"https:\/\/www.europesays.com\/fi\/wp-json\/wp\/v2\/media\/132509"}],"wp:attachment":[{"href":"https:\/\/www.europesays.com\/fi\/wp-json\/wp\/v2\/media?parent=132508"}],"wp:term":[{"taxonomy":"category","embeddable":true,"href":"https:\/\/www.europesays.com\/fi\/wp-json\/wp\/v2\/categories?post=132508"},{"taxonomy":"post_tag","embeddable":true,"href":"https:\/\/www.europesays.com\/fi\/wp-json\/wp\/v2\/tags?post=132508"}],"curies":[{"name":"wp","href":"https:\/\/api.w.org\/{rel}","templated":true}]}}