{"id":132510,"date":"2026-01-03T15:26:09","date_gmt":"2026-01-03T15:26:09","guid":{"rendered":"https:\/\/www.europesays.com\/fi\/132510\/"},"modified":"2026-01-03T15:26:09","modified_gmt":"2026-01-03T15:26:09","slug":"tarina-siita-kuinka-system-of-a-down-kitaristi-paatyi-soittamaan-metallicaan-vuosituhannen-alussa","status":"publish","type":"post","link":"https:\/\/www.europesays.com\/fi\/132510\/","title":{"rendered":"Tarina siit\u00e4, kuinka System of A Down -kitaristi p\u00e4\u00e4tyi soittamaan Metallicaan vuosituhannen alussa"},"content":{"rendered":"<p>System of A Down -kitaristi Daron Malakian vieraili tuottajaguru Rock Rubinin luotsaamassa Tetragrammaton-podcastissa kertomassa suhteestaan heavy metal -musiikkiin.<\/p>\n<p>Er\u00e4s tarinoista liittyi siihen, kuinka mies p\u00e4\u00e4tyi hein\u00e4kuussa 2000 soittamaan parille keikalle Metallican riveiss\u00e4.<\/p>\n<p>\u201dOlin 12- tai 13-vuotiaana soittanut kitaraa noin vuoden verran. Soitin kavereiden kanssa heid\u00e4n faijansa autotallissa Metallica-covereita. Emme juuri muuta soittaneetkaan\u201d, Malakian muistelee. \u201dIso osa instrumentin opettelusta tapahtui [Black] Sabbathin, Metallican [Iron] Maidenin ja toisinaan Slayerin avulla. Kaverini eiv\u00e4t oikein tajunneet Slayerin p\u00e4\u00e4lle, mutta rakastivat Metallicaa. Min\u00e4 kuitenkin rakastin Slayeria ja kinasin aina aiheesta heid\u00e4n kanssaan. Soitimme siis paljon Metallicaa ja osasin monet b\u00e4ndin biiseist\u00e4. Vanhempana sitten tutustuin heihin kun olimme b\u00e4ndin kanssa Summer Sanitarium -rundilla.\u201d<\/p>\n<p>\u201dTapasin Metallican j\u00e4tk\u00e4t ensimm\u00e4ist\u00e4 kertaa lavalla\u201d, Malakian jatkaa. \u201dEn ollut koskaan aiemmin jutellut heid\u00e4n kanssaan. System of A Down soitti ensimm\u00e4isen\u00e4. Kukaan ei ollut kuullutkaan meist\u00e4. Vuosi oli ehk\u00e4 1999 eik\u00e4 Toxicity ollut viel\u00e4 ilmestynyt. Meilt\u00e4 oli tullut vasta debyyttilevy. Olimme Summer Sanitarium -rundilla Powerman 5000:n, Kid Rockin, muistaakseni Kornin ja Metallican kanssa. Ne olivat tyyliin viiden esiintyj\u00e4n keikkoja.\u201d<\/p>\n<p>\u201dKiertueen aikana James Hetfield loukkaantui. En tied\u00e4. Minulle kerrottiin ett\u00e4 h\u00e4n oli vesihiiht\u00e4m\u00e4ss\u00e4 tai jotain, ja loukkasi itsens\u00e4. He eiv\u00e4t peruneet keikkojaan. Kaikki l\u00e4mpp\u00e4rit soittivat normaalisti ja sitten Metallica nousi lavalle. Jason Newsted hoiti laulamisen ja he kutsuivat Kornin j\u00e4tki\u00e4 soittamaan jotain Cheech &amp; Chong -coveria tai jotain. He eiv\u00e4t tienneet mit\u00e4 tekisiv\u00e4t ilman Jamesia. K\u00e4\u00e4nnyin kitarateknikkoni puoleen ja sanoin: \u2019Kuules, k\u00e4y sanomassa heid\u00e4n teknikolleen, ett\u00e4 osaan kaiken heid\u00e4n matskunsa \u2026And Justice for Allista taaksep\u00e4in.&#8217;\u201d<\/p>\n<p>\u201dTeknikkoni teki ty\u00f6t\u00e4 k\u00e4sketty\u00e4 ja palasi sanoen: \u2019Okei, tule mukaan.\u2019 Nyt t\u00e4ytyy ymm\u00e4rt\u00e4\u00e4, ett\u00e4 Metallica oli ensimm\u00e4inen b\u00e4ndi jonka olin n\u00e4hnyt liven\u00e4. Olin todella iso fani. Faith No More l\u00e4mpp\u00e4si heit\u00e4 Justice for All -kiertueella. Seuraavassa hetkess\u00e4 seisoinkin lavan sivulla. Minulle ojennettiin Les Paul, se oli luultavasti yksi Kirk Hammettin kitaroista. \u2019Okei, anna palaa.\u2019 60 000 katsojaa. Olin oman keikkani j\u00e4lkeisiss\u00e4 tamineissa. Minulla oli vittu Lakersin kollarit. Ennen ollut edes valmis lavalle. Minulla oli valkoinen hihaton paita ja kollarit koska olin ollut vain fiilistelem\u00e4ss\u00e4 Metallican keikkaa.\u201d<\/p>\n<p>\u201dB\u00e4ndimme ei ollut viel\u00e4 mik\u00e4\u00e4n iso juttu. Olin ihan penska. 22-vuotias. En voinut uskoa, ett\u00e4 saimme edes l\u00e4mp\u00e4t\u00e4 Metallicaa. Kaikki t\u00e4ll\u00e4inen oli minulle ihan uutta. Sitten minut ty\u00f6nnettiin lavalle ja moikkailin Larsia [Ulrich], Kirki\u00e4 ja Jason Newstedi\u00e4, tuolloista basistia. He kysyiv\u00e4t mit\u00e4 biisej\u00e4 osasin. \u2019En tied\u00e4, Master of Puppetsin.\u2019 \u2019Okei, laske meid\u00e4t sis\u00e4\u00e4n.\u2019 Soitimme Master of Puppetsin. Olin lavalla soittamassa Metallican kanssa Master of Puppetsia 60 000 katsojan edess\u00e4. \u2019Kuka laulaa?\u2019 kummastelin. \u2019Vitut, menen itse laulamaan.&#8217;\u201d<\/p>\n<p>Malakian muisteli my\u00f6s ensimm\u00e4isen Metallica-keikan j\u00e4lkeisi\u00e4 tunnelmia.<\/p>\n<p>\u201dTulin pois lavalta ja yht\u00e4kki\u00e4 kaikki olivat kimpussani. \u2019Hei kaveri, James ei pysty soittamaan seuraavia keikkoja. He haluavat ett\u00e4 soitat heid\u00e4n kanssaan.\u2019 Seuraavaksi Kirk Hammett oli edess\u00e4ni kitaran kanssa ja yritti opettaa minulle Loadin matskua, koska olin sanonut etten osannut Loadin ja Reloadin aikaisia biisej\u00e4. \u2019K\u00e4y ker\u00e4\u00e4m\u00e4ss\u00e4 kamppeesi bussista, lenn\u00e4t kanssamme yksityiskoneella.&#8217;\u201d<\/p>\n<p>\u201dAlkuper\u00e4inen suunnitelma oli, ett\u00e4 soittaisin koko setin. Valmistauduin sit\u00e4 silm\u00e4ll\u00e4 pit\u00e4en ja olin opetellut uudelleen vanhempaa tuotantoa sek\u00e4 Loadin biisej\u00e4. Lensin heid\u00e4n matkassaan. Sitten he p\u00e4\u00e4ttiv\u00e4t, ett\u00e4 voisi olla siistimp\u00e4\u00e4 jos lavalle kutsuttaisiin eri soittajia eri b\u00e4ndeist\u00e4. Seuraavaksi olin taas lavalla Metallican kanssa ja tiesin ett\u00e4 tarkoitus oli soittaa One. Kysyin Jasonilta tai Kirkilt\u00e4, ett\u00e4 kuka laulaa. \u2019Bob.\u2019 \u2019Kuka vitun Bob?\u2019 Sitten Kid Rock nousi lavalle. En edes tiennyt ett\u00e4 h\u00e4nen nimens\u00e4 oli Bob.\u201d<\/p>\n<p>Malakian kertoo Metallican henkil\u00f6kunnan tulleen vuosien varrella monasti kertomaan, kuinka suuressa arvossa yhtye piti h\u00e4nen palveluksiaan.<\/p>\n<p>\u201dEn koskaan unohda sit\u00e4\u201d, Malakian sanoo. \u201dVaikka b\u00e4ndini onkin asemassa miss\u00e4 se nyky\u00e4\u00e4n on, ihoni menee edelleen kananlihalle\u2026 ett\u00e4 sain mahdollisuuden kokea tuon kaiken siin\u00e4 vaiheessa uraani.\u201d<\/p>\n<p><img loading=\"lazy\" decoding=\"async\" alt=\"YouTube video\" width=\"480\" height=\"360\" data-pin-nopin=\"true\" nopin=\"nopin\" class=\"perfmatters-lazy\" src=\"https:\/\/www.europesays.com\/fi\/wp-content\/uploads\/2026\/01\/1767453968_797_hqdefault.jpg\"\/><\/p>\n<p><img loading=\"lazy\" decoding=\"async\" alt=\"YouTube video\" width=\"480\" height=\"360\" data-pin-nopin=\"true\" nopin=\"nopin\" class=\"perfmatters-lazy\" src=\"https:\/\/www.europesays.com\/fi\/wp-content\/uploads\/2026\/01\/1767453969_785_hqdefault.jpg\"\/><\/p>\n<p>Lue my\u00f6s: <a href=\"https:\/\/www.soundi.fi\/uutiskirje\/\" title=\"Tilaa Soundin uutiskirje\" class=\"underline-custom !font-montserrat !font-bold !underline-offset-4 !decoration-4 !decoration-red-600 !text-md\" rel=\"nofollow noopener\" target=\"_blank\">Tilaa Soundin uutiskirje ja tied\u00e4t mist\u00e4 kahvitauolla puhutaan! Nappaa ajankohtaiset musiikin uutiset ja puheenaiheet suoraan s\u00e4hk\u00f6postiin t\u00e4st\u00e4.<\/a><\/p>\n","protected":false},"excerpt":{"rendered":"System of A Down -kitaristi Daron Malakian vieraili tuottajaguru Rock Rubinin luotsaamassa Tetragrammaton-podcastissa kertomassa suhteestaan heavy metal -musiikkiin.&hellip;\n","protected":false},"author":2,"featured_media":132511,"comment_status":"","ping_status":"","sticky":false,"template":"","format":"standard","meta":{"footnotes":""},"categories":[132],"tags":[137,33,31,30,195,47,32,109],"class_list":{"0":"post-132510","1":"post","2":"type-post","3":"status-publish","4":"format-standard","5":"has-post-thumbnail","7":"category-musiikki","8":"tag-entertainment","9":"tag-fi","10":"tag-finland","11":"tag-finnish","12":"tag-music","13":"tag-musiikki","14":"tag-suomi","15":"tag-viihde"},"share_on_mastodon":{"url":"https:\/\/pubeurope.com\/@fi\/115831870800689364","error":""},"_links":{"self":[{"href":"https:\/\/www.europesays.com\/fi\/wp-json\/wp\/v2\/posts\/132510","targetHints":{"allow":["GET"]}}],"collection":[{"href":"https:\/\/www.europesays.com\/fi\/wp-json\/wp\/v2\/posts"}],"about":[{"href":"https:\/\/www.europesays.com\/fi\/wp-json\/wp\/v2\/types\/post"}],"author":[{"embeddable":true,"href":"https:\/\/www.europesays.com\/fi\/wp-json\/wp\/v2\/users\/2"}],"replies":[{"embeddable":true,"href":"https:\/\/www.europesays.com\/fi\/wp-json\/wp\/v2\/comments?post=132510"}],"version-history":[{"count":0,"href":"https:\/\/www.europesays.com\/fi\/wp-json\/wp\/v2\/posts\/132510\/revisions"}],"wp:featuredmedia":[{"embeddable":true,"href":"https:\/\/www.europesays.com\/fi\/wp-json\/wp\/v2\/media\/132511"}],"wp:attachment":[{"href":"https:\/\/www.europesays.com\/fi\/wp-json\/wp\/v2\/media?parent=132510"}],"wp:term":[{"taxonomy":"category","embeddable":true,"href":"https:\/\/www.europesays.com\/fi\/wp-json\/wp\/v2\/categories?post=132510"},{"taxonomy":"post_tag","embeddable":true,"href":"https:\/\/www.europesays.com\/fi\/wp-json\/wp\/v2\/tags?post=132510"}],"curies":[{"name":"wp","href":"https:\/\/api.w.org\/{rel}","templated":true}]}}