{"id":132514,"date":"2026-01-03T15:30:07","date_gmt":"2026-01-03T15:30:07","guid":{"rendered":"https:\/\/www.europesays.com\/fi\/132514\/"},"modified":"2026-01-03T15:30:07","modified_gmt":"2026-01-03T15:30:07","slug":"nyt-ilmaiskatselussa-huippunayttelijoiden-rohkea-draama-paaosan-harjoittelu-vei-strippiklubille","status":"publish","type":"post","link":"https:\/\/www.europesays.com\/fi\/132514\/","title":{"rendered":"Nyt ilmaiskatselussa: Huippun\u00e4yttelij\u00f6iden rohkea draama \u2013 p\u00e4\u00e4osan harjoittelu vei strippiklubille"},"content":{"rendered":"<p>Synkk\u00e4s\u00e4vyinen Powder Blue (2009) on vahvoilla n\u00e4yttelij\u00e4suorituksilla varustettu melankolinen draama, joka seuraa toisiaan tuntemattomien ihmisten riste\u00e4vi\u00e4 kohtaloita.<\/p>\n<p>Elokuvan keski\u00f6ss\u00e4 ovat muun muassa yksinhuoltaja\u00e4iti, joka ty\u00f6skentelee stripparina ker\u00e4t\u00e4kseen rahaa koomassa olevan poikansa hoitoon, syyllisyyden riivaama entinen pappi, joka on menett\u00e4nyt el\u00e4m\u00e4nhalunsa, sek\u00e4 vankilasta vapautunut mies, joka pyrkii sovittamaan menneisyytens\u00e4 virheet.<\/p>\n<p>Yksin\u00e4isyytt\u00e4, toivoa ja katumusta k\u00e4sittelev\u00e4n elokuvan rooleissa n\u00e4hd\u00e4\u00e4n\u00a0<strong>Jessica Biel<\/strong>,\u00a0<strong>Ray Liotta<\/strong>,\u00a0<strong>Forest Whitaker<\/strong>,\u00a0<strong>Eddie Redmayne<\/strong>,\u00a0<strong>Patrick Swayze<\/strong>,\u00a0<strong>Kris Kristofferson<\/strong>\u00a0ja\u00a0<strong>Lisa Kudrow<\/strong>. Biel sai roolinsa vaativan stripparikoulutuksen Los Angelesin 4Play-klubilla.<\/p>\n<p>T\u00e4m\u00e4n elokuvan voi katsoa ilmaiseksi Rakuten TV:ss\u00e4. Suoratoistoon on valittavissa suomenkielinen tekstitys ja \u00e4\u00e4niraidaksi 5.1 tai 2.0.<\/p>\n<p>Katso\u00a0Powder Blue\u00a0<a href=\"https:\/\/www.rakuten.tv\/fi?content_type=movies&amp;content_id=powder-blue\" target=\"_blank\" rel=\"noreferrer noopener nofollow\">t\u00e4\u00e4ll\u00e4<\/a>. Elokuvan ik\u00e4raja on K-16 ja sen kesto 102 minuuttia plus mainokset p\u00e4\u00e4lle.<\/p>\n<p><img loading=\"lazy\" decoding=\"async\" alt=\"YouTube video\" width=\"480\" height=\"360\" data-pin-nopin=\"true\" nopin=\"nopin\" class=\"perfmatters-lazy\" src=\"https:\/\/www.europesays.com\/fi\/wp-content\/uploads\/2026\/01\/1767454207_697_hqdefault.jpg\"\/><\/p>\n<p>Lue my\u00f6s: <a href=\"https:\/\/www.episodi.fi\/uutiset\/nyt-ilmaiskatselussa-upeasti-naytelty-piinaava-trilleri-voiko-naapuriin-aina-luottaa\/\" title=\"Nyt ilmaiskatselussa: Upeasti n\u00e4ytelty piinaava trilleri \u2013 voiko naapuriin aina luottaa?\" class=\"underline-custom !font-montserrat !font-bold !underline-offset-4 !decoration-4 !decoration-episodi-blue !text-md\" rel=\"nofollow noopener\" target=\"_blank\">Nyt ilmaiskatselussa: Upeasti n\u00e4ytelty piinaava trilleri \u2013 voiko naapuriin aina luottaa?<\/a><\/p>\n<p>Lue my\u00f6s: <a href=\"https:\/\/www.episodi.fi\/uutiset\/lankkarihetki-ilmaiskatselussa-klassikkomaineeseen-noussut-western-rotten-tomatoes-luku-100\/\" title=\"L\u00e4nkk\u00e4rihetki: Ilmaiskatselussa klassikkomaineeseen noussut western \u2013 Rotten Tomatoes -luku 100!\" class=\"underline-custom !font-montserrat !font-bold !underline-offset-4 !decoration-4 !decoration-episodi-blue !text-md\" rel=\"nofollow noopener\" target=\"_blank\">L\u00e4nkk\u00e4rihetki: Ilmaiskatselussa klassikkomaineeseen noussut western \u2013 Rotten Tomatoes -luku 100!<\/a><\/p>\n<p>Lue my\u00f6s: <a href=\"https:\/\/www.episodi.fi\/uutiset\/nyt-suoratoistossa-huumepoliisien-lapset-sekaantuvat-kartellien-maailmaan-tuottajana-ridley-scott\/\" title=\"Nyt suoratoistossa: Huumepoliisien lapset sekaantuvat kartellien maailmaan \u2013 tuottajana Ridley Scott\" class=\"underline-custom !font-montserrat !font-bold !underline-offset-4 !decoration-4 !decoration-episodi-blue !text-md\" rel=\"nofollow noopener\" target=\"_blank\">Nyt suoratoistossa: Huumepoliisien lapset sekaantuvat kartellien maailmaan \u2013 tuottajana Ridley Scott<\/a><\/p>\n<p>Lue my\u00f6s: <a href=\"https:\/\/www.episodi.fi\/uutiskirje\/?uutiskirjemainos=tekstilinkkimainos\" title=\"Tilaa Episodin uutiskirje ja voit voittaa leffalippuja! Nappaa tv-vinkit suoraan s\u00e4hk\u00f6postiin t\u00e4st\u00e4.\" class=\"underline-custom !font-montserrat !font-bold !underline-offset-4 !decoration-4 !decoration-episodi-blue !text-md\" rel=\"nofollow noopener\" target=\"_blank\">Tilaa Episodin uutiskirje ja voit voittaa leffalippuja! Nappaa katseluvinkit suoraan s\u00e4hk\u00f6postiin t\u00e4st\u00e4.<\/a><\/p>\n","protected":false},"excerpt":{"rendered":"Synkk\u00e4s\u00e4vyinen Powder Blue (2009) on vahvoilla n\u00e4yttelij\u00e4suorituksilla varustettu melankolinen draama, joka seuraa toisiaan tuntemattomien ihmisten riste\u00e4vi\u00e4 kohtaloita. Elokuvan&hellip;\n","protected":false},"author":2,"featured_media":132515,"comment_status":"","ping_status":"","sticky":false,"template":"","format":"standard","meta":{"footnotes":""},"categories":[130],"tags":[23396,137,33,31,30,8573,5204,23397,500,10475,32,109],"class_list":{"0":"post-132514","1":"post","2":"type-post","3":"status-publish","4":"format-standard","5":"has-post-thumbnail","7":"category-viihde","8":"tag-eddie-redmayne","9":"tag-entertainment","10":"tag-fi","11":"tag-finland","12":"tag-finnish","13":"tag-forest-whitaker","14":"tag-jessica-biel","15":"tag-patrick-swayze","16":"tag-rakuten-tv","17":"tag-ray-liotta","18":"tag-suomi","19":"tag-viihde"},"share_on_mastodon":{"url":"https:\/\/pubeurope.com\/@fi\/115831886502846498","error":""},"_links":{"self":[{"href":"https:\/\/www.europesays.com\/fi\/wp-json\/wp\/v2\/posts\/132514","targetHints":{"allow":["GET"]}}],"collection":[{"href":"https:\/\/www.europesays.com\/fi\/wp-json\/wp\/v2\/posts"}],"about":[{"href":"https:\/\/www.europesays.com\/fi\/wp-json\/wp\/v2\/types\/post"}],"author":[{"embeddable":true,"href":"https:\/\/www.europesays.com\/fi\/wp-json\/wp\/v2\/users\/2"}],"replies":[{"embeddable":true,"href":"https:\/\/www.europesays.com\/fi\/wp-json\/wp\/v2\/comments?post=132514"}],"version-history":[{"count":0,"href":"https:\/\/www.europesays.com\/fi\/wp-json\/wp\/v2\/posts\/132514\/revisions"}],"wp:featuredmedia":[{"embeddable":true,"href":"https:\/\/www.europesays.com\/fi\/wp-json\/wp\/v2\/media\/132515"}],"wp:attachment":[{"href":"https:\/\/www.europesays.com\/fi\/wp-json\/wp\/v2\/media?parent=132514"}],"wp:term":[{"taxonomy":"category","embeddable":true,"href":"https:\/\/www.europesays.com\/fi\/wp-json\/wp\/v2\/categories?post=132514"},{"taxonomy":"post_tag","embeddable":true,"href":"https:\/\/www.europesays.com\/fi\/wp-json\/wp\/v2\/tags?post=132514"}],"curies":[{"name":"wp","href":"https:\/\/api.w.org\/{rel}","templated":true}]}}