{"id":132518,"date":"2026-01-03T15:34:07","date_gmt":"2026-01-03T15:34:07","guid":{"rendered":"https:\/\/www.europesays.com\/fi\/132518\/"},"modified":"2026-01-03T15:34:07","modified_gmt":"2026-01-03T15:34:07","slug":"trumpin-nobel-himo-vaihtui-sotakiimaksi-hs-fi","status":"publish","type":"post","link":"https:\/\/www.europesays.com\/fi\/132518\/","title":{"rendered":"Trumpin Nobel-himo vaihtui sotakiimaksi | HS.fi"},"content":{"rendered":"<p>HS-analyysi|Trumpin sekasortoisessa sodan ja rauhan politiikassa piilee venezuelalaisten n\u00e4k\u00f6kulmasta pilkahdus toivoa, kirjoittaa HS:n ulkomaantoimittaja Pekka Mykk\u00e4nen.<\/p>\n<p class=\"article-body mb-nof-24 px-nof-16\">Vuoden 2025 aikana kuultiin lukemattomia kertoja Yhdysvaltain presidentti <a class=\"font-bold underline-offset-[0.12em] [text-decoration:var(--person-link-text-decoration)] ![text-decoration-color:var(--person-link-text-decoration-color)]\" href=\"https:\/\/www.hs.fi\/haku\/?query=Donald%20Trumpin\" rel=\"nofollow noopener\" target=\"_blank\">Donald Trumpin<\/a> suusta, kuinka h\u00e4n on kaikkien aikojen mahtavimman presidentin lis\u00e4ksi historiallinen rauhantekij\u00e4.<\/p>\n<p class=\"article-body mb-nof-24 px-nof-16\">Trumpin laskujen mukaan h\u00e4n on k\u00e4til\u00f6inyt maailmaan kahdeksan tai yhdeks\u00e4n rauhaa, mink\u00e4 vuoksi h\u00e4nelle olisi pit\u00e4nyt my\u00f6nt\u00e4\u00e4 Nobelin rauhanpalkinto. Joulukuussa h\u00e4n lis\u00e4si United States Institute of Peace -laitoksen nimeen oman nimens\u00e4, joten siit\u00e4 tuli Donald J. Trumpin rauhaninstituutti.<\/p>\n","protected":false},"excerpt":{"rendered":"HS-analyysi|Trumpin sekasortoisessa sodan ja rauhan politiikassa piilee venezuelalaisten n\u00e4k\u00f6kulmasta pilkahdus toivoa, kirjoittaa HS:n ulkomaantoimittaja Pekka Mykk\u00e4nen. Vuoden 2025&hellip;\n","protected":false},"author":2,"featured_media":132519,"comment_status":"","ping_status":"","sticky":false,"template":"","format":"standard","meta":{"footnotes":""},"categories":[14],"tags":[22,23,26,27,33,31,30,17,46,24,25,28,29,15,18,21,32,19,20,56,16,59,60,61],"class_list":{"0":"post-132518","1":"post","2":"type-post","3":"status-publish","4":"format-standard","5":"has-post-thumbnail","7":"category-ulkomaat","8":"tag-breaking-news","9":"tag-breakingnews","10":"tag-featured-news","11":"tag-featurednews","12":"tag-fi","13":"tag-finland","14":"tag-finnish","15":"tag-headlines","16":"tag-helsingin-sanomat","17":"tag-latest-news","18":"tag-latestnews","19":"tag-main-news","20":"tag-mainnews","21":"tag-news","22":"tag-otsikot","23":"tag-paauutiset","24":"tag-suomi","25":"tag-top-stories","26":"tag-topstories","27":"tag-ulkomaat","28":"tag-uutiset","29":"tag-world","30":"tag-world-news","31":"tag-worldnews"},"share_on_mastodon":{"url":"https:\/\/pubeurope.com\/@fi\/115831902318234846","error":""},"_links":{"self":[{"href":"https:\/\/www.europesays.com\/fi\/wp-json\/wp\/v2\/posts\/132518","targetHints":{"allow":["GET"]}}],"collection":[{"href":"https:\/\/www.europesays.com\/fi\/wp-json\/wp\/v2\/posts"}],"about":[{"href":"https:\/\/www.europesays.com\/fi\/wp-json\/wp\/v2\/types\/post"}],"author":[{"embeddable":true,"href":"https:\/\/www.europesays.com\/fi\/wp-json\/wp\/v2\/users\/2"}],"replies":[{"embeddable":true,"href":"https:\/\/www.europesays.com\/fi\/wp-json\/wp\/v2\/comments?post=132518"}],"version-history":[{"count":0,"href":"https:\/\/www.europesays.com\/fi\/wp-json\/wp\/v2\/posts\/132518\/revisions"}],"wp:featuredmedia":[{"embeddable":true,"href":"https:\/\/www.europesays.com\/fi\/wp-json\/wp\/v2\/media\/132519"}],"wp:attachment":[{"href":"https:\/\/www.europesays.com\/fi\/wp-json\/wp\/v2\/media?parent=132518"}],"wp:term":[{"taxonomy":"category","embeddable":true,"href":"https:\/\/www.europesays.com\/fi\/wp-json\/wp\/v2\/categories?post=132518"},{"taxonomy":"post_tag","embeddable":true,"href":"https:\/\/www.europesays.com\/fi\/wp-json\/wp\/v2\/tags?post=132518"}],"curies":[{"name":"wp","href":"https:\/\/api.w.org\/{rel}","templated":true}]}}